{"id":164608,"date":"2026-08-31T07:32:30","date_gmt":"2026-08-31T10:32:30","guid":{"rendered":"https:\/\/grandepremio.com\/br\/?p=164608"},"modified":"2026-08-31T17:45:08","modified_gmt":"2026-08-31T20:45:08","slug":"red-bull-define-prazo-decidir-sobre-retorno-isack-hadjar-apos-lesao-punho","status":"publish","type":"post","link":"https:\/\/grandepremio.com\/br\/f1\/red-bull-define-prazo-decidir-sobre-retorno-isack-hadjar-apos-lesao-punho\/","title":{"rendered":"Red Bull define prazo para decidir sobre retorno de Hadjar ap\u00f3s les\u00e3o no punho"},"content":{"rendered":"\n<p class=\"wp-block-paragraph\"><strong>A Red Bull vai decidir na pr\u00f3xima quarta-feira (2) se Isack Hadjar poder\u00e1 retornar \u00e0s pistas no GP da It\u00e1lia<\/strong>, que acontece neste final de semana. O franc\u00eas ficou de fora da \u00faltima etapa, realizada nos Pa\u00edses Baixos, depois de lesionar o punho esquerdo em um treino de boxe.<\/p>\n\n\n\n<p class=\"wp-block-paragraph\">A informa\u00e7\u00e3o \u00e9 do portal ingl\u00eas <em>PlanetF1 <\/em>desta segunda-feira (31). Caso seja novamente constatada a impossibilidade de Hadjar voltar a correr, <strong>a Red Bull vai manter a mesma escala\u00e7\u00e3o de Zandvoort, com Liam Lawson<\/strong>, ent\u00e3o piloto da Racing Bulls, ocupando a vaga de Isack ao lado de Max Verstappen.<\/p>\n\n\n\n<figure class=\"wp-block-embed is-type-video is-provider-youtube wp-block-embed-youtube wp-embed-aspect-16-9 wp-has-aspect-ratio\"><div class=\"wp-block-embed__wrapper\">\n<iframe loading=\"lazy\" title=\"ALPINE RENOVA COM COLAPINTO + SEMANA DECISIVA DE C\u00c2MARA | WGP\" width=\"500\" height=\"281\" src=\"https:\/\/www.youtube.com\/embed\/pOHasUibuKM?feature=oembed\" frameborder=\"0\" allow=\"accelerometer; autoplay; clipboard-write; encrypted-media; gyroscope; picture-in-picture; web-share\" referrerpolicy=\"strict-origin-when-cross-origin\" allowfullscreen><\/iframe>\n<\/div><\/figure>\n\n\n\n<p class=\"wp-block-paragraph\"><strong>Yuki Tsunoda, por sua vez, permanecer\u00e1 no time de Faenza <\/strong>formando dupla com Arvid Lindblad. Reserva da Red Bull, Yuki foi bem nos Pa\u00edses Baixos, ficando a uma posi\u00e7\u00e3o da zona de pontos, e ainda terminou a corrida \u00e0 frente do titular Lindblad.<\/p>\n\n\n\n<p class=\"wp-block-paragraph\">Lawson, por sua vez, levou os taurinos ao s\u00e9timo lugar, garantindo pontos importantes depois do abandono precoce de Verstappen ainda na volta 1.<\/p>\n\n\n\n<p class=\"wp-block-paragraph\">Hadjar chegou a cogitar correr em Zandvoort, <a href=\"https:\/\/grandepremio.com\/br\/motogp\/marc-marquez-revela-conselho-isack-hadjar-lesao-perder-corrida-nao-muda-vida\/\">por\u00e9m desistiu ap\u00f3s buscar conselhos do multicampe\u00e3o da MotoGP, Marc M\u00e1rquez<\/a>. O espanhol sofreu queda violenta no GP da Espanha de 2020 e fraturou o bra\u00e7o direito, s\u00f3 que acumulou um hist\u00f3rico de les\u00f5es e cirurgias por ter voltado \u00e0s competi\u00e7\u00f5es antes do tempo certo de recupera\u00e7\u00e3o. Entre outras coisas, disse a Hadjar que &#8220;perder uma corrida n\u00e3o muda a sua vida&#8221;.<\/p>\n\n\n\n<p class=\"wp-block-paragraph\">A F\u00f3rmula 1 volta neste fim de semana, de 4 a 6 de setembro, em Monza. O\u00a0<strong>GRANDE PR\u00caMIO<\/strong>\u00a0acompanha todas as atividades do\u00a0<strong>GP da It\u00e1lia<\/strong>, 13\u00aa etapa da temporada 2026,\u00a0<a href=\"https:\/\/www.grandepremio.com\/br\/ao-vivo\/f1\/\"><strong>AO VIVO E EM\u00a0<\/strong><\/a><strong><a href=\"https:\/\/www.grandepremio.com\/br\/ao-vivo\/\" target=\"_blank\" rel=\"noopener\">TEMPO REAL<\/a><\/strong>,\u00a0<a href=\"https:\/\/www.youtube.com\/@GrandePremio1\/streams\">al\u00e9m de classifica\u00e7\u00e3o e corrida em\u00a0<strong>SEGUNDA TELA\u00a0<\/strong>no YouTube<\/a>, em parceria com a\u00a0<strong>Voz do Esporte<\/strong>. O\u00a0<strong>Briefing\u00a0<\/strong>chega para analisar ap\u00f3s o fim de cada dia de atividades nas redes sociais e na\u00a0<strong>GPTV<\/strong>.<\/p>\n\n\n\n<h2 class=\"wp-block-heading\">GP da It\u00e1lia de F1: veja os hor\u00e1rios em Brasil, Cabo Verde,&nbsp;<a href=\"https:\/\/grandepremio.pt\/\" target=\"_blank\" rel=\"noopener\"><strong>Portugal<\/strong><\/a>, Angola e Mo\u00e7ambique:<\/h2>\n\n\n\n<h3 class=\"wp-block-heading\">Hor\u00e1rios no Brasil*<\/h3>\n\n\n\n<ul id=\"block-04b1bda2-db77-49b7-8a15-ab1e981bbd0f\" class=\"wp-block-list\">\n<li><strong>Treino livre 1: 07:30<\/strong><\/li>\n\n\n\n<li><strong>Treino livre 2: 11:00<\/strong><\/li>\n\n\n\n<li><strong>Treino livre 3: 07:30<\/strong><\/li>\n\n\n\n<li><strong>Classifica\u00e7\u00e3o: 11:00<\/strong><\/li>\n\n\n\n<li><strong>Corrida: 10:00<\/strong><\/li>\n<\/ul>\n\n\n\n<h3 class=\"wp-block-heading\">Hor\u00e1rios em Portugal e Angola<\/h3>\n\n\n\n<ul id=\"block-e78d748e-6549-4a54-9e51-69367685663a\" class=\"wp-block-list\">\n<li><strong>Treino livre 1: 11:30<\/strong><\/li>\n\n\n\n<li><strong>Treino livre 2: 15:00<\/strong><\/li>\n\n\n\n<li><strong>Treino livre 3: 11:30<\/strong><\/li>\n\n\n\n<li><strong>Classifica\u00e7\u00e3o: 15:00<\/strong><\/li>\n\n\n\n<li><strong>Corrida: 14:00<\/strong><\/li>\n<\/ul>\n\n\n\n<h3 class=\"wp-block-heading\">Hor\u00e1rios em Cabo Verde<\/h3>\n\n\n\n<ul id=\"block-7b9d835a-23af-4411-943e-453b4766e578\" class=\"wp-block-list\">\n<li><strong>Treino livre 1: 09:30<\/strong><\/li>\n\n\n\n<li><strong>Treino livre 2: 13:00<\/strong><\/li>\n\n\n\n<li><strong>Treino livre 3: 09:30<\/strong><\/li>\n\n\n\n<li><strong>Classifica\u00e7\u00e3o: 13:00<\/strong><\/li>\n\n\n\n<li><strong>Corrida: 12:00<\/strong><\/li>\n<\/ul>\n\n\n\n<h3 class=\"wp-block-heading\"><strong>Hor\u00e1rios em Mo\u00e7ambique<\/strong><\/h3>\n\n\n\n<ul id=\"block-bbaadcb9-d1e6-402a-b585-42debf37b024\" class=\"wp-block-list\">\n<li><strong>Treino livre 1: 12:30<\/strong><\/li>\n\n\n\n<li><strong>Treino livre 2: 16:00<\/strong><\/li>\n\n\n\n<li><strong>Treino livre 3: 12:30<\/strong><\/li>\n\n\n\n<li><strong>Classifica\u00e7\u00e3o: 16:00<\/strong><\/li>\n\n\n\n<li><strong>Corrida: 15:00<\/strong><\/li>\n<\/ul>\n\n\n\n<p class=\"wp-block-paragraph\"><em>*Hor\u00e1rios de Bras\u00edlia<\/em><\/p>\n","protected":false},"excerpt":{"rendered":"<p>Isack Hadjar lesionou o punho esquerdo em treino de boxe e foi substitu\u00eddo por Liam Lawson no GP dos Pa\u00edses Baixos<\/p>\n","protected":false},"author":4,"featured_media":1020310896,"comment_status":"closed","ping_status":"closed","sticky":false,"template":"","format":"standard","meta":{"42wp_featured_image_caption":"Isach Hadjar lesionou o punho em treino e boxe","42wp_featured_image_credits":"Gabriel L\u00f3pez\/Grande Pr\u00eamio","42wp_featured_video":"","42wp_featured_image_hidden":false,"42wp_authors_list":[{"id":47147,"location":"de Duque de Caxias"}],"footnotes":""},"categories":[2],"tags":[24898,28104,204],"42wp_author":[47147],"class_list":["post-164608","post","type-post","status-publish","format-standard","has-post-thumbnail","hentry","category-f1","tag-gp-da-italia","tag-isack-hadjar","tag-red-bull","42wp_author-luana-marino"],"_links":{"self":[{"href":"https:\/\/grandepremio.com\/br\/wp-json\/wp\/v2\/posts\/164608","targetHints":{"allow":["GET"]}}],"collection":[{"href":"https:\/\/grandepremio.com\/br\/wp-json\/wp\/v2\/posts"}],"about":[{"href":"https:\/\/grandepremio.com\/br\/wp-json\/wp\/v2\/types\/post"}],"author":[{"embeddable":true,"href":"https:\/\/grandepremio.com\/br\/wp-json\/wp\/v2\/users\/4"}],"replies":[{"embeddable":true,"href":"https:\/\/grandepremio.com\/br\/wp-json\/wp\/v2\/comments?post=164608"}],"version-history":[{"count":2,"href":"https:\/\/grandepremio.com\/br\/wp-json\/wp\/v2\/posts\/164608\/revisions"}],"predecessor-version":[{"id":164806,"href":"https:\/\/grandepremio.com\/br\/wp-json\/wp\/v2\/posts\/164608\/revisions\/164806"}],"wp:featuredmedia":[{"embeddable":true,"href":"https:\/\/grandepremio.com\/br\/wp-json\/wp\/v2\/media\/1020310896"}],"wp:attachment":[{"href":"https:\/\/grandepremio.com\/br\/wp-json\/wp\/v2\/media?parent=164608"}],"wp:term":[{"taxonomy":"category","embeddable":true,"href":"https:\/\/grandepremio.com\/br\/wp-json\/wp\/v2\/categories?post=164608"},{"taxonomy":"post_tag","embeddable":true,"href":"https:\/\/grandepremio.com\/br\/wp-json\/wp\/v2\/tags?post=164608"},{"taxonomy":"42wp_author","embeddable":true,"href":"https:\/\/grandepremio.com\/br\/wp-json\/wp\/v2\/42wp_author?post=164608"}],"curies":[{"name":"wp","href":"https:\/\/api.w.org\/{rel}","templated":true}]}}