{"id":164609,"date":"2026-08-31T07:49:58","date_gmt":"2026-08-31T10:49:58","guid":{"rendered":"https:\/\/grandepremio.com\/br\/?p=164609"},"modified":"2026-08-31T07:49:59","modified_gmt":"2026-08-31T10:49:59","slug":"fabio-quartararo-cumpre-previsao-fim-de-semana-dificil-aragao-nada-positivo","status":"publish","type":"post","link":"https:\/\/grandepremio.com\/br\/motogp\/fabio-quartararo-cumpre-previsao-fim-de-semana-dificil-aragao-nada-positivo\/","title":{"rendered":"Quartararo cumpre previs\u00e3o de fim de semana dif\u00edcil em Arag\u00e3o: \u201cNada de positivo\u201d"},"content":{"rendered":"\n<p class=\"wp-block-paragraph\"><strong>Fabio Quartararo avaliou que o fim de semana do GP de Arag\u00e3o n\u00e3o teve \u201cnada de positivo\u201d.<\/strong> O franc\u00eas, contudo, n\u00e3o se mostrou surpreso, j\u00e1 que esperava ter dificuldades no MotorLand.<\/p>\n\n\n\n<p class=\"wp-block-paragraph\">O #20 garantiu apenas o 17\u00ba no grid, mas abandonou a sprint e foi 18\u00ba no GP, recebendo a bandeirada 51s657 depois de Marc M\u00e1rquez, o vencedor. Restando nove etapas para o fim da temporada, \u2018El Diablo\u2019 soma 55 pontos e ocupa a 15\u00aa coloca\u00e7\u00e3o no Mundial de Pilotos.<\/p>\n\n\n\n<figure class=\"wp-block-embed is-type-video is-provider-youtube wp-block-embed-youtube wp-embed-aspect-16-9 wp-has-aspect-ratio\"><div class=\"wp-block-embed__wrapper\">\n<iframe loading=\"lazy\" title=\"MOTOGP CHEGA A ARAG\u00c3O COM APRILIA PRONTA PARA DESTRONAR MARC M\u00c1RQUEZ | Motoca GP\" width=\"500\" height=\"281\" src=\"https:\/\/www.youtube.com\/embed\/CSKIY6iS5Qc?feature=oembed\" frameborder=\"0\" allow=\"accelerometer; autoplay; clipboard-write; encrypted-media; gyroscope; picture-in-picture; web-share\" referrerpolicy=\"strict-origin-when-cross-origin\" allowfullscreen><\/iframe>\n<\/div><\/figure>\n\n\n\n<p class=\"wp-block-paragraph\">\u201cA largada n\u00e3o foi a melhor, mas tampouco foi a pior\u201d, disse Quartararo. \u201cEu ultrapassei [Luca] Marini, que tinha me alcan\u00e7ado na primeira volta, a\u00ed acho que [Brad] Binder e [Enea] Bastianini. Mas, na reta, Marini e Binder me ultrapassaram. Eu estava no v\u00e1cuo deles, o ponto de freada chegou mais cedo do que eu esperava, minha traseira bloqueou e eu escapei da pista\u201d, relatou.<\/p>\n\n\n\n<p class=\"wp-block-paragraph\">\u201cDepois, atr\u00e1s de Toprak, a dianteira bloqueou na curva sete, e eu escapei da pista mais uma vez, perdendo mais segundos. No fim, tudo bloqueou, e eu acabei na brita. Fiz uma volta que foi 15s mais lenta\u201d, recordou.<\/p>\n\n\n\n<figure class=\"wp-block-image size-large\"><img loading=\"lazy\" decoding=\"async\" width=\"1024\" height=\"682\" src=\"https:\/\/grandepremio.com\/br\/wp-content\/uploads\/2026\/08\/YFR_300826_2026-13-GP-Aragon-48679-1024x682.jpg\" alt=\"MotoGP 2026 Arag\u00e3o MotorLand Domingo Yamaha Fabio Quartararo\" class=\"wp-image-1020313450\" srcset=\"https:\/\/grandepremio.com\/wp-content\/uploads\/2026\/08\/YFR_300826_2026-13-GP-Aragon-48679-1024x682.jpg 1024w, https:\/\/grandepremio.com\/wp-content\/uploads\/2026\/08\/YFR_300826_2026-13-GP-Aragon-48679-300x200.jpg 300w, https:\/\/grandepremio.com\/wp-content\/uploads\/2026\/08\/YFR_300826_2026-13-GP-Aragon-48679-768x512.jpg 768w, https:\/\/grandepremio.com\/wp-content\/uploads\/2026\/08\/YFR_300826_2026-13-GP-Aragon-48679-1536x1023.jpg 1536w, https:\/\/grandepremio.com\/wp-content\/uploads\/2026\/08\/YFR_300826_2026-13-GP-Aragon-48679-150x100.jpg 150w, https:\/\/grandepremio.com\/wp-content\/uploads\/2026\/08\/YFR_300826_2026-13-GP-Aragon-48679.jpg 1600w\" sizes=\"(max-width: 1024px) 100vw, 1024px\" \/><figcaption class=\"wp-element-caption\">Fabio Quartararo saiu insatisfeito de mais uma corrida com a Yamaha (Foto: Yamaha)<\/figcaption><\/figure>\n\n\n\n<p class=\"wp-block-paragraph\">O franc\u00eas indicou, por\u00e9m, que as condi\u00e7\u00f5es de pista n\u00e3o foram o problema.<\/p>\n\n\n\n<p class=\"wp-block-paragraph\">\u201cNos falta grip em tudo que \u00e9 lugar. Mas, para mim, as condi\u00e7\u00f5es de pista n\u00e3o eram assim t\u00e3o ruins\u201d, considerou.<\/p>\n\n\n\n<p class=\"wp-block-paragraph\">Por fim, Quartararo n\u00e3o escondeu a decep\u00e7\u00e3o com o fim de semana, mas tampouco se mostrou surpreso com o desempenho.<\/p>\n\n\n\n<p class=\"wp-block-paragraph\">\u201cSabia que seria um fim de semana dif\u00edcil. N\u00e3o tem nada de positivo para levar daqui\u201d, disparou. \u201cVou tentar entender o que aconteceu, mas parei de testar centenas de coisas diferentes a cada fim de semana\u201d, encerrou.<\/p>\n\n\n\n<p class=\"wp-block-paragraph\">A&nbsp;<strong>MotoGP<\/strong>&nbsp;volta a acelerar entre os dias 11 a 13 de setembro para o&nbsp;<strong>GP de San Marino e da Riviera de Rimini<\/strong>, 14\u00aa etapa da temporada 2026. O&nbsp;<strong>GRANDE PR\u00caMIO<\/strong>&nbsp;acompanha toda a programa\u00e7\u00e3o do fim de semana, assim como as demais categorias do Mundial de Motovelocidade.<\/p>\n","protected":false},"excerpt":{"rendered":"<p>Fabio Quartararo explicou que parou de testar coisas diferentes ao longo do fim de semana, mas vai buscar explica\u00e7\u00e3o para a falta de performance no MotorLand<\/p>\n","protected":false},"author":10,"featured_media":1020313451,"comment_status":"closed","ping_status":"closed","sticky":false,"template":"","format":"standard","meta":{"42wp_featured_image_caption":"Fabio Quartararo \u00e9 apenas 15\u00ba na classifica\u00e7\u00e3o da MotoGP","42wp_featured_image_credits":"Yamaha","42wp_featured_video":"","42wp_featured_image_hidden":false,"42wp_authors_list":[{"id":47113,"location":"de S\u00e3o Paulo"}],"footnotes":""},"categories":[8],"tags":[26038,110,172],"42wp_author":[47113],"class_list":["post-164609","post","type-post","status-publish","format-standard","has-post-thumbnail","hentry","category-motogp","tag-aragao","tag-fabio-quartararo","tag-yamaha","42wp_author-juliana-tesser"],"_links":{"self":[{"href":"https:\/\/grandepremio.com\/br\/wp-json\/wp\/v2\/posts\/164609","targetHints":{"allow":["GET"]}}],"collection":[{"href":"https:\/\/grandepremio.com\/br\/wp-json\/wp\/v2\/posts"}],"about":[{"href":"https:\/\/grandepremio.com\/br\/wp-json\/wp\/v2\/types\/post"}],"author":[{"embeddable":true,"href":"https:\/\/grandepremio.com\/br\/wp-json\/wp\/v2\/users\/10"}],"replies":[{"embeddable":true,"href":"https:\/\/grandepremio.com\/br\/wp-json\/wp\/v2\/comments?post=164609"}],"version-history":[{"count":2,"href":"https:\/\/grandepremio.com\/br\/wp-json\/wp\/v2\/posts\/164609\/revisions"}],"predecessor-version":[{"id":164615,"href":"https:\/\/grandepremio.com\/br\/wp-json\/wp\/v2\/posts\/164609\/revisions\/164615"}],"wp:featuredmedia":[{"embeddable":true,"href":"https:\/\/grandepremio.com\/br\/wp-json\/wp\/v2\/media\/1020313451"}],"wp:attachment":[{"href":"https:\/\/grandepremio.com\/br\/wp-json\/wp\/v2\/media?parent=164609"}],"wp:term":[{"taxonomy":"category","embeddable":true,"href":"https:\/\/grandepremio.com\/br\/wp-json\/wp\/v2\/categories?post=164609"},{"taxonomy":"post_tag","embeddable":true,"href":"https:\/\/grandepremio.com\/br\/wp-json\/wp\/v2\/tags?post=164609"},{"taxonomy":"42wp_author","embeddable":true,"href":"https:\/\/grandepremio.com\/br\/wp-json\/wp\/v2\/42wp_author?post=164609"}],"curies":[{"name":"wp","href":"https:\/\/api.w.org\/{rel}","templated":true}]}}