{"id":164653,"date":"2026-08-31T11:20:40","date_gmt":"2026-08-31T14:20:40","guid":{"rendered":"https:\/\/grandepremio.com\/br\/?p=164653"},"modified":"2026-08-31T11:21:12","modified_gmt":"2026-08-31T14:21:12","slug":"vencera-quem-tiver-mais-cabeca-ducati-ve-consistencia-chave-titulo-motogp","status":"publish","type":"post","link":"https:\/\/grandepremio.com\/br\/motogp\/vencera-quem-tiver-mais-cabeca-ducati-ve-consistencia-chave-titulo-motogp\/","title":{"rendered":"&#8220;Vencer\u00e1 quem tiver mais cabe\u00e7a&#8221;: Ducati v\u00ea consist\u00eancia como chave para t\u00edtulo da MotoGP"},"content":{"rendered":"\n<p class=\"wp-block-paragraph\">Diretor-geral da Ducati Corse, a divis\u00e3o de corridas da marca italiana, <strong>Gigi Dall\u2019Igna disse que o campe\u00e3o da MotoGP 2026 ser\u00e1 o piloto que &#8220;tiver mais cabe\u00e7a&#8221; at\u00e9 o fim do campeonato.<\/strong> Ap\u00f3s o GP de Arag\u00e3o varrido por Marc M\u00e1rquez, Jorge Mart\u00edn, Marco Bezzecchi e o catal\u00e3o <strong>aparecem separados por apenas 24 pontos.<\/strong><\/p>\n\n\n\n<p class=\"wp-block-paragraph\">Para o diretor-geral da Ducati, <strong>a capacidade de administrar a press\u00e3o e evitar erros ser\u00e1 determinante nas nove etapas restantes<\/strong> \u2014 <strong>ou oito, caso o GP do Catar seja cancelado sem substitui\u00e7\u00e3o.<\/strong><\/p>\n\n\n\n<figure class=\"wp-block-video\"><video class=\"video-js vjs-big-play-centered\" data-gp-vjs=\"1\" controls src=\"https:\/\/grandepremio-portal.b-cdn.net\/2026\/08\/largada-motogp-aragao.mp4\"><\/video><figcaption class=\"wp-element-caption\">Bezzecchi leva melhor no duelo com Marc M\u00e1rquez na largada (V\u00eddeo: MotoGP)<\/figcaption><\/figure>\n\n\n\n<p class=\"wp-block-paragraph\">&#8220;Este Mundial ser\u00e1 vencido por quem tiver mais cabe\u00e7a daqui at\u00e9 o fim do campeonato\u201d, afirmou o dirigente \u00e0 emissora italiana<em> Sky<\/em>\u00a0ap\u00f3s a vit\u00f3ria de Marc M\u00e1rquez no MotorLand.<\/p>\n\n\n\n<p class=\"wp-block-paragraph\">&#8220;Ser\u00e1 importante somar pontos e n\u00e3o cometer erros, porque a hist\u00f3ria dos \u00faltimos anos mostra que n\u00e3o \u00e9 importante vencer 11 corridas. Pode ser suficiente ganhar algumas, mas \u00e9 preciso ser mais consistente e constante e, sobretudo, n\u00e3o zerar nas etapas&#8221;, completou.<\/p>\n\n\n\n<figure class=\"wp-block-image size-large\"><img loading=\"lazy\" decoding=\"async\" width=\"1200\" height=\"800\" src=\"https:\/\/grandepremio.com\/br\/wp-content\/uploads\/2026\/06\/Gigi_DallIgna-1200x800.jpg\" alt=\"\" class=\"wp-image-1001096888\" srcset=\"https:\/\/grandepremio.com\/wp-content\/uploads\/2026\/06\/Gigi_DallIgna-1200x800.jpg 1200w, https:\/\/grandepremio.com\/wp-content\/uploads\/2026\/06\/Gigi_DallIgna-300x200.jpg 300w, https:\/\/grandepremio.com\/wp-content\/uploads\/2026\/06\/Gigi_DallIgna-768x512.jpg 768w, https:\/\/grandepremio.com\/wp-content\/uploads\/2026\/06\/Gigi_DallIgna-1536x1023.jpg 1536w, https:\/\/grandepremio.com\/wp-content\/uploads\/2026\/06\/Gigi_DallIgna-150x100.jpg 150w, https:\/\/grandepremio.com\/wp-content\/uploads\/2026\/06\/Gigi_DallIgna.jpg 1600w\" sizes=\"(max-width: 1200px) 100vw, 1200px\" \/><figcaption class=\"wp-element-caption\">Gigi Dall&#8217;Igna (Foto: Ducati)<\/figcaption><\/figure>\n\n\n\n<p class=\"wp-block-paragraph\">A consist\u00eancia de Mart\u00edn ajuda a explicar a avalia\u00e7\u00e3o do dirigente da Ducati. O piloto da Aprilia somou pontos em praticamente todas as etapas e s\u00f3 ficou zerado em uma ocasi\u00e3o, na Catalunha.<\/p>\n\n\n\n<p class=\"wp-block-paragraph\">Bezzecchi, por outro lado, viveu uma sequ\u00eancia negativa desde a Hungria e marcou apenas 13 pontos em quatro etapas, com dois abandonos. M\u00e1rquez tamb\u00e9m acumula dois fins de semana zerado, em Le Mans e Montmel\u00f3, embora tenha chegado a Arag\u00e3o em condi\u00e7\u00f5es f\u00edsicas longe das ideais por causa do ombro direito.<\/p>\n\n\n\n<p class=\"wp-block-paragraph\">O cen\u00e1rio tamb\u00e9m mostra uma disputa equilibrada entre Ducati e Aprilia. A marca de Noale soma sete vit\u00f3rias na temporada, contra seis da Ducati.<\/p>\n\n\n\n<p class=\"wp-block-paragraph\">A MotoGP volta a acelerar entre os dias 11 a 13 de setembro para o GP de San Marino e da Riviera de Rimini, 14\u00aa etapa da temporada 2026. O\u00a0<strong>GRANDE PR\u00caMIO<\/strong>\u00a0acompanha toda a programa\u00e7\u00e3o do fim de semana, assim como as demais categorias do Mundial de Motovelocidade.<\/p>\n","protected":false},"excerpt":{"rendered":"<p>Diretor-geral da Ducati Corsa, Gigi Dall\u2019Igna destacou import\u00e2ncia de evitar erros na reta final e classificou regularidade como fator decisivo na disputa entre Jorge Mart\u00edn, Marc M\u00e1rquez e Marco Bezzecchi pelo t\u00edtulo mundial<\/p>\n","protected":false},"author":18,"featured_media":1020313469,"comment_status":"closed","ping_status":"closed","sticky":false,"template":"","format":"standard","meta":{"42wp_featured_image_caption":"Marc M\u00e1rquez","42wp_featured_image_credits":"Ducati","42wp_featured_video":"","42wp_featured_image_hidden":false,"42wp_authors_list":[{"id":47161,"location":"de Ara\u00e7atuba"}],"footnotes":""},"categories":[8],"tags":[131,26434,25007,78],"42wp_author":[47161],"class_list":["post-164653","post","type-post","status-publish","format-standard","has-post-thumbnail","hentry","category-motogp","tag-ducati","tag-gp-de-aragao","tag-marc-marquez-3","tag-motogp","42wp_author-kaio-esteves"],"_links":{"self":[{"href":"https:\/\/grandepremio.com\/br\/wp-json\/wp\/v2\/posts\/164653","targetHints":{"allow":["GET"]}}],"collection":[{"href":"https:\/\/grandepremio.com\/br\/wp-json\/wp\/v2\/posts"}],"about":[{"href":"https:\/\/grandepremio.com\/br\/wp-json\/wp\/v2\/types\/post"}],"author":[{"embeddable":true,"href":"https:\/\/grandepremio.com\/br\/wp-json\/wp\/v2\/users\/18"}],"replies":[{"embeddable":true,"href":"https:\/\/grandepremio.com\/br\/wp-json\/wp\/v2\/comments?post=164653"}],"version-history":[{"count":1,"href":"https:\/\/grandepremio.com\/br\/wp-json\/wp\/v2\/posts\/164653\/revisions"}],"predecessor-version":[{"id":164674,"href":"https:\/\/grandepremio.com\/br\/wp-json\/wp\/v2\/posts\/164653\/revisions\/164674"}],"wp:featuredmedia":[{"embeddable":true,"href":"https:\/\/grandepremio.com\/br\/wp-json\/wp\/v2\/media\/1020313469"}],"wp:attachment":[{"href":"https:\/\/grandepremio.com\/br\/wp-json\/wp\/v2\/media?parent=164653"}],"wp:term":[{"taxonomy":"category","embeddable":true,"href":"https:\/\/grandepremio.com\/br\/wp-json\/wp\/v2\/categories?post=164653"},{"taxonomy":"post_tag","embeddable":true,"href":"https:\/\/grandepremio.com\/br\/wp-json\/wp\/v2\/tags?post=164653"},{"taxonomy":"42wp_author","embeddable":true,"href":"https:\/\/grandepremio.com\/br\/wp-json\/wp\/v2\/42wp_author?post=164653"}],"curies":[{"name":"wp","href":"https:\/\/api.w.org\/{rel}","templated":true}]}}