{"id":164688,"date":"2026-08-31T12:50:01","date_gmt":"2026-08-31T15:50:01","guid":{"rendered":"https:\/\/grandepremio.com\/br\/?p=164688"},"modified":"2026-08-31T12:50:02","modified_gmt":"2026-08-31T15:50:02","slug":"toprak-razgatlioglu-lamenta-queda-celebra-evolucao-aragao-finalmente-conseguimos-brigar","status":"publish","type":"post","link":"https:\/\/grandepremio.com\/br\/motogp\/toprak-razgatlioglu-lamenta-queda-celebra-evolucao-aragao-finalmente-conseguimos-brigar\/","title":{"rendered":"Razgatl\u0131o\u011flu lamenta queda, mas celebra evolu\u00e7\u00e3o em Arag\u00e3o: &#8220;Finalmente conseguimos brigar&#8221;"},"content":{"rendered":"\n<p class=\"wp-block-paragraph\"><strong>Toprak Razgatl\u0131o\u011flu deixou o GP de Arag\u00e3o da MotoGP sem pontuar, mas encontrou motivos para comemorar o desempenho apresentado no MotorLand.<\/strong> Apesar da queda nas voltas finais, o piloto da Pramac disse que finalmente conseguiu disputar posi\u00e7\u00f5es com pilotos de outras marcas depois de passar v\u00e1rias etapas &#8220;pilotando sozinho.&#8221;<\/p>\n\n\n\n<p class=\"wp-block-paragraph\">O campe\u00e3o vigente do WSBK (Mundial de Superbike) largou em 21\u00ba e avan\u00e7ou rapidamente at\u00e9 a 15\u00aa posi\u00e7\u00e3o. Na 16\u00aa das 23 voltas, ainda ultrapassou Luca Marini, mas come\u00e7ou a enfrentar dificuldades com o desgaste do pneu dianteiro e acabou caindo na curva 12.<\/p>\n\n\n\n<figure class=\"wp-block-video\"><video class=\"video-js vjs-big-play-centered\" data-gp-vjs=\"1\" controls src=\"https:\/\/grandepremio-portal.b-cdn.net\/2026\/08\/largada-motogp-aragao.mp4\"><\/video><figcaption class=\"wp-element-caption\">Bezzecchi leva melhor no duelo com Marc M\u00e1rquez na largada (V\u00eddeo: MotoGP)<\/figcaption><\/figure>\n\n\n\n<p class=\"wp-block-paragraph\">Apesar da queda, o turco viu a etapa com bons olhos. &#8220;Para mim, foi um fim de semana positivo, especialmente porque, na corrida de domingo, mesmo sem termos uma largada fant\u00e1stica, conseguimos alcan\u00e7ar os pilotos \u00e0 frente&#8221;, come\u00e7ou.<\/p>\n\n\n\n<p class=\"wp-block-paragraph\">&#8220;Depois de algumas voltas, encontrei o ritmo e estava me sentindo muito bem na moto. Infelizmente, no fim, o pneu dianteiro come\u00e7ou a perder rendimento, e ficou dif\u00edcil manter o mesmo ritmo. Eu estava saindo da pista em quase todas as curvas porque a moto estava travando a dianteira e n\u00e3o conseguia frear corretamente. Tentei continuar pressionando no mesmo ritmo, mas era imposs\u00edvel e, finalmente, ca\u00ed&#8221;, explicou.<\/p>\n\n\n\n<figure class=\"wp-block-image size-large\"><img loading=\"lazy\" decoding=\"async\" width=\"1024\" height=\"683\" src=\"https:\/\/grandepremio.com\/br\/wp-content\/uploads\/2026\/08\/SI202608280233-1024x683.jpg\" alt=\"\" class=\"wp-image-1020313072\" srcset=\"https:\/\/grandepremio.com\/wp-content\/uploads\/2026\/08\/SI202608280233-1024x683.jpg 1024w, https:\/\/grandepremio.com\/wp-content\/uploads\/2026\/08\/SI202608280233-300x200.jpg 300w, https:\/\/grandepremio.com\/wp-content\/uploads\/2026\/08\/SI202608280233-768x512.jpg 768w, https:\/\/grandepremio.com\/wp-content\/uploads\/2026\/08\/SI202608280233-1536x1024.jpg 1536w, https:\/\/grandepremio.com\/wp-content\/uploads\/2026\/08\/SI202608280233-2048x1365.jpg 2048w, https:\/\/grandepremio.com\/wp-content\/uploads\/2026\/08\/SI202608280233-150x100.jpg 150w\" sizes=\"(max-width: 1024px) 100vw, 1024px\" \/><figcaption class=\"wp-element-caption\">Toprak Razgatl\u0131o\u011flu (Foto: Gold &amp; Goose\/Red Bull Content Pool)<\/figcaption><\/figure>\n\n\n\n<p class=\"wp-block-paragraph\">Razgatl\u0131o\u011flu disse que poderia ter terminado entre os dez primeiros caso tivesse conseguido preservar a ader\u00eancia na dianteira, avariada ap\u00f3s a queda. O piloto registrou a d\u00e9cima volta mais r\u00e1pida da corrida e foi o mais veloz entre os quatro pilotos da Yamaha.<\/p>\n\n\n\n<p class=\"wp-block-paragraph\">&#8220;Sem perder a ader\u00eancia dianteira, acho que poderia ter terminado por volta de 12\u00ba ou 11\u00ba, talvez at\u00e9 em d\u00e9cimo lugar&#8221;, avaliou. Mas aprendemos algo novamente neste fim de semana. Finalmente conseguimos lutar com pilotos de diferentes fabricantes, enquanto antes est\u00e1vamos pilotando sozinhos. Este \u00e9 um passo realmente positivo para mim.&#8221;<\/p>\n\n\n\n<p class=\"wp-block-paragraph\">&#8220;Claro que estou decepcionado com a maneira como a corrida terminou porque normalmente n\u00e3o cometo esse tipo de erro, mas vamos ficar com os pontos positivos e esperar pela pr\u00f3xima corrida&#8221;, concluiu o #07.<\/p>\n\n\n\n<p class=\"wp-block-paragraph\">A MotoGP volta a acelerar entre os dias 11 a 13 de setembro para o GP de San Marino e da Riviera de Rimini, 14\u00aa etapa da temporada 2026. O\u00a0<strong>GRANDE PR\u00caMIO<\/strong>\u00a0acompanha toda a programa\u00e7\u00e3o do fim de semana, assim como as demais categorias do Mundial de Motovelocidade.<\/p>\n","protected":false},"excerpt":{"rendered":"<p>Toprak Razgatl\u0131o\u011flu terminou o GP de Arag\u00e3o sem pontuar ap\u00f3s queda nas voltas finais, mas destacou o avan\u00e7o da Yamaha e a possibilidade de disputar posi\u00e7\u00f5es com pilotos de outras marcas<\/p>\n","protected":false},"author":18,"featured_media":1020313490,"comment_status":"closed","ping_status":"closed","sticky":false,"template":"","format":"standard","meta":{"42wp_featured_image_caption":"Toprak Razgatl\u0131o\u011flu","42wp_featured_image_credits":"Gold &amp; Goose\/Red Bull Content Pool","42wp_featured_video":"","42wp_featured_image_hidden":false,"42wp_authors_list":[{"id":47161,"location":"de Ara\u00e7atuba"}],"footnotes":""},"categories":[8],"tags":[26434,78,172],"42wp_author":[47161],"class_list":["post-164688","post","type-post","status-publish","format-standard","has-post-thumbnail","hentry","category-motogp","tag-gp-de-aragao","tag-motogp","tag-yamaha","42wp_author-kaio-esteves"],"_links":{"self":[{"href":"https:\/\/grandepremio.com\/br\/wp-json\/wp\/v2\/posts\/164688","targetHints":{"allow":["GET"]}}],"collection":[{"href":"https:\/\/grandepremio.com\/br\/wp-json\/wp\/v2\/posts"}],"about":[{"href":"https:\/\/grandepremio.com\/br\/wp-json\/wp\/v2\/types\/post"}],"author":[{"embeddable":true,"href":"https:\/\/grandepremio.com\/br\/wp-json\/wp\/v2\/users\/18"}],"replies":[{"embeddable":true,"href":"https:\/\/grandepremio.com\/br\/wp-json\/wp\/v2\/comments?post=164688"}],"version-history":[{"count":1,"href":"https:\/\/grandepremio.com\/br\/wp-json\/wp\/v2\/posts\/164688\/revisions"}],"predecessor-version":[{"id":164691,"href":"https:\/\/grandepremio.com\/br\/wp-json\/wp\/v2\/posts\/164688\/revisions\/164691"}],"wp:featuredmedia":[{"embeddable":true,"href":"https:\/\/grandepremio.com\/br\/wp-json\/wp\/v2\/media\/1020313490"}],"wp:attachment":[{"href":"https:\/\/grandepremio.com\/br\/wp-json\/wp\/v2\/media?parent=164688"}],"wp:term":[{"taxonomy":"category","embeddable":true,"href":"https:\/\/grandepremio.com\/br\/wp-json\/wp\/v2\/categories?post=164688"},{"taxonomy":"post_tag","embeddable":true,"href":"https:\/\/grandepremio.com\/br\/wp-json\/wp\/v2\/tags?post=164688"},{"taxonomy":"42wp_author","embeddable":true,"href":"https:\/\/grandepremio.com\/br\/wp-json\/wp\/v2\/42wp_author?post=164688"}],"curies":[{"name":"wp","href":"https:\/\/api.w.org\/{rel}","templated":true}]}}