{"id":164698,"date":"2026-08-31T12:40:39","date_gmt":"2026-08-31T15:40:39","guid":{"rendered":"https:\/\/grandepremio.com\/br\/?p=164698"},"modified":"2026-08-31T17:43:11","modified_gmt":"2026-08-31T20:43:11","slug":"andrea-kimi-antonelli-mentalidade-diferente-gp-da-italia-estreia-conturbada-2025","status":"publish","type":"post","link":"https:\/\/grandepremio.com\/br\/f1\/andrea-kimi-antonelli-mentalidade-diferente-gp-da-italia-estreia-conturbada-2025\/","title":{"rendered":"Antonelli garante &#8220;mentalidade diferente&#8221; no GP da It\u00e1lia ap\u00f3s estreia conturbada em 2025"},"content":{"rendered":"\n<p class=\"wp-block-paragraph\">Ap\u00f3s uma primeira corrida de casa cheia de percal\u00e7os em 2025, Andrea Kimi Antonelli garantiu que chega ao GP da It\u00e1lia deste fim de semana <strong>com uma &#8220;mentalidade diferente&#8221; e pronto para aproveitar<\/strong>. A situa\u00e7\u00e3o no campeonato, por si s\u00f3, \u00e9 bem diferente: l\u00edder do Mundial, o italiano tem <strong>59 pontos de vantagem<\/strong> para George Russell e Lewis Hamilton.<\/p>\n\n\n\n<p class=\"wp-block-paragraph\">No ano passado, por\u00e9m, a realidade foi outra. Antonelli teve uma corrida cheia de problemas, foi <strong>punido em 5s<\/strong> por uma disputa envolvendo Alexander Albon, ultrapassou limites de pista e <strong>levou uma reprimenda<\/strong> da dire\u00e7\u00e3o de prova. No fim, <strong>chegou em nono e somou apenas dois pontos<\/strong>.<\/p>\n\n\n\n<figure class=\"wp-block-embed is-type-video is-provider-youtube wp-block-embed-youtube wp-embed-aspect-16-9 wp-has-aspect-ratio\"><div class=\"wp-block-embed__wrapper\">\n<iframe loading=\"lazy\" title=\"ALPINE RENOVA COM COLAPINTO + SEMANA DECISIVA DE C\u00c2MARA | WGP\" width=\"500\" height=\"281\" src=\"https:\/\/www.youtube.com\/embed\/pOHasUibuKM?feature=oembed\" frameborder=\"0\" allow=\"accelerometer; autoplay; clipboard-write; encrypted-media; gyroscope; picture-in-picture; web-share\" referrerpolicy=\"strict-origin-when-cross-origin\" allowfullscreen><\/iframe>\n<\/div><\/figure>\n\n\n\n<p class=\"wp-block-paragraph\">Um ano antes, quando ainda era reserva da Mercedes, Antonelli <strong>espatifou o carro de Russell<\/strong> no muro da Parabolica em participa\u00e7\u00e3o como novato no TL1. Dessa vez, por\u00e9m, o l\u00edder do campeonato confia em escrever uma nova hist\u00f3ria e aproveitar a atmosfera dos f\u00e3s, <a href=\"https:\/\/grandepremio.com\/br\/f1\/mercedes-defende-troca-motor-andrea-kimi-antonelli-italia-algoritmo-nao-conta-nacionalidade\/\" target=\"_blank\" rel=\"noopener\">mesmo com a puni\u00e7\u00e3o que deve receber<\/a> no grid de largada.<\/p>\n\n\n\n<p class=\"wp-block-paragraph\">&#8220;Estou muito animado, acho que ser\u00e1 uma grande atmosfera&#8221;, celebrou Antonelli em entrevista ao site oficial da F\u00f3rmula 1. &#8220;E ser\u00e1 bem diferente em compara\u00e7\u00e3o ao ano passado&#8221;, avisou o italiano.<\/p>\n\n\n\n<p class=\"wp-block-paragraph\">&#8220;Estou chegando com uma postura diferente, outra mentalidade&#8221;, garantiu. &#8220;E definitivamente sinto que vou poder aproveitar o fim de semana muito mais. Estou realmente ansioso para estar de volta&#8221;, completou.<\/p>\n\n\n\n<p class=\"wp-block-paragraph\">A F\u00f3rmula 1 volta neste fim de semana, de 4 a 6 de setembro, em Monza. O\u00a0<strong>GRANDE PR\u00caMIO<\/strong>\u00a0acompanha todas as atividades do\u00a0<strong>GP da It\u00e1lia<\/strong>, 13\u00aa etapa da temporada 2026,\u00a0<a href=\"https:\/\/www.grandepremio.com\/br\/ao-vivo\/f1\/\"><strong>AO VIVO E EM\u00a0<\/strong><\/a><strong><a href=\"https:\/\/www.grandepremio.com\/br\/ao-vivo\/\" target=\"_blank\" rel=\"noopener\">TEMPO REAL<\/a><\/strong>,\u00a0<a href=\"https:\/\/www.youtube.com\/@GrandePremio1\/streams\">al\u00e9m de classifica\u00e7\u00e3o e corrida em\u00a0<strong>SEGUNDA TELA\u00a0<\/strong>no YouTube<\/a>, em parceria com a\u00a0<strong>Voz do Esporte<\/strong>. O\u00a0<strong>Briefing\u00a0<\/strong>chega para analisar ap\u00f3s o fim de cada dia de atividades nas redes sociais e na\u00a0<strong>GPTV<\/strong>.<\/p>\n\n\n\n<figure class=\"wp-block-image size-large\"><img loading=\"lazy\" decoding=\"async\" width=\"1200\" height=\"800\" src=\"https:\/\/grandepremio.com\/br\/wp-content\/uploads\/2025\/09\/italia-2025-f1-corrida-mercedes-kimi-antonelli-04-1200x800.jpg\" alt=\"\" class=\"wp-image-1001010463\" srcset=\"https:\/\/grandepremio.com\/wp-content\/uploads\/2025\/09\/italia-2025-f1-corrida-mercedes-kimi-antonelli-04-1200x800.jpg 1200w, https:\/\/grandepremio.com\/wp-content\/uploads\/2025\/09\/italia-2025-f1-corrida-mercedes-kimi-antonelli-04-300x200.jpg 300w, https:\/\/grandepremio.com\/wp-content\/uploads\/2025\/09\/italia-2025-f1-corrida-mercedes-kimi-antonelli-04-768x512.jpg 768w, https:\/\/grandepremio.com\/wp-content\/uploads\/2025\/09\/italia-2025-f1-corrida-mercedes-kimi-antonelli-04-1536x1023.jpg 1536w, https:\/\/grandepremio.com\/wp-content\/uploads\/2025\/09\/italia-2025-f1-corrida-mercedes-kimi-antonelli-04-150x100.jpg 150w, https:\/\/grandepremio.com\/wp-content\/uploads\/2025\/09\/italia-2025-f1-corrida-mercedes-kimi-antonelli-04.jpg 1600w\" sizes=\"(max-width: 1200px) 100vw, 1200px\" \/><figcaption class=\"wp-element-caption\">Primeiro GP da It\u00e1lia de Antonelli trouxe apenas um nono lugar em 2025 (Foto: Mercedes)<\/figcaption><\/figure>\n\n\n\n<h2 class=\"wp-block-heading\">GP da It\u00e1lia de F1: veja os hor\u00e1rios em Brasil, Cabo Verde,&nbsp;<a href=\"https:\/\/grandepremio.pt\/\" target=\"_blank\" rel=\"noopener\"><strong>Portugal<\/strong><\/a>, Angola e Mo\u00e7ambique:<\/h2>\n\n\n\n<h3 class=\"wp-block-heading\">Hor\u00e1rios no Brasil*<\/h3>\n\n\n\n<ul id=\"block-04b1bda2-db77-49b7-8a15-ab1e981bbd0f\" class=\"wp-block-list\">\n<li><strong>Treino livre 1: 07:30<\/strong><\/li>\n\n\n\n<li><strong>Treino livre 2: 11:00<\/strong><\/li>\n\n\n\n<li><strong>Treino livre 3: 07:30<\/strong><\/li>\n\n\n\n<li><strong>Classifica\u00e7\u00e3o: 11:00<\/strong><\/li>\n\n\n\n<li><strong>Corrida: 10:00<\/strong><\/li>\n<\/ul>\n\n\n\n<h3 class=\"wp-block-heading\">Hor\u00e1rios em Portugal e Angola<\/h3>\n\n\n\n<ul id=\"block-e78d748e-6549-4a54-9e51-69367685663a\" class=\"wp-block-list\">\n<li><strong>Treino livre 1: 11:30<\/strong><\/li>\n\n\n\n<li><strong>Treino livre 2: 15:00<\/strong><\/li>\n\n\n\n<li><strong>Treino livre 3: 11:30<\/strong><\/li>\n\n\n\n<li><strong>Classifica\u00e7\u00e3o: 15:00<\/strong><\/li>\n\n\n\n<li><strong>Corrida: 14:00<\/strong><\/li>\n<\/ul>\n\n\n\n<h3 class=\"wp-block-heading\">Hor\u00e1rios em Cabo Verde<\/h3>\n\n\n\n<ul id=\"block-7b9d835a-23af-4411-943e-453b4766e578\" class=\"wp-block-list\">\n<li><strong>Treino livre 1: 09:30<\/strong><\/li>\n\n\n\n<li><strong>Treino livre 2: 13:00<\/strong><\/li>\n\n\n\n<li><strong>Treino livre 3: 09:30<\/strong><\/li>\n\n\n\n<li><strong>Classifica\u00e7\u00e3o: 13:00<\/strong><\/li>\n\n\n\n<li><strong>Corrida: 12:00<\/strong><\/li>\n<\/ul>\n\n\n\n<h3 class=\"wp-block-heading\"><strong>Hor\u00e1rios em Mo\u00e7ambique<\/strong><\/h3>\n\n\n\n<ul id=\"block-bbaadcb9-d1e6-402a-b585-42debf37b024\" class=\"wp-block-list\">\n<li><strong>Treino livre 1: 12:30<\/strong><\/li>\n\n\n\n<li><strong>Treino livre 2: 16:00<\/strong><\/li>\n\n\n\n<li><strong>Treino livre 3: 12:30<\/strong><\/li>\n\n\n\n<li><strong>Classifica\u00e7\u00e3o: 16:00<\/strong><\/li>\n\n\n\n<li><strong>Corrida: 15:00<\/strong><\/li>\n<\/ul>\n\n\n\n<p class=\"wp-block-paragraph\"><em>*Hor\u00e1rios de Bras\u00edlia<\/em><\/p>\n","protected":false},"excerpt":{"rendered":"<p>Andrea Kimi Antonelli n\u00e3o teve a estreia dos sonhos no GP da It\u00e1lia de 2025, mas o segundo ano na F\u00f3rmula 1, a lideran\u00e7a do campeonato e a atmosfera dos f\u00e3s geram expectativas bem mais positivas no piloto da casa<\/p>\n","protected":false},"author":13,"featured_media":1020312804,"comment_status":"closed","ping_status":"closed","sticky":false,"template":"","format":"standard","meta":{"42wp_featured_image_caption":"Kimi Antonelli projeta fim de semana mais divertido em Monza na temporada atual","42wp_featured_image_credits":"F1","42wp_featured_video":"","42wp_featured_image_hidden":false,"42wp_authors_list":[{"id":47142,"location":"do Rio de Janeiro"}],"footnotes":""},"categories":[2],"tags":[27861,24898,1737],"42wp_author":[47142],"class_list":["post-164698","post","type-post","status-publish","format-standard","has-post-thumbnail","hentry","category-f1","tag-andrea-kimi-antonelli","tag-gp-da-italia","tag-monza","42wp_author-jp-nascimento"],"_links":{"self":[{"href":"https:\/\/grandepremio.com\/br\/wp-json\/wp\/v2\/posts\/164698","targetHints":{"allow":["GET"]}}],"collection":[{"href":"https:\/\/grandepremio.com\/br\/wp-json\/wp\/v2\/posts"}],"about":[{"href":"https:\/\/grandepremio.com\/br\/wp-json\/wp\/v2\/types\/post"}],"author":[{"embeddable":true,"href":"https:\/\/grandepremio.com\/br\/wp-json\/wp\/v2\/users\/13"}],"replies":[{"embeddable":true,"href":"https:\/\/grandepremio.com\/br\/wp-json\/wp\/v2\/comments?post=164698"}],"version-history":[{"count":3,"href":"https:\/\/grandepremio.com\/br\/wp-json\/wp\/v2\/posts\/164698\/revisions"}],"predecessor-version":[{"id":164793,"href":"https:\/\/grandepremio.com\/br\/wp-json\/wp\/v2\/posts\/164698\/revisions\/164793"}],"wp:featuredmedia":[{"embeddable":true,"href":"https:\/\/grandepremio.com\/br\/wp-json\/wp\/v2\/media\/1020312804"}],"wp:attachment":[{"href":"https:\/\/grandepremio.com\/br\/wp-json\/wp\/v2\/media?parent=164698"}],"wp:term":[{"taxonomy":"category","embeddable":true,"href":"https:\/\/grandepremio.com\/br\/wp-json\/wp\/v2\/categories?post=164698"},{"taxonomy":"post_tag","embeddable":true,"href":"https:\/\/grandepremio.com\/br\/wp-json\/wp\/v2\/tags?post=164698"},{"taxonomy":"42wp_author","embeddable":true,"href":"https:\/\/grandepremio.com\/br\/wp-json\/wp\/v2\/42wp_author?post=164698"}],"curies":[{"name":"wp","href":"https:\/\/api.w.org\/{rel}","templated":true}]}}