{"id":164742,"date":"2026-08-31T15:52:56","date_gmt":"2026-08-31T18:52:56","guid":{"rendered":"https:\/\/grandepremio.com\/br\/?p=164742"},"modified":"2026-08-31T17:43:46","modified_gmt":"2026-08-31T20:43:46","slug":"carlos-sainz-inspira-fernando-alonso-lewis-hamilton-define-meta-correr-f1-ate-2040","status":"publish","type":"post","link":"https:\/\/grandepremio.com\/br\/f1\/carlos-sainz-inspira-fernando-alonso-lewis-hamilton-define-meta-correr-f1-ate-2040\/","title":{"rendered":"Sainz se inspira em Alonso e Hamilton e define meta de correr na F1 at\u00e9 2040"},"content":{"rendered":"\n<p class=\"wp-block-paragraph\"><strong>Carlos Sainz vive uma temporada conturbada com a Williams na F\u00f3rmula 1<\/strong>, mas ainda segue bastante motivado em pista. Recentemente, <strong>renovou o contrato com a equipe inglesa<\/strong> e manteve a vaga ao lado de Alexander Albon por pelo menos mais alguns anos. Al\u00e9m disso, garante que est\u00e1 feliz na categoria e que <strong>n\u00e3o pretende ir a lugar algum nas pr\u00f3ximas temporadas<\/strong>, nem mesmo quando j\u00e1 estiver com 45 anos de idade. <\/p>\n\n\n\n<p class=\"wp-block-paragraph\">Em entrevista \u00e0 revista inglesa <em>Autosport<\/em>, Sainz falou sobre o que enxerga para o decorrer da carreira e <strong>nem cogitou deixar a F\u00f3rmula 1 em um futuro pr\u00f3ximo<\/strong>. O espanhol, que est\u00e1 prestes a completar 32 anos de idade nesta ter\u00e7a-feira (1\u00ba), <strong>citou Lewis Hamilton, Fernando Alonso e o pr\u00f3prio pai, Carlos Sainz<\/strong>, como inspira\u00e7\u00f5es para sonhar com uma vaga no grid em 2040, quando completa 46 anos de vida. <\/p>\n\n\n\n<figure class=\"wp-block-embed is-type-video is-provider-youtube wp-block-embed-youtube wp-embed-aspect-16-9 wp-has-aspect-ratio\"><div class=\"wp-block-embed__wrapper\">\n<iframe loading=\"lazy\" title=\"ALPINE RENOVA COM COLAPINTO + SEMANA DECISIVA DE C\u00c2MARA | WGP\" width=\"500\" height=\"281\" src=\"https:\/\/www.youtube.com\/embed\/pOHasUibuKM?feature=oembed\" frameborder=\"0\" allow=\"accelerometer; autoplay; clipboard-write; encrypted-media; gyroscope; picture-in-picture; web-share\" referrerpolicy=\"strict-origin-when-cross-origin\" allowfullscreen><\/iframe>\n<\/div><\/figure>\n\n\n\n<p class=\"wp-block-paragraph\">Recentemente, <strong>Hamilton se tornou o piloto mais velho a vencer uma corrida da F1 desde 1994<\/strong>, enquanto Alonso fez hist\u00f3ria nos Pa\u00edses Baixos e <strong>virou a pessoa mais velha a pontuar em uma prova da categoria em 52 anos<\/strong>. Vendo o alto n\u00edvel apresentado por ambos os experientes pilotos, Sainz segue confiante de que consegue ter uma carreira longeva tamb\u00e9m. <\/p>\n\n\n\n<p class=\"wp-block-paragraph\">&#8220;Observando o que Fernando e Lewis ainda s\u00e3o capazes de fazer, assim como Nico H\u00fclkenberg, que \u00e9 alguns anos mais velho do que eu, isso me confirma que \u00e9 poss\u00edvel manter um n\u00edvel de pilotagem muito alto por bastante tempo. Tenho a sorte de estar em um esporte que permite que voc\u00ea permane\u00e7a nesse n\u00edvel por muitos anos. Tamb\u00e9m tenho um exemplo dentro da minha fam\u00edlia. Meu pai, Carlos, n\u00e3o est\u00e1 na F\u00f3rmula 1, mas aos 63 anos ainda \u00e9 competitivo e, h\u00e1 dois anos, venceu o Dakar&#8221;, lembrou Sainz. <\/p>\n\n\n\n<p class=\"wp-block-paragraph\">&#8220;Se cuidar da condi\u00e7\u00e3o f\u00edsica e mantiver uma forte motiva\u00e7\u00e3o, pode prolongar a carreira por muito tempo. \u00c9 preciso estar bem mentalmente, porque tamb\u00e9m \u00e9 necess\u00e1rio levar em conta todas as viagens, al\u00e9m dos compromissos de marketing e com a imprensa. Deixando esses aspectos de lado, acho que \u00e9 poss\u00edvel continuar at\u00e9 os 45 anos&#8221;, analisou. <\/p>\n\n\n\n<p class=\"wp-block-paragraph\">Sainz, no entanto, <strong>est\u00e1 apenas em 16\u00ba no Mundial de Pilotos, com 6 pontos somados<\/strong>. Mesmo em meio a um momento de baixa com a Williams, o <strong>espanhol ainda se diz motivado<\/strong> e n\u00e3o se v\u00ea longe dos holofotes da principal categoria de automobilismo do mundo. <\/p>\n\n\n\n<figure class=\"wp-block-image size-large\"><img loading=\"lazy\" decoding=\"async\" width=\"1024\" height=\"683\" src=\"https:\/\/grandepremio.com\/br\/wp-content\/uploads\/2026\/08\/CS6-1024x683.jpg\" alt=\"\" class=\"wp-image-1020312279\" srcset=\"https:\/\/grandepremio.com\/wp-content\/uploads\/2026\/08\/CS6-1024x683.jpg 1024w, https:\/\/grandepremio.com\/wp-content\/uploads\/2026\/08\/CS6-300x200.jpg 300w, https:\/\/grandepremio.com\/wp-content\/uploads\/2026\/08\/CS6-768x512.jpg 768w, https:\/\/grandepremio.com\/wp-content\/uploads\/2026\/08\/CS6-1536x1024.jpg 1536w, https:\/\/grandepremio.com\/wp-content\/uploads\/2026\/08\/CS6-2048x1365.jpg 2048w, https:\/\/grandepremio.com\/wp-content\/uploads\/2026\/08\/CS6-150x100.jpg 150w\" sizes=\"(max-width: 1024px) 100vw, 1024px\" \/><figcaption class=\"wp-element-caption\">Carlos Sainz nem cogita deixar a F1 em um futuro pr\u00f3ximo (Foto: Williams)<\/figcaption><\/figure>\n\n\n\n<p class=\"wp-block-paragraph\">\u201cPor enquanto, sim. Vou permanecer na F\u00f3rmula 1 pelo m\u00e1ximo de tempo que puder. N\u00e3o entendo as pessoas que dizem \u2018n\u00e3o\u2019. \u00c9 estranho, porque minha teoria \u00e9 que, aos 40 anos, voc\u00ea ainda n\u00e3o chegou nem \u00e0 metade da vida, e eu me pergunto o que vou fazer na segunda metade dela&#8221;, seguiu o espanhol da Williams. <\/p>\n\n\n\n<p class=\"wp-block-paragraph\">\u201cGosto de jogar golfe, andar de bicicleta, jogar padel e me desafiar com atividades empresariais, mas, mesmo se juntar tudo isso, nada me proporciona o mesmo prazer que estar onde estou hoje. Tenho consci\u00eancia de como sou privilegiado por fazer parte deste esporte. \u00c9 verdade que 24 corridas s\u00e3o muitas e que existem v\u00e1rios outros compromissos em torno delas, mas, quando vou para a cama \u00e0 noite, lembro a mim mesmo que n\u00e3o trocaria tudo isso por nada neste mundo\u201d, finalizou Sainz. <\/p>\n\n\n\n<p class=\"wp-block-paragraph\">A F\u00f3rmula 1 volta neste fim de semana, de 4 a 6 de setembro, em Monza. O\u00a0<strong>GRANDE PR\u00caMIO<\/strong>\u00a0acompanha todas as atividades do\u00a0<strong>GP da It\u00e1lia<\/strong>, 13\u00aa etapa da temporada 2026,\u00a0<a href=\"https:\/\/www.grandepremio.com\/br\/ao-vivo\/f1\/\"><strong>AO VIVO E EM\u00a0<\/strong><\/a><strong><a href=\"https:\/\/www.grandepremio.com\/br\/ao-vivo\/\" target=\"_blank\" rel=\"noopener\">TEMPO REAL<\/a><\/strong>,\u00a0<a href=\"https:\/\/www.youtube.com\/@GrandePremio1\/streams\">al\u00e9m de classifica\u00e7\u00e3o e corrida em\u00a0<strong>SEGUNDA TELA\u00a0<\/strong>no YouTube<\/a>, em parceria com a\u00a0<strong>Voz do Esporte<\/strong>. O\u00a0<strong>Briefing\u00a0<\/strong>chega para analisar ap\u00f3s o fim de cada dia de atividades nas redes sociais e na\u00a0<strong>GPTV<\/strong>.<\/p>\n\n\n\n<h2 class=\"wp-block-heading\">GP da It\u00e1lia de F1: veja os hor\u00e1rios em Brasil, Cabo Verde,&nbsp;<a href=\"https:\/\/grandepremio.pt\/\" target=\"_blank\" rel=\"noopener\"><strong>Portugal<\/strong><\/a>, Angola e Mo\u00e7ambique:<\/h2>\n\n\n\n<h3 class=\"wp-block-heading\">Hor\u00e1rios no Brasil*<\/h3>\n\n\n\n<ul id=\"block-04b1bda2-db77-49b7-8a15-ab1e981bbd0f\" class=\"wp-block-list\">\n<li><strong>Treino livre 1: 07:30<\/strong><\/li>\n\n\n\n<li><strong>Treino livre 2: 11:00<\/strong><\/li>\n\n\n\n<li><strong>Treino livre 3: 07:30<\/strong><\/li>\n\n\n\n<li><strong>Classifica\u00e7\u00e3o: 11:00<\/strong><\/li>\n\n\n\n<li><strong>Corrida: 10:00<\/strong><\/li>\n<\/ul>\n\n\n\n<h3 class=\"wp-block-heading\">Hor\u00e1rios em Portugal e Angola<\/h3>\n\n\n\n<ul id=\"block-e78d748e-6549-4a54-9e51-69367685663a\" class=\"wp-block-list\">\n<li><strong>Treino livre 1: 11:30<\/strong><\/li>\n\n\n\n<li><strong>Treino livre 2: 15:00<\/strong><\/li>\n\n\n\n<li><strong>Treino livre 3: 11:30<\/strong><\/li>\n\n\n\n<li><strong>Classifica\u00e7\u00e3o: 15:00<\/strong><\/li>\n\n\n\n<li><strong>Corrida: 14:00<\/strong><\/li>\n<\/ul>\n\n\n\n<h3 class=\"wp-block-heading\">Hor\u00e1rios em Cabo Verde<\/h3>\n\n\n\n<ul id=\"block-7b9d835a-23af-4411-943e-453b4766e578\" class=\"wp-block-list\">\n<li><strong>Treino livre 1: 09:30<\/strong><\/li>\n\n\n\n<li><strong>Treino livre 2: 13:00<\/strong><\/li>\n\n\n\n<li><strong>Treino livre 3: 09:30<\/strong><\/li>\n\n\n\n<li><strong>Classifica\u00e7\u00e3o: 13:00<\/strong><\/li>\n\n\n\n<li><strong>Corrida: 12:00<\/strong><\/li>\n<\/ul>\n\n\n\n<h3 class=\"wp-block-heading\"><strong>Hor\u00e1rios em Mo\u00e7ambique<\/strong><\/h3>\n\n\n\n<ul id=\"block-bbaadcb9-d1e6-402a-b585-42debf37b024\" class=\"wp-block-list\">\n<li><strong>Treino livre 1: 12:30<\/strong><\/li>\n\n\n\n<li><strong>Treino livre 2: 16:00<\/strong><\/li>\n\n\n\n<li><strong>Treino livre 3: 12:30<\/strong><\/li>\n\n\n\n<li><strong>Classifica\u00e7\u00e3o: 16:00<\/strong><\/li>\n\n\n\n<li><strong>Corrida: 15:00<\/strong><\/li>\n<\/ul>\n\n\n\n<p class=\"wp-block-paragraph\"><\/p>\n","protected":false},"excerpt":{"rendered":"<p>Carlos Sainz n\u00e3o se v\u00ea longe da F1 e disse que pretende manter um alto n\u00edvel de pilotagem at\u00e9 2040, quando ter\u00e1 45 anos de idade no in\u00edcio da temporada<\/p>\n","protected":false},"author":20,"featured_media":1020312366,"comment_status":"closed","ping_status":"closed","sticky":false,"template":"","format":"standard","meta":{"42wp_featured_image_caption":"Carlos Sainz mant\u00e9m viva a esperan\u00e7a de correr na F1 at\u00e9 os 45 anos de idade","42wp_featured_image_credits":"Reprodu\u00e7\u00e3o\/F1","42wp_featured_video":"","42wp_featured_image_hidden":false,"42wp_authors_list":[{"id":47162,"location":"de Vinhedo"}],"footnotes":""},"categories":[2],"tags":[546,176,87,215],"42wp_author":[47162],"class_list":["post-164742","post","type-post","status-publish","format-standard","has-post-thumbnail","hentry","category-f1","tag-carlos-sainz","tag-fernando-alonso","tag-lewis-hamilton","tag-williams","42wp_author-giovani-danjo"],"_links":{"self":[{"href":"https:\/\/grandepremio.com\/br\/wp-json\/wp\/v2\/posts\/164742","targetHints":{"allow":["GET"]}}],"collection":[{"href":"https:\/\/grandepremio.com\/br\/wp-json\/wp\/v2\/posts"}],"about":[{"href":"https:\/\/grandepremio.com\/br\/wp-json\/wp\/v2\/types\/post"}],"author":[{"embeddable":true,"href":"https:\/\/grandepremio.com\/br\/wp-json\/wp\/v2\/users\/20"}],"replies":[{"embeddable":true,"href":"https:\/\/grandepremio.com\/br\/wp-json\/wp\/v2\/comments?post=164742"}],"version-history":[{"count":9,"href":"https:\/\/grandepremio.com\/br\/wp-json\/wp\/v2\/posts\/164742\/revisions"}],"predecessor-version":[{"id":164796,"href":"https:\/\/grandepremio.com\/br\/wp-json\/wp\/v2\/posts\/164742\/revisions\/164796"}],"wp:featuredmedia":[{"embeddable":true,"href":"https:\/\/grandepremio.com\/br\/wp-json\/wp\/v2\/media\/1020312366"}],"wp:attachment":[{"href":"https:\/\/grandepremio.com\/br\/wp-json\/wp\/v2\/media?parent=164742"}],"wp:term":[{"taxonomy":"category","embeddable":true,"href":"https:\/\/grandepremio.com\/br\/wp-json\/wp\/v2\/categories?post=164742"},{"taxonomy":"post_tag","embeddable":true,"href":"https:\/\/grandepremio.com\/br\/wp-json\/wp\/v2\/tags?post=164742"},{"taxonomy":"42wp_author","embeddable":true,"href":"https:\/\/grandepremio.com\/br\/wp-json\/wp\/v2\/42wp_author?post=164742"}],"curies":[{"name":"wp","href":"https:\/\/api.w.org\/{rel}","templated":true}]}}