{"id":164761,"date":"2026-08-31T16:36:00","date_gmt":"2026-08-31T19:36:00","guid":{"rendered":"https:\/\/grandepremio.com\/br\/?p=164761"},"modified":"2026-08-31T16:36:01","modified_gmt":"2026-08-31T19:36:01","slug":"quais-horarios-lone-star-le-mans-wec-2026","status":"publish","type":"post","link":"https:\/\/grandepremio.com\/br\/endurance\/wec\/quais-horarios-lone-star-le-mans-wec-2026\/","title":{"rendered":"Quais os hor\u00e1rios da Lone Star Le Mans do WEC 2026"},"content":{"rendered":"\n<p class=\"wp-block-paragraph\">O\u00a0<strong>Mundial de Endurance (WEC)\u00a0retorna \u00e0s pistas neste fim de semana<\/strong>. A principal categoria do endurance mundial parte para a quinta etapa do ano, e a parada da vez \u00e9 nos Estados Unidos para a <strong>Lone Star Le Mans, entre os dias\u00a04 e 6 de setembro<\/strong>. Confira a programa\u00e7\u00e3o completa da rodada e saiba todos os hor\u00e1rios das sess\u00f5es.<\/p>\n\n\n\n<p class=\"wp-block-paragraph\">As atividades no Circuito das Am\u00e9ricas come\u00e7am na tarde de sexta-feira (4), com o TL1 tendo in\u00edcio \u00e0s 13h30 (de Bras\u00edlia, GMT-3). Alguns momentos depois, \u00e0s 18h00, os pilotos voltam \u00e0 pista para o segundo treino livre.<\/p>\n\n\n\n<figure class=\"wp-block-embed is-type-video is-provider-youtube wp-block-embed-youtube wp-embed-aspect-16-9 wp-has-aspect-ratio\"><div class=\"wp-block-embed__wrapper\">\n<iframe loading=\"lazy\" title=\"\ud83d\udd34AO VIVO: GT WORLD CHALLENGE AMERICA 2026 | CORRIDA EM ROAD AMERICA COM IMAGENS | 5\u00aa ETAPA\" width=\"500\" height=\"281\" src=\"https:\/\/www.youtube.com\/embed\/X3kC6exr-Kc?feature=oembed\" frameborder=\"0\" allow=\"accelerometer; autoplay; clipboard-write; encrypted-media; gyroscope; picture-in-picture; web-share\" referrerpolicy=\"strict-origin-when-cross-origin\" allowfullscreen><\/iframe>\n<\/div><\/figure>\n\n\n\n<p class=\"wp-block-paragraph\">No s\u00e1bado (5), o terceiro e \u00faltimo treino livre come\u00e7a \u00e0s 13h00, com a classifica\u00e7\u00e3o logo em seguida, \u00e0s 17h00. A largada da prova \u00e9 no domingo (12), \u00e0s 15h00.<\/p>\n\n\n\n<p class=\"wp-block-paragraph\">O&nbsp;<strong>GRANDE PR\u00caMIO<\/strong>&nbsp;<strong>segue como emissora oficial do WEC no Brasil<\/strong> e transmite&nbsp;<strong>AO VIVO e COM IMAGENS<\/strong>&nbsp;as emo\u00e7\u00f5es do fim de semana, assim como todas as provas do campeonato, no canal no&nbsp;<strong>YouTube&nbsp;<\/strong>e na&nbsp;<strong>GPTV<\/strong>.<\/p>\n\n\n\n<h2 class=\"wp-block-heading\">Lone Star Le Mans do WEC 2026:&nbsp;veja os hor\u00e1rios em Brasil, Cabo Verde,&nbsp;Portugal, Angola e Mo\u00e7ambique<\/h2>\n\n\n\n<figure class=\"wp-block-table is-style-stripes\"><table class=\"has-fixed-layout\"><tbody><tr><td><strong>Data<\/strong><\/td><td><strong>&nbsp;Sess\u00e3o<\/strong><\/td><td><strong>BRA*<\/strong><\/td><td><strong>CBV<\/strong><\/td><td><strong>POR\/ANG<\/strong><\/td><td><strong>MOZ<\/strong><\/td><\/tr><tr><td>Sexta-feira (4)<\/td><td>Treino livre 1<\/td><td>13h30<\/td><td>15h30<\/td><td>17h30<\/td><td>18h30<\/td><\/tr><tr><td>Sexta-feira (4)<\/td><td>Treino livre 2<\/td><td>18h00<\/td><td>20h00<\/td><td>22h00<\/td><td>21h00<\/td><\/tr><tr><td>S\u00e1bado (5)<\/td><td>Treino livre 3<\/td><td>13h00<\/td><td>15h00<\/td><td>17h00<\/td><td>18h00<\/td><\/tr><tr><td>S\u00e1bado (5)<\/td><td>Classifica\u00e7\u00e3o<\/td><td>17h00<\/td><td>19h00<\/td><td>20h00<\/td><td>21h00<\/td><\/tr><tr><td>Domingo (6)<\/td><td>Corrida<\/td><td>15h00<\/td><td>17h00<\/td><td>19h00<\/td><td>20h00<\/td><\/tr><\/tbody><\/table><\/figure>\n\n\n\n<p class=\"wp-block-paragraph\"><em>*Hor\u00e1rios de Bras\u00edlia (GMT-3)<\/em><a href=\"https:\/\/www.grandepremio.com\/br\/chefao\/\" target=\"_blank\" rel=\"noreferrer noopener\"><\/a><\/p>\n\n\n\n<p class=\"wp-block-paragraph\"><\/p>\n","protected":false},"excerpt":{"rendered":"<p>A temporada 2026 do Mundial de Endurance segue neste fim de semana, no Circuito das Am\u00e9ricas, com a Lone Star Le Mans. Confira a programa\u00e7\u00e3o das atividades da quinta etapa do campeonato <\/p>\n","protected":false},"author":20,"featured_media":1020313498,"comment_status":"closed","ping_status":"closed","sticky":false,"template":"","format":"standard","meta":{"42wp_featured_image_caption":"Cadillac na Lone Star Le Mans","42wp_featured_image_credits":"Julien Delfosse \/ DPPI","42wp_featured_video":"","42wp_featured_image_hidden":false,"42wp_authors_list":[{"id":47162,"location":"de Vinhedo"}],"footnotes":""},"categories":[52],"tags":[12757,26133,40738,32087],"42wp_author":[47162],"class_list":["post-164761","post","type-post","status-publish","format-standard","has-post-thumbnail","hentry","category-wec","tag-circuito-das-americas","tag-horarios","tag-lone-star-le-mans","tag-onde-assistir","42wp_author-giovani-danjo"],"_links":{"self":[{"href":"https:\/\/grandepremio.com\/br\/wp-json\/wp\/v2\/posts\/164761","targetHints":{"allow":["GET"]}}],"collection":[{"href":"https:\/\/grandepremio.com\/br\/wp-json\/wp\/v2\/posts"}],"about":[{"href":"https:\/\/grandepremio.com\/br\/wp-json\/wp\/v2\/types\/post"}],"author":[{"embeddable":true,"href":"https:\/\/grandepremio.com\/br\/wp-json\/wp\/v2\/users\/20"}],"replies":[{"embeddable":true,"href":"https:\/\/grandepremio.com\/br\/wp-json\/wp\/v2\/comments?post=164761"}],"version-history":[{"count":5,"href":"https:\/\/grandepremio.com\/br\/wp-json\/wp\/v2\/posts\/164761\/revisions"}],"predecessor-version":[{"id":164766,"href":"https:\/\/grandepremio.com\/br\/wp-json\/wp\/v2\/posts\/164761\/revisions\/164766"}],"wp:featuredmedia":[{"embeddable":true,"href":"https:\/\/grandepremio.com\/br\/wp-json\/wp\/v2\/media\/1020313498"}],"wp:attachment":[{"href":"https:\/\/grandepremio.com\/br\/wp-json\/wp\/v2\/media?parent=164761"}],"wp:term":[{"taxonomy":"category","embeddable":true,"href":"https:\/\/grandepremio.com\/br\/wp-json\/wp\/v2\/categories?post=164761"},{"taxonomy":"post_tag","embeddable":true,"href":"https:\/\/grandepremio.com\/br\/wp-json\/wp\/v2\/tags?post=164761"},{"taxonomy":"42wp_author","embeddable":true,"href":"https:\/\/grandepremio.com\/br\/wp-json\/wp\/v2\/42wp_author?post=164761"}],"curies":[{"name":"wp","href":"https:\/\/api.w.org\/{rel}","templated":true}]}}