{"id":164769,"date":"2026-08-31T17:26:52","date_gmt":"2026-08-31T20:26:52","guid":{"rendered":"https:\/\/grandepremio.com\/br\/?p=164769"},"modified":"2026-08-31T17:43:42","modified_gmt":"2026-08-31T20:43:42","slug":"liam-lawson-compara-experiencias-red-bull-lembra-limite-extremo-carro-2025","status":"publish","type":"post","link":"https:\/\/grandepremio.com\/br\/f1\/liam-lawson-compara-experiencias-red-bull-lembra-limite-extremo-carro-2025\/","title":{"rendered":"Lawson compara experi\u00eancias na Red Bull e lembra &#8220;limite extremo&#8221; do carro de 2025"},"content":{"rendered":"\n<p class=\"wp-block-paragraph\">No GP dos Pa\u00edses Baixos, <strong>Liam Lawson mudou de equipe e foi convocado pela Red Bull para substituir o lesionado Isack Hadjar<\/strong>. Depois de fechar a prova em s\u00e9timo e somar pontos, o neozeland\u00eas comparou essa <strong>experi\u00eancia positiva que teve em Zandvoort<\/strong> com as duas etapas anteriores que disputou com a Red Bull em 2025, quando terminou demitido. <\/p>\n\n\n\n<p class=\"wp-block-paragraph\">No ano passado, <strong>Lawson assumiu o posto deixado por Sergio P\u00e9rez<\/strong> no come\u00e7o da temporada na Red Bull, mas durou pouco ao <strong>voltar para a Racing Bulls depois de decepcionar nas duas primeiras etapas<\/strong>. Agora, por\u00e9m, est\u00e1 mais experiente e andou bem em Zandvoort, enquanto <strong>Max Verstappen bateu e abandonou na primeira volta<\/strong>. <\/p>\n\n\n\n<figure class=\"wp-block-embed is-type-video is-provider-youtube wp-block-embed-youtube wp-embed-aspect-16-9 wp-has-aspect-ratio\"><div class=\"wp-block-embed__wrapper\">\n<iframe loading=\"lazy\" title=\"ALPINE RENOVA COM COLAPINTO + SEMANA DECISIVA DE C\u00c2MARA | WGP\" width=\"500\" height=\"281\" src=\"https:\/\/www.youtube.com\/embed\/pOHasUibuKM?feature=oembed\" frameborder=\"0\" allow=\"accelerometer; autoplay; clipboard-write; encrypted-media; gyroscope; picture-in-picture; web-share\" referrerpolicy=\"strict-origin-when-cross-origin\" allowfullscreen><\/iframe>\n<\/div><\/figure>\n\n\n\n<p class=\"wp-block-paragraph\">Perguntado ap\u00f3s a corrida sobre essas duas experi\u00eancias diferentes na Red Bull, Lawson fez uma compara\u00e7\u00e3o e concluiu que o <strong>carro deste ano est\u00e1 muito melhor e mais simples de guiar<\/strong>, enquanto o <strong>RB21 tinha um limite muito mais &#8220;extremo&#8221;.<\/strong> Al\u00e9m disso, nuncia tinha corrido antes na Austr\u00e1lia e na China, sedes das duas primeiras corridas de 2025. <\/p>\n\n\n\n<p class=\"wp-block-paragraph\">\u201cO principal problema no ano passado \u00e9 que havia duas pistas que eu nunca tinha visitado. Ent\u00e3o, al\u00e9m disso, eu ainda precisava aprender a guiar um carro que j\u00e1 era muito dif\u00edcil de conduzir. O carro agora, por outro lado, talvez n\u00e3o seja t\u00e3o dif\u00edcil de guiar ou de levar ao limite\u201d, explicou Lawson. <\/p>\n\n\n\n<p class=\"wp-block-paragraph\">\u201cEnt\u00e3o, trata-se mais de juntar todas as outras pe\u00e7as, preparar os pneus, encontrar o equil\u00edbrio certo do carro e me acostumar com a forma como ele realmente se comporta, em vez de lidar com um carro que, no ano passado, era simplesmente muito dif\u00edcil de levar ao limite. Entrei no ano passado achando que teria mais tempo no carro, ent\u00e3o, de certa forma, estava apenas me adaptando a tudo o que Max tinha no carro&#8221;, lembrou o neozeland\u00eas.<\/p>\n\n\n\n<p class=\"wp-block-paragraph\">\u201cE havia muitas coisas diferentes para mim, como os pedais, a dire\u00e7\u00e3o e tudo mais. N\u00e3o tive tempo de me acostumar com isso. [Em Zandvoort], eu disse: \u2018Vamos deixar o carro o mais pr\u00f3ximo poss\u00edvel do meu\u2019\u201d, recontou. <\/p>\n\n\n\n<figure class=\"wp-block-image size-large\"><img loading=\"lazy\" decoding=\"async\" width=\"1024\" height=\"683\" src=\"https:\/\/grandepremio.com\/br\/wp-content\/uploads\/2026\/08\/f1-2026-paises-baixos-classificacao-sprint-red-bull-liam-lawson-01-1-1024x683.jpg\" alt=\"F1 2026, PAISES BAIXOS, QUALY SPRINT, RED BULL RACING, LIAM LAWSON\" class=\"wp-image-1020312430\" srcset=\"https:\/\/grandepremio.com\/wp-content\/uploads\/2026\/08\/f1-2026-paises-baixos-classificacao-sprint-red-bull-liam-lawson-01-1-1024x683.jpg 1024w, https:\/\/grandepremio.com\/wp-content\/uploads\/2026\/08\/f1-2026-paises-baixos-classificacao-sprint-red-bull-liam-lawson-01-1-300x200.jpg 300w, https:\/\/grandepremio.com\/wp-content\/uploads\/2026\/08\/f1-2026-paises-baixos-classificacao-sprint-red-bull-liam-lawson-01-1-768x512.jpg 768w, https:\/\/grandepremio.com\/wp-content\/uploads\/2026\/08\/f1-2026-paises-baixos-classificacao-sprint-red-bull-liam-lawson-01-1-1536x1024.jpg 1536w, https:\/\/grandepremio.com\/wp-content\/uploads\/2026\/08\/f1-2026-paises-baixos-classificacao-sprint-red-bull-liam-lawson-01-1-2048x1365.jpg 2048w, https:\/\/grandepremio.com\/wp-content\/uploads\/2026\/08\/f1-2026-paises-baixos-classificacao-sprint-red-bull-liam-lawson-01-1-150x100.jpg 150w\" sizes=\"(max-width: 1024px) 100vw, 1024px\" \/><figcaption class=\"wp-element-caption\">Liam Lawson voltou a disputar uma corrida pela Red Bull (Foto: Red Bull Content Pool)<\/figcaption><\/figure>\n\n\n\n<p class=\"wp-block-paragraph\">At\u00e9 o momento, em 2026, <strong>Lawson j\u00e1 tem mais pontos que em 2025<\/strong> e soma 49, o suficiente para ocupar a nona posi\u00e7\u00e3o no Mundial de Pilotos. No ano passado, fechou a campanha com 38 tentos e em 14\u00ba na tabela. <\/p>\n\n\n\n<p class=\"wp-block-paragraph\">\u201cEm 2025, o carro estava em um limite t\u00e3o extremo, pelo menos no come\u00e7o da temporada, que, se voc\u00ea n\u00e3o estivesse nesse limite, isso acabava com o tempo de volta. Este ano, h\u00e1 muito mais fatores envolvidos&#8221;, analisou Lawson ao falar da Red Bull mais uma vez. <\/p>\n\n\n\n<p class=\"wp-block-paragraph\">\u201cTer mais tempo com este carro e durante este ciclo de regulamentos, por mais que o carro seja muito diferente, faz com que haja muitas coisas que influenciam na constru\u00e7\u00e3o de uma volta com essas unidades de pot\u00eancia. Ter a mesma unidade de pot\u00eancia tamb\u00e9m ajuda\u201d, encerrou Lawson. <\/p>\n\n\n\n<p class=\"wp-block-paragraph\">A F\u00f3rmula 1 volta neste fim de semana, de 4 a 6 de setembro, em Monza. O\u00a0<strong>GRANDE PR\u00caMIO<\/strong>\u00a0acompanha todas as atividades do\u00a0<strong>GP da It\u00e1lia<\/strong>, 13\u00aa etapa da temporada 2026,\u00a0<a href=\"https:\/\/www.grandepremio.com\/br\/ao-vivo\/f1\/\"><strong>AO VIVO E EM\u00a0<\/strong><\/a><strong><a href=\"https:\/\/www.grandepremio.com\/br\/ao-vivo\/\" target=\"_blank\" rel=\"noopener\">TEMPO REAL<\/a><\/strong>,\u00a0<a href=\"https:\/\/www.youtube.com\/@GrandePremio1\/streams\">al\u00e9m de classifica\u00e7\u00e3o e corrida em\u00a0<strong>SEGUNDA TELA\u00a0<\/strong>no YouTube<\/a>, em parceria com a\u00a0<strong>Voz do Esporte<\/strong>. O\u00a0<strong>Briefing\u00a0<\/strong>chega para analisar ap\u00f3s o fim de cada dia de atividades nas redes sociais e na\u00a0<strong>GPTV<\/strong>.<\/p>\n\n\n\n<h2 class=\"wp-block-heading\">GP da It\u00e1lia de F1: veja os hor\u00e1rios em Brasil, Cabo Verde,&nbsp;<a href=\"https:\/\/grandepremio.pt\/\" target=\"_blank\" rel=\"noopener\"><strong>Portugal<\/strong><\/a>, Angola e Mo\u00e7ambique:<\/h2>\n\n\n\n<h3 class=\"wp-block-heading\">Hor\u00e1rios no Brasil*<\/h3>\n\n\n\n<ul id=\"block-04b1bda2-db77-49b7-8a15-ab1e981bbd0f\" class=\"wp-block-list\">\n<li><strong>Treino livre 1: 07:30<\/strong><\/li>\n\n\n\n<li><strong>Treino livre 2: 11:00<\/strong><\/li>\n\n\n\n<li><strong>Treino livre 3: 07:30<\/strong><\/li>\n\n\n\n<li><strong>Classifica\u00e7\u00e3o: 11:00<\/strong><\/li>\n\n\n\n<li><strong>Corrida: 10:00<\/strong><\/li>\n<\/ul>\n\n\n\n<h3 class=\"wp-block-heading\">Hor\u00e1rios em Portugal e Angola<\/h3>\n\n\n\n<ul id=\"block-e78d748e-6549-4a54-9e51-69367685663a\" class=\"wp-block-list\">\n<li><strong>Treino livre 1: 11:30<\/strong><\/li>\n\n\n\n<li><strong>Treino livre 2: 15:00<\/strong><\/li>\n\n\n\n<li><strong>Treino livre 3: 11:30<\/strong><\/li>\n\n\n\n<li><strong>Classifica\u00e7\u00e3o: 15:00<\/strong><\/li>\n\n\n\n<li><strong>Corrida: 14:00<\/strong><\/li>\n<\/ul>\n\n\n\n<h3 class=\"wp-block-heading\">Hor\u00e1rios em Cabo Verde<\/h3>\n\n\n\n<ul id=\"block-7b9d835a-23af-4411-943e-453b4766e578\" class=\"wp-block-list\">\n<li><strong>Treino livre 1: 09:30<\/strong><\/li>\n\n\n\n<li><strong>Treino livre 2: 13:00<\/strong><\/li>\n\n\n\n<li><strong>Treino livre 3: 09:30<\/strong><\/li>\n\n\n\n<li><strong>Classifica\u00e7\u00e3o: 13:00<\/strong><\/li>\n\n\n\n<li><strong>Corrida: 12:00<\/strong><\/li>\n<\/ul>\n\n\n\n<h3 class=\"wp-block-heading\"><strong>Hor\u00e1rios em Mo\u00e7ambique<\/strong><\/h3>\n\n\n\n<ul id=\"block-bbaadcb9-d1e6-402a-b585-42debf37b024\" class=\"wp-block-list\">\n<li><strong>Treino livre 1: 12:30<\/strong><\/li>\n\n\n\n<li><strong>Treino livre 2: 16:00<\/strong><\/li>\n\n\n\n<li><strong>Treino livre 3: 12:30<\/strong><\/li>\n\n\n\n<li><strong>Classifica\u00e7\u00e3o: 16:00<\/strong><\/li>\n\n\n\n<li><strong>Corrida: 15:00<\/strong><\/li>\n<\/ul>\n\n\n\n<p class=\"wp-block-paragraph\"><\/p>\n","protected":false},"excerpt":{"rendered":"<p>Liam Lawson foi convocado pela Red Bull na \u00faltima etapa, nos Pa\u00edses Baixos, para substituir Isack Hadjar e voltou a defender a equipe depois da passagem rel\u00e2mpago de 2025 por Milton Keynes<\/p>\n","protected":false},"author":20,"featured_media":1020312706,"comment_status":"closed","ping_status":"closed","sticky":false,"template":"","format":"standard","meta":{"42wp_featured_image_caption":"Liam Lawson","42wp_featured_image_credits":"Reprodu\u00e7\u00e3o\/F1","42wp_featured_video":"","42wp_featured_image_hidden":false,"42wp_authors_list":[{"id":47162,"location":"de Vinhedo"}],"footnotes":""},"categories":[2],"tags":[29126,595,203,204],"42wp_author":[47162],"class_list":["post-164769","post","type-post","status-publish","format-standard","has-post-thumbnail","hentry","category-f1","tag-gp-dos-paises-baixos","tag-liam-lawson","tag-max-verstappen","tag-red-bull","42wp_author-giovani-danjo"],"_links":{"self":[{"href":"https:\/\/grandepremio.com\/br\/wp-json\/wp\/v2\/posts\/164769","targetHints":{"allow":["GET"]}}],"collection":[{"href":"https:\/\/grandepremio.com\/br\/wp-json\/wp\/v2\/posts"}],"about":[{"href":"https:\/\/grandepremio.com\/br\/wp-json\/wp\/v2\/types\/post"}],"author":[{"embeddable":true,"href":"https:\/\/grandepremio.com\/br\/wp-json\/wp\/v2\/users\/20"}],"replies":[{"embeddable":true,"href":"https:\/\/grandepremio.com\/br\/wp-json\/wp\/v2\/comments?post=164769"}],"version-history":[{"count":8,"href":"https:\/\/grandepremio.com\/br\/wp-json\/wp\/v2\/posts\/164769\/revisions"}],"predecessor-version":[{"id":164795,"href":"https:\/\/grandepremio.com\/br\/wp-json\/wp\/v2\/posts\/164769\/revisions\/164795"}],"wp:featuredmedia":[{"embeddable":true,"href":"https:\/\/grandepremio.com\/br\/wp-json\/wp\/v2\/media\/1020312706"}],"wp:attachment":[{"href":"https:\/\/grandepremio.com\/br\/wp-json\/wp\/v2\/media?parent=164769"}],"wp:term":[{"taxonomy":"category","embeddable":true,"href":"https:\/\/grandepremio.com\/br\/wp-json\/wp\/v2\/categories?post=164769"},{"taxonomy":"post_tag","embeddable":true,"href":"https:\/\/grandepremio.com\/br\/wp-json\/wp\/v2\/tags?post=164769"},{"taxonomy":"42wp_author","embeddable":true,"href":"https:\/\/grandepremio.com\/br\/wp-json\/wp\/v2\/42wp_author?post=164769"}],"curies":[{"name":"wp","href":"https:\/\/api.w.org\/{rel}","templated":true}]}}