{"id":164823,"date":"2026-08-31T18:50:00","date_gmt":"2026-08-31T21:50:00","guid":{"rendered":"https:\/\/grandepremio.com\/br\/?p=164823"},"modified":"2026-08-31T18:27:58","modified_gmt":"2026-08-31T21:27:58","slug":"paddock-gp-mercedes-x-mclaren-ferrari-vai-jogar-casa-vencer-italia","status":"publish","type":"post","link":"https:\/\/grandepremio.com\/br\/f1\/paddock-gp-mercedes-x-mclaren-ferrari-vai-jogar-casa-vencer-italia\/","title":{"rendered":"Paddock GP: \u00c9 Mercedes x McLaren ou Ferrari vai jogar em casa pra vencer na It\u00e1lia?"},"content":{"rendered":"\n<figure class=\"wp-block-embed is-type-video is-provider-youtube wp-block-embed-youtube wp-embed-aspect-16-9 wp-has-aspect-ratio\"><div class=\"wp-block-embed__wrapper\">\n<iframe loading=\"lazy\" title=\"\u00c9 MERCEDES x McLAREN OU FERRARI VAI JOGAR EM CASA PARA VENCER NA IT\u00c1LIA? | Paddock GP\" width=\"500\" height=\"281\" src=\"https:\/\/www.youtube.com\/embed\/Yi0F8GkGBo4?feature=oembed\" frameborder=\"0\" allow=\"accelerometer; autoplay; clipboard-write; encrypted-media; gyroscope; picture-in-picture; web-share\" referrerpolicy=\"strict-origin-when-cross-origin\" allowfullscreen><\/iframe>\n<\/div><\/figure>\n\n\n\n<p class=\"wp-block-paragraph\">O Paddock GP desta segunda-feira antecipa tudo o que esperar do GP da It\u00e1lia de F1, o que a Ferrari precisa fazer para desafiar Mercedes e McLaren e tamb\u00e9m comenta o pentacampeonato de \u00c1lex Palou na Indy.<\/p>\n\n\n\n<p class=\"wp-block-paragraph\">Victor Martins apresenta, com coment\u00e1rios de Evelyn Guimar\u00e3es e Gabriel Carvalho. A produ\u00e7\u00e3o \u00e9 de Carol Vergilio e Daniel Balsa<\/p>\n","protected":false},"excerpt":{"rendered":"<p>Paddock GP #470 faz a pr\u00e9via do GP da It\u00e1lia da F\u00f3rmula 1, com a pr\u00e9via do duelo entre Mercedes e McLaren em Monza<\/p>\n","protected":false},"author":16,"featured_media":1020312754,"comment_status":"closed","ping_status":"closed","sticky":false,"template":"","format":"standard","meta":{"42wp_featured_image_caption":"Paddock GP faz pr\u00e9via do GP da It\u00e1lia","42wp_featured_image_credits":"Reprodu\u00e7\u00e3o\/F1","42wp_featured_video":"","42wp_featured_image_hidden":false,"42wp_authors_list":[{"id":47119,"location":"de Campinas"}],"footnotes":""},"categories":[2],"tags":[1537],"42wp_author":[47119],"class_list":["post-164823","post","type-post","status-publish","format-standard","has-post-thumbnail","hentry","category-f1","tag-paddock-gp","42wp_author-gabriel-carvalho"],"_links":{"self":[{"href":"https:\/\/grandepremio.com\/br\/wp-json\/wp\/v2\/posts\/164823","targetHints":{"allow":["GET"]}}],"collection":[{"href":"https:\/\/grandepremio.com\/br\/wp-json\/wp\/v2\/posts"}],"about":[{"href":"https:\/\/grandepremio.com\/br\/wp-json\/wp\/v2\/types\/post"}],"author":[{"embeddable":true,"href":"https:\/\/grandepremio.com\/br\/wp-json\/wp\/v2\/users\/16"}],"replies":[{"embeddable":true,"href":"https:\/\/grandepremio.com\/br\/wp-json\/wp\/v2\/comments?post=164823"}],"version-history":[{"count":1,"href":"https:\/\/grandepremio.com\/br\/wp-json\/wp\/v2\/posts\/164823\/revisions"}],"predecessor-version":[{"id":164829,"href":"https:\/\/grandepremio.com\/br\/wp-json\/wp\/v2\/posts\/164823\/revisions\/164829"}],"wp:featuredmedia":[{"embeddable":true,"href":"https:\/\/grandepremio.com\/br\/wp-json\/wp\/v2\/media\/1020312754"}],"wp:attachment":[{"href":"https:\/\/grandepremio.com\/br\/wp-json\/wp\/v2\/media?parent=164823"}],"wp:term":[{"taxonomy":"category","embeddable":true,"href":"https:\/\/grandepremio.com\/br\/wp-json\/wp\/v2\/categories?post=164823"},{"taxonomy":"post_tag","embeddable":true,"href":"https:\/\/grandepremio.com\/br\/wp-json\/wp\/v2\/tags?post=164823"},{"taxonomy":"42wp_author","embeddable":true,"href":"https:\/\/grandepremio.com\/br\/wp-json\/wp\/v2\/42wp_author?post=164823"}],"curies":[{"name":"wp","href":"https:\/\/api.w.org\/{rel}","templated":true}]}}