{"id":164844,"date":"2026-09-01T06:14:30","date_gmt":"2026-09-01T09:14:30","guid":{"rendered":"https:\/\/grandepremio.com\/br\/?p=164844"},"modified":"2026-09-01T07:23:41","modified_gmt":"2026-09-01T10:23:41","slug":"ferrari-divulga-pintura-sf-26-homenagem-michael-schumacher-gp-da-italia","status":"publish","type":"post","link":"https:\/\/grandepremio.com\/br\/f1\/ferrari-divulga-pintura-sf-26-homenagem-michael-schumacher-gp-da-italia\/","title":{"rendered":"Ferrari divulga pintura da SF-26 em homenagem a Schumacher no GP da It\u00e1lia"},"content":{"rendered":"\n<figure class=\"wp-block-video\"><video class=\"video-js vjs-big-play-centered\" data-gp-vjs=\"1\" controls src=\"https:\/\/grandepremio-portal.b-cdn.net\/2026\/09\/Ferrari-Schumacher-Monza-F1-2026.mp4\"><\/video><figcaption class=\"wp-element-caption\">Pintura especial da Ferrari para o GP da It\u00e1lia em homenagem a Michael Schumacher (V\u00eddeo: Ferrari)<\/figcaption><\/figure>\n\n\n\n<p class=\"wp-block-paragraph\">A Ferrari encerrou o mist\u00e9rio e revelou nesta ter\u00e7a-feira (1\u00ba) <strong>os detalhes da pintura especial da SF-26 para o GP da It\u00e1lia<\/strong>, em homenagem a Michael Schumacher. O layout \u00e9 inspirado na F310 de 1996 e celebra os 30 anos do in\u00edcio da trajet\u00f3ria do alem\u00e3o na equipe de Maranello.<\/p>\n\n\n\n<p class=\"wp-block-paragraph\">Ao longo da \u00faltima semana, a Ferrari utilizou as redes sociais para mostrar pequenos detalhes da nova pintura especial. Os macac\u00f5es de Lewis Hamilton e Charles Leclerc \u2014 que contam com o desenho de sete estrelas nas costas, em refer\u00eancia ao heptacampeonato do piloto alem\u00e3o, al\u00e9m da logomarca de Michael na cintura \u2014 foram apresentados na \u00faltima sexta-feira (28).<\/p>\n\n\n\n<p class=\"wp-block-paragraph\">Por\u00e9m, nos outros dias, a equipe divulgou algumas fotos da SF-26, coberta por um pano, ao lado da F310, o que indicava que a pintura seria semelhante \u00e0 do modelo utilizado em 1996. Assim, a Ferrari reinterpretou a combina\u00e7\u00e3o de vermelho e preto, acompanhada por detalhes dourados nas rodas.<\/p>\n\n\n\n<p class=\"wp-block-paragraph\">Ap\u00f3s conquistar o bicampeonato mundial pela Benetton, Schumacher decidiu se transferir para a Ferrari em 1996, vencendo os GPs da Espanha, da B\u00e9lgica e da It\u00e1lia naquele ano. Mas foi a partir dos anos 2000 que o alem\u00e3o estabeleceu uma hegemonia e conquistou cinco t\u00edtulos do Mundial de Pilotos em sequ\u00eancia.<\/p>\n\n\n\n<figure class=\"wp-block-image size-large\"><img loading=\"lazy\" decoding=\"async\" width=\"1024\" height=\"576\" src=\"https:\/\/grandepremio.com\/br\/wp-content\/uploads\/2026\/09\/Ferrari-pintura-Michael-Schumacher-GP-da-Italia-Monza-F1-20262-1-1024x576.jpg\" alt=\"\" class=\"wp-image-1020313510\" srcset=\"https:\/\/grandepremio.com\/wp-content\/uploads\/2026\/09\/Ferrari-pintura-Michael-Schumacher-GP-da-Italia-Monza-F1-20262-1-1024x576.jpg 1024w, https:\/\/grandepremio.com\/wp-content\/uploads\/2026\/09\/Ferrari-pintura-Michael-Schumacher-GP-da-Italia-Monza-F1-20262-1-300x169.jpg 300w, https:\/\/grandepremio.com\/wp-content\/uploads\/2026\/09\/Ferrari-pintura-Michael-Schumacher-GP-da-Italia-Monza-F1-20262-1-768x432.jpg 768w, https:\/\/grandepremio.com\/wp-content\/uploads\/2026\/09\/Ferrari-pintura-Michael-Schumacher-GP-da-Italia-Monza-F1-20262-1-1536x864.jpg 1536w, https:\/\/grandepremio.com\/wp-content\/uploads\/2026\/09\/Ferrari-pintura-Michael-Schumacher-GP-da-Italia-Monza-F1-20262-1-1200x675.jpg 1200w, https:\/\/grandepremio.com\/wp-content\/uploads\/2026\/09\/Ferrari-pintura-Michael-Schumacher-GP-da-Italia-Monza-F1-20262-1-150x84.jpg 150w, https:\/\/grandepremio.com\/wp-content\/uploads\/2026\/09\/Ferrari-pintura-Michael-Schumacher-GP-da-Italia-Monza-F1-20262-1.jpg 1600w\" sizes=\"(max-width: 1024px) 100vw, 1024px\" \/><figcaption class=\"wp-element-caption\">Pintura em homenagem a Michael Schumacher (Foto: Ferrari)<\/figcaption><\/figure>\n\n\n\n<p class=\"wp-block-paragraph\">Schumacher encontra-se em situa\u00e7\u00e3o complicada desde o acidente de esqui em M\u00e9ribel, nos Alpes Franceses, nos \u00faltimos dias de 2013. Ao cruzar uma \u00e1rea externa sem muita seguran\u00e7a a mais de 100 km\/h,&nbsp;<a href=\"https:\/\/www.grandepremio.com\/br\/f1\/noticias\/schumacher-sofre-acidente-esquiando-na-franca-e-e-levado-ao-hospital-com-lesao-na-cabeca\/\">sofreu uma queda e bateu a cabe\u00e7a com viol\u00eancia contra uma pedra<\/a>. De l\u00e1 para c\u00e1, a vida do lend\u00e1rio piloto&nbsp;<a href=\"https:\/\/www.grandepremio.com\/br\/f1\/noticias\/michael-schumacher-ainda-tem-vida-repleta-incertezas-misterio-12-anos-apos-acidente\/\">tem sido marcada por mist\u00e9rios e incertezas<\/a>.<\/p>\n\n\n\n<p class=\"wp-block-paragraph\">A F\u00f3rmula 1 volta neste fim de semana, de 4 a 6 de setembro, em Monza. O&nbsp;<strong>GRANDE PR\u00caMIO<\/strong>&nbsp;acompanha todas as atividades do&nbsp;<strong>GP da It\u00e1lia<\/strong>, 13\u00aa etapa da temporada 2026,&nbsp;<a href=\"https:\/\/www.grandepremio.com\/br\/ao-vivo\/f1\/\"><strong>AO VIVO E EM&nbsp;<\/strong><\/a><strong><a href=\"https:\/\/www.grandepremio.com\/br\/ao-vivo\/\" target=\"_blank\" rel=\"noopener\">TEMPO REAL<\/a><\/strong>,&nbsp;<a href=\"https:\/\/www.youtube.com\/@GrandePremio1\/streams\">al\u00e9m de classifica\u00e7\u00e3o e corrida em&nbsp;<strong>SEGUNDA TELA&nbsp;<\/strong>no YouTube<\/a>, em parceria com a&nbsp;<strong>Voz do Esporte<\/strong>. O&nbsp;<strong>Briefing&nbsp;<\/strong>chega para analisar ap\u00f3s o fim de cada dia de atividades nas redes sociais e na&nbsp;<strong>GPTV<\/strong>.<\/p>\n\n\n\n<h2 class=\"wp-block-heading\">GP da It\u00e1lia de F1: veja os hor\u00e1rios em Brasil, Cabo Verde,&nbsp;<a href=\"https:\/\/grandepremio.pt\/\" target=\"_blank\" rel=\"noopener\"><strong>Portugal<\/strong><\/a>, Angola e Mo\u00e7ambique:<\/h2>\n\n\n\n<h3 class=\"wp-block-heading\">Hor\u00e1rios no Brasil*<\/h3>\n\n\n\n<ul id=\"block-04b1bda2-db77-49b7-8a15-ab1e981bbd0f\" class=\"wp-block-list\">\n<li><strong>Treino livre 1: 07:30<\/strong><\/li>\n\n\n\n<li><strong>Treino livre 2: 11:00<\/strong><\/li>\n\n\n\n<li><strong>Treino livre 3: 07:30<\/strong><\/li>\n\n\n\n<li><strong>Classifica\u00e7\u00e3o: 11:00<\/strong><\/li>\n\n\n\n<li><strong>Corrida: 10:00<\/strong><\/li>\n<\/ul>\n\n\n\n<h3 class=\"wp-block-heading\">Hor\u00e1rios em Portugal e Angola<\/h3>\n\n\n\n<ul id=\"block-e78d748e-6549-4a54-9e51-69367685663a\" class=\"wp-block-list\">\n<li><strong>Treino livre 1: 11:30<\/strong><\/li>\n\n\n\n<li><strong>Treino livre 2: 15:00<\/strong><\/li>\n\n\n\n<li><strong>Treino livre 3: 11:30<\/strong><\/li>\n\n\n\n<li><strong>Classifica\u00e7\u00e3o: 15:00<\/strong><\/li>\n\n\n\n<li><strong>Corrida: 14:00<\/strong><\/li>\n<\/ul>\n\n\n\n<h3 class=\"wp-block-heading\">Hor\u00e1rios em Cabo Verde<\/h3>\n\n\n\n<ul id=\"block-7b9d835a-23af-4411-943e-453b4766e578\" class=\"wp-block-list\">\n<li><strong>Treino livre 1: 09:30<\/strong><\/li>\n\n\n\n<li><strong>Treino livre 2: 13:00<\/strong><\/li>\n\n\n\n<li><strong>Treino livre 3: 09:30<\/strong><\/li>\n\n\n\n<li><strong>Classifica\u00e7\u00e3o: 13:00<\/strong><\/li>\n\n\n\n<li><strong>Corrida: 12:00<\/strong><\/li>\n<\/ul>\n\n\n\n<h3 class=\"wp-block-heading\"><strong>Hor\u00e1rios em Mo\u00e7ambique<\/strong><\/h3>\n\n\n\n<ul id=\"block-bbaadcb9-d1e6-402a-b585-42debf37b024\" class=\"wp-block-list\">\n<li><strong>Treino livre 1: 12:30<\/strong><\/li>\n\n\n\n<li><strong>Treino livre 2: 16:00<\/strong><\/li>\n\n\n\n<li><strong>Treino livre 3: 12:30<\/strong><\/li>\n\n\n\n<li><strong>Classifica\u00e7\u00e3o: 16:00<\/strong><\/li>\n\n\n\n<li><strong>Corrida: 15:00<\/strong><\/li>\n<\/ul>\n","protected":false},"excerpt":{"rendered":"<p>Para homenagear os 30 anos do in\u00edcio da parceria com Michael Schumacher na F\u00f3rmula 1, a Ferrari vai disputar o GP da It\u00e1lia com uma pintura especial na SF-26<\/p>\n","protected":false},"author":17,"featured_media":1020313506,"comment_status":"closed","ping_status":"closed","sticky":false,"template":"","format":"standard","meta":{"42wp_featured_image_caption":"A Ferrari divulgou a nova pintura da SF-26","42wp_featured_image_credits":"Ferrari","42wp_featured_video":"","42wp_featured_image_hidden":false,"42wp_authors_list":[{"id":47149,"location":"de Belo Horizonte"}],"footnotes":""},"categories":[2],"tags":[207,758,45602],"42wp_author":[47149],"class_list":["post-164844","post","type-post","status-publish","format-standard","has-post-thumbnail","hentry","category-f1","tag-ferrari","tag-michael-schumacher","tag-sf-26","42wp_author-bernardo-castro"],"_links":{"self":[{"href":"https:\/\/grandepremio.com\/br\/wp-json\/wp\/v2\/posts\/164844","targetHints":{"allow":["GET"]}}],"collection":[{"href":"https:\/\/grandepremio.com\/br\/wp-json\/wp\/v2\/posts"}],"about":[{"href":"https:\/\/grandepremio.com\/br\/wp-json\/wp\/v2\/types\/post"}],"author":[{"embeddable":true,"href":"https:\/\/grandepremio.com\/br\/wp-json\/wp\/v2\/users\/17"}],"replies":[{"embeddable":true,"href":"https:\/\/grandepremio.com\/br\/wp-json\/wp\/v2\/comments?post=164844"}],"version-history":[{"count":7,"href":"https:\/\/grandepremio.com\/br\/wp-json\/wp\/v2\/posts\/164844\/revisions"}],"predecessor-version":[{"id":164860,"href":"https:\/\/grandepremio.com\/br\/wp-json\/wp\/v2\/posts\/164844\/revisions\/164860"}],"wp:featuredmedia":[{"embeddable":true,"href":"https:\/\/grandepremio.com\/br\/wp-json\/wp\/v2\/media\/1020313506"}],"wp:attachment":[{"href":"https:\/\/grandepremio.com\/br\/wp-json\/wp\/v2\/media?parent=164844"}],"wp:term":[{"taxonomy":"category","embeddable":true,"href":"https:\/\/grandepremio.com\/br\/wp-json\/wp\/v2\/categories?post=164844"},{"taxonomy":"post_tag","embeddable":true,"href":"https:\/\/grandepremio.com\/br\/wp-json\/wp\/v2\/tags?post=164844"},{"taxonomy":"42wp_author","embeddable":true,"href":"https:\/\/grandepremio.com\/br\/wp-json\/wp\/v2\/42wp_author?post=164844"}],"curies":[{"name":"wp","href":"https:\/\/api.w.org\/{rel}","templated":true}]}}