{"id":164893,"date":"2026-09-01T08:40:24","date_gmt":"2026-09-01T11:40:24","guid":{"rendered":"https:\/\/grandepremio.com\/br\/?p=164893"},"modified":"2026-09-01T09:20:29","modified_gmt":"2026-09-01T12:20:29","slug":"gabriel-bortoleto-destaca-melhora-ritmo-audi-projeta-bom-resultado-especial-monza","status":"publish","type":"post","link":"https:\/\/grandepremio.com\/br\/f1\/gabriel-bortoleto-destaca-melhora-ritmo-audi-projeta-bom-resultado-especial-monza\/","title":{"rendered":"Bortoleto destaca melhora do ritmo da Audi e projeta bom resultado em &#8220;especial&#8221; Monza"},"content":{"rendered":"\n<p class=\"wp-block-paragraph\"><strong>O circuito de Monza, na It\u00e1lia, \u00e9 praticamente uma segunda casa para Gabriel Bortoleto<\/strong>, que achou no pa\u00eds europeu ref\u00fagio durante a caminhada pelas categorias de base da F1. O final de semana, portanto, ser\u00e1 um dos mais especiais do ano, e o brasileiro espera aproveitar a melhora do ritmo da Audi nas \u00faltimas etapas da temporada para alcan\u00e7ar mais um bom resultado.<\/p>\n\n\n\n<p class=\"wp-block-paragraph\"><strong>Em Zandvoort, nos Pa\u00edses Baixos, <a href=\"https:\/\/grandepremio.com\/br\/galerias\/f1\/problemas-tecnicos-rodada-pista-decepcao-domingo-gabriel-bortoleto-paises-baixos\/\">Bortoleto acabou tendo a corrida bastante comprometida<\/a> ainda na largada<\/strong>, perdendo muitas posi\u00e7\u00f5es e rodando ao final do primeiro giro. <strong>Mesmo assim, seguiu na prova e imprimiu bom ritmo ao volante do R26<\/strong>.<\/p>\n\n\n\n<figure class=\"wp-block-embed is-type-video is-provider-youtube wp-block-embed-youtube wp-embed-aspect-16-9 wp-has-aspect-ratio\"><div class=\"wp-block-embed__wrapper\">\n<iframe loading=\"lazy\" title=\"\u00c9 MERCEDES x McLAREN OU FERRARI VAI JOGAR EM CASA PARA VENCER NA IT\u00c1LIA? | Paddock GP\" width=\"500\" height=\"281\" src=\"https:\/\/www.youtube.com\/embed\/Yi0F8GkGBo4?feature=oembed\" frameborder=\"0\" allow=\"accelerometer; autoplay; clipboard-write; encrypted-media; gyroscope; picture-in-picture; web-share\" referrerpolicy=\"strict-origin-when-cross-origin\" allowfullscreen><\/iframe>\n<\/div><\/figure>\n\n\n\n<p class=\"wp-block-paragraph\">Os pontos, todavia, n\u00e3o vieram: Gabriel terminou em 13\u00ba, por\u00e9m o nono lugar de Nico H\u00fclkenberg representou a quarta corrida seguida da Audi no top-10, sinal claro do crescimento em 2026.<\/p>\n\n\n\n<p class=\"wp-block-paragraph\">&#8220;Mesmo que o resultado de domingo, em Zandvoort, n\u00e3o tenha sido o esperado, eu me senti bem com o carro, tivemos um bom ritmo&#8221;, disse na pr\u00e9via da Audi para o GP da It\u00e1lia. &#8220;Esses foram, sem d\u00favida, pontos positivos no retorno ap\u00f3s a pausa&#8221;, salientou.<\/p>\n\n\n\n<p class=\"wp-block-paragraph\">&#8220;Monza \u00e9 sempre um fim de semana com um significado especial para mim: vivi na It\u00e1lia durante toda a minha trajet\u00f3ria nas categorias de base e tamb\u00e9m conquistei bons resultados aqui nos \u00faltimos anos&#8221;, acrescentou.<\/p>\n\n\n\n<p class=\"wp-block-paragraph\">Um desses resultados, ali\u00e1s, ajudou a carimbar o passaporte para a F1:<a href=\"https:\/\/grandepremio.com\/br\/f2\/gabriel-bortoleto-show-conta-sorte-vence-corrida-2-f2-italia-largar-ultimo\/\"> a vit\u00f3ria na corrida 2 da rodada da It\u00e1lia da F2 2024 <\/a>ap\u00f3s largar da \u00faltima posi\u00e7\u00e3o. Bortoleto chegou ao t\u00edtulo naquele ano.<\/p>\n\n\n\n<p class=\"wp-block-paragraph\">&#8220;No geral, correr no Templo da Velocidade \u00e9 algo que sempre gera grande expectativa. Fomos competitivos nas \u00faltimas corridas, ent\u00e3o espero que possamos manter esse desempenho neste fim de semana e conquistar um bom resultado&#8221;, encerrou.<\/p>\n\n\n\n<p class=\"wp-block-paragraph\">A F\u00f3rmula 1 volta neste fim de semana, de 4 a 6 de setembro, em Monza. O&nbsp;<strong>GRANDE PR\u00caMIO<\/strong>&nbsp;acompanha todas as atividades do&nbsp;<strong>GP da It\u00e1lia<\/strong>, 13\u00aa etapa da temporada 2026,&nbsp;<a href=\"https:\/\/www.grandepremio.com\/br\/ao-vivo\/f1\/\"><strong>AO VIVO E EM&nbsp;<\/strong><\/a><strong><a href=\"https:\/\/www.grandepremio.com\/br\/ao-vivo\/\" target=\"_blank\" rel=\"noopener\">TEMPO REAL<\/a><\/strong>,&nbsp;<a href=\"https:\/\/www.youtube.com\/@GrandePremio1\/streams\">al\u00e9m de classifica\u00e7\u00e3o e corrida em&nbsp;<strong>SEGUNDA TELA&nbsp;<\/strong>no YouTube<\/a>, em parceria com a&nbsp;<strong>Voz do Esporte<\/strong>. O&nbsp;<strong>Briefing&nbsp;<\/strong>chega para analisar ap\u00f3s o fim de cada dia de atividades nas redes sociais e na&nbsp;<strong>GPTV<\/strong>.<\/p>\n\n\n\n<h2 class=\"wp-block-heading\">GP da It\u00e1lia de F1: veja os hor\u00e1rios em Brasil, Cabo Verde,&nbsp;<a href=\"https:\/\/grandepremio.pt\/\" target=\"_blank\" rel=\"noopener\"><strong>Portugal<\/strong><\/a>, Angola e Mo\u00e7ambique:<\/h2>\n\n\n\n<h3 class=\"wp-block-heading\">Hor\u00e1rios no Brasil*<\/h3>\n\n\n\n<ul id=\"block-04b1bda2-db77-49b7-8a15-ab1e981bbd0f\" class=\"wp-block-list\">\n<li><strong>Treino livre 1: 07:30<\/strong><\/li>\n\n\n\n<li><strong>Treino livre 2: 11:00<\/strong><\/li>\n\n\n\n<li><strong>Treino livre 3: 07:30<\/strong><\/li>\n\n\n\n<li><strong>Classifica\u00e7\u00e3o: 11:00<\/strong><\/li>\n\n\n\n<li><strong>Corrida: 10:00<\/strong><\/li>\n<\/ul>\n\n\n\n<h3 class=\"wp-block-heading\">Hor\u00e1rios em Portugal e Angola<\/h3>\n\n\n\n<ul id=\"block-e78d748e-6549-4a54-9e51-69367685663a\" class=\"wp-block-list\">\n<li><strong>Treino livre 1: 11:30<\/strong><\/li>\n\n\n\n<li><strong>Treino livre 2: 15:00<\/strong><\/li>\n\n\n\n<li><strong>Treino livre 3: 11:30<\/strong><\/li>\n\n\n\n<li><strong>Classifica\u00e7\u00e3o: 15:00<\/strong><\/li>\n\n\n\n<li><strong>Corrida: 14:00<\/strong><\/li>\n<\/ul>\n\n\n\n<h3 class=\"wp-block-heading\">Hor\u00e1rios em Cabo Verde<\/h3>\n\n\n\n<ul id=\"block-7b9d835a-23af-4411-943e-453b4766e578\" class=\"wp-block-list\">\n<li><strong>Treino livre 1: 09:30<\/strong><\/li>\n\n\n\n<li><strong>Treino livre 2: 13:00<\/strong><\/li>\n\n\n\n<li><strong>Treino livre 3: 09:30<\/strong><\/li>\n\n\n\n<li><strong>Classifica\u00e7\u00e3o: 13:00<\/strong><\/li>\n\n\n\n<li><strong>Corrida: 12:00<\/strong><\/li>\n<\/ul>\n\n\n\n<h3 class=\"wp-block-heading\"><strong>Hor\u00e1rios em Mo\u00e7ambique<\/strong><\/h3>\n\n\n\n<ul id=\"block-bbaadcb9-d1e6-402a-b585-42debf37b024\" class=\"wp-block-list\">\n<li><strong>Treino livre 1: 12:30<\/strong><\/li>\n\n\n\n<li><strong>Treino livre 2: 16:00<\/strong><\/li>\n\n\n\n<li><strong>Treino livre 3: 12:30<\/strong><\/li>\n\n\n\n<li><strong>Classifica\u00e7\u00e3o: 16:00<\/strong><\/li>\n\n\n\n<li><strong>Corrida: 15:00<\/strong><\/li>\n<\/ul>\n","protected":false},"excerpt":{"rendered":"<p>A Audi pontuou nas quatro \u00faltimas corridas da temporada, e Gabriel Bortoleto quer aproveitar o bom momento para voltar ao top-10 na segunda casa<\/p>\n","protected":false},"author":4,"featured_media":1020312370,"comment_status":"closed","ping_status":"closed","sticky":false,"template":"","format":"standard","meta":{"42wp_featured_image_caption":"Gabriel Bortoleto tem \u00f3timas lembran\u00e7as de Monza","42wp_featured_image_credits":"Audi","42wp_featured_video":"","42wp_featured_image_hidden":false,"42wp_authors_list":[{"id":47147,"location":"de Duque de Caxias"}],"footnotes":""},"categories":[2],"tags":[970,350,24898,1737],"42wp_author":[47147],"class_list":["post-164893","post","type-post","status-publish","format-standard","has-post-thumbnail","hentry","category-f1","tag-audi","tag-gabriel-bortoleto","tag-gp-da-italia","tag-monza","42wp_author-luana-marino"],"_links":{"self":[{"href":"https:\/\/grandepremio.com\/br\/wp-json\/wp\/v2\/posts\/164893","targetHints":{"allow":["GET"]}}],"collection":[{"href":"https:\/\/grandepremio.com\/br\/wp-json\/wp\/v2\/posts"}],"about":[{"href":"https:\/\/grandepremio.com\/br\/wp-json\/wp\/v2\/types\/post"}],"author":[{"embeddable":true,"href":"https:\/\/grandepremio.com\/br\/wp-json\/wp\/v2\/users\/4"}],"replies":[{"embeddable":true,"href":"https:\/\/grandepremio.com\/br\/wp-json\/wp\/v2\/comments?post=164893"}],"version-history":[{"count":3,"href":"https:\/\/grandepremio.com\/br\/wp-json\/wp\/v2\/posts\/164893\/revisions"}],"predecessor-version":[{"id":164911,"href":"https:\/\/grandepremio.com\/br\/wp-json\/wp\/v2\/posts\/164893\/revisions\/164911"}],"wp:featuredmedia":[{"embeddable":true,"href":"https:\/\/grandepremio.com\/br\/wp-json\/wp\/v2\/media\/1020312370"}],"wp:attachment":[{"href":"https:\/\/grandepremio.com\/br\/wp-json\/wp\/v2\/media?parent=164893"}],"wp:term":[{"taxonomy":"category","embeddable":true,"href":"https:\/\/grandepremio.com\/br\/wp-json\/wp\/v2\/categories?post=164893"},{"taxonomy":"post_tag","embeddable":true,"href":"https:\/\/grandepremio.com\/br\/wp-json\/wp\/v2\/tags?post=164893"},{"taxonomy":"42wp_author","embeddable":true,"href":"https:\/\/grandepremio.com\/br\/wp-json\/wp\/v2\/42wp_author?post=164893"}],"curies":[{"name":"wp","href":"https:\/\/api.w.org\/{rel}","templated":true}]}}