{"id":164917,"date":"2026-09-01T10:09:37","date_gmt":"2026-09-01T13:09:37","guid":{"rendered":"https:\/\/grandepremio.com\/br\/?p=164917"},"modified":"2026-09-01T10:09:38","modified_gmt":"2026-09-01T13:09:38","slug":"programacao-formula-2-italia-horarios-etapa-monza","status":"publish","type":"post","link":"https:\/\/grandepremio.com\/br\/f2\/programacao-formula-2-italia-horarios-etapa-monza\/","title":{"rendered":"A programa\u00e7\u00e3o da F\u00f3rmula 2 na It\u00e1lia: hor\u00e1rios da etapa em Monza"},"content":{"rendered":"\n<p class=\"wp-block-paragraph\">Depois de um longo hiato ap\u00f3s a rodada da Hungria, que teve vit\u00f3rias de Gabriele Min\u00ec e Noel Le\u00f3n, a F\u00f3rmula 2 est\u00e1 prestes a retomar a temporada 2026 com o fim de semana na It\u00e1lia. A etapa em Monza \u00e9 a d\u00e9cima do ano e acontece entre 4 e 6 de setembro.<\/p>\n\n\n\n<p class=\"wp-block-paragraph\">A F2 chega \u00e0 It\u00e1lia com Nikola Tsolov liderando o campeonato, com 167 pontos, 20 a mais que o vice-l\u00edder Gabriele Min\u00ec e 22 a mais que o brasileiro Rafael C\u00e2mara. O b\u00falgaro, no entanto, precisa reagir ap\u00f3s o trope\u00e7o na Hungria para mostrar que pode seguir dominando a categoria.<\/p>\n\n\n\n<figure class=\"wp-block-embed is-type-video is-provider-youtube wp-block-embed-youtube wp-embed-aspect-16-9 wp-has-aspect-ratio\"><div class=\"wp-block-embed__wrapper\">\n<iframe loading=\"lazy\" title=\"ALPINE RENOVA COM COLAPINTO + SEMANA DECISIVA DE C\u00c2MARA | WGP\" width=\"500\" height=\"281\" src=\"https:\/\/www.youtube.com\/embed\/pOHasUibuKM?feature=oembed\" frameborder=\"0\" allow=\"accelerometer; autoplay; clipboard-write; encrypted-media; gyroscope; picture-in-picture; web-share\" referrerpolicy=\"strict-origin-when-cross-origin\" allowfullscreen><\/iframe>\n<\/div><\/figure>\n\n\n\n<p class=\"wp-block-paragraph\">A a\u00e7\u00e3o da F2 em Monza tem in\u00edcio na sexta-feira (4), com o treino livre \u00e0s 5h (de Bras\u00edlia, GMT-3). Mais tarde, os pilotos retornam \u00e0 pista para a classifica\u00e7\u00e3o, que define o grid de largada tanto da sprint quanto da corrida 2, \u00e0s 9h55.<\/p>\n\n\n\n<p class=\"wp-block-paragraph\">No s\u00e1bado (5), a \u00fanica sess\u00e3o \u00e9 a corrida sprint, que tem in\u00edcio \u00e0s 9h15. No domingo (6), a largada da corrida 2 acontece \u00e0s 4h45.<\/p>\n\n\n\n<p class=\"wp-block-paragraph\">No Brasil, todas as sess\u00f5es podem ser acompanhadas pelo canal fechado SporTV e pela F1 TV, streaming oficial da categoria. O GRANDE PR\u00caMIO tamb\u00e9m faz a cobertura completa do fim de semana.<\/p>\n\n\n\n<h2 class=\"wp-block-heading\"><strong>F2 na It\u00e1lia: veja os hor\u00e1rios em Brasil, Cabo Verde,<\/strong> <a href=\"https:\/\/grandepremio.pt\/\">Portugal<\/a><strong>, Angola e Mo\u00e7ambique:<\/strong><\/h2>\n\n\n\n<h3 class=\"wp-block-heading\"><strong>Hor\u00e1rios no Brasil*<\/strong><\/h3>\n\n\n\n<ul class=\"wp-block-list\">\n<li>Treino livre: 05:00<\/li>\n\n\n\n<li>Classifica\u00e7\u00e3o: 09:55<\/li>\n\n\n\n<li>Corrida sprint: 09:15<\/li>\n\n\n\n<li>Corrida 2: 04:45<\/li>\n<\/ul>\n\n\n\n<h3 class=\"wp-block-heading\"><strong>Hor\u00e1rios em Cabo Verde<\/strong><\/h3>\n\n\n\n<ul class=\"wp-block-list\">\n<li>Treino livre: 07:00<\/li>\n\n\n\n<li>Classifica\u00e7\u00e3o: 11:55<\/li>\n\n\n\n<li>Corrida sprint: 11:15<\/li>\n\n\n\n<li>Corrida 2: 06:45<\/li>\n<\/ul>\n\n\n\n<h3 class=\"wp-block-heading\"><strong>Hor\u00e1rios em Portugal e Angola<\/strong><\/h3>\n\n\n\n<ul class=\"wp-block-list\">\n<li>Treino livre: 09:00<\/li>\n\n\n\n<li>Classifica\u00e7\u00e3o: 13:55<\/li>\n\n\n\n<li>Corrida sprint: 13:15<\/li>\n\n\n\n<li>Corrida 2: 08:45<\/li>\n<\/ul>\n\n\n\n<h3 class=\"wp-block-heading\"><strong>Hor\u00e1rios em Mo\u00e7ambique<\/strong><\/h3>\n\n\n\n<ul class=\"wp-block-list\">\n<li>Treino livre: 10:00<\/li>\n\n\n\n<li>Classifica\u00e7\u00e3o: 14:55<\/li>\n\n\n\n<li>Corrida sprint: 14:15<\/li>\n\n\n\n<li>Corrida 2: 09:45<\/li>\n<\/ul>\n\n\n\n<p class=\"wp-block-paragraph\">*(Hor\u00e1rio de Bras\u00edlia, GMT-3)<\/p>\n","protected":false},"excerpt":{"rendered":"<p>A F\u00f3rmula 2 retoma as atividades da temporada 2026 com o fim de semana na It\u00e1lia. Fique por dentro da programa\u00e7\u00e3o e saiba como assistir \u00e0s atividades em Monza<\/p>\n","protected":false},"author":17,"featured_media":1020310670,"comment_status":"closed","ping_status":"closed","sticky":false,"template":"","format":"standard","meta":{"42wp_featured_image_caption":"A F2 retoma as atividades com o fim de semana em Monza","42wp_featured_image_credits":"Reprodu\u00e7\u00e3o\/F2","42wp_featured_video":"","42wp_featured_image_hidden":false,"42wp_authors_list":[{"id":47149,"location":"de Belo Horizonte"}],"footnotes":""},"categories":[9],"tags":[1737,31049,27860],"42wp_author":[47149],"class_list":["post-164917","post","type-post","status-publish","format-standard","has-post-thumbnail","hentry","category-f2","tag-monza","tag-nikola-tsolov","tag-rafael-camara","42wp_author-bernardo-castro"],"_links":{"self":[{"href":"https:\/\/grandepremio.com\/br\/wp-json\/wp\/v2\/posts\/164917","targetHints":{"allow":["GET"]}}],"collection":[{"href":"https:\/\/grandepremio.com\/br\/wp-json\/wp\/v2\/posts"}],"about":[{"href":"https:\/\/grandepremio.com\/br\/wp-json\/wp\/v2\/types\/post"}],"author":[{"embeddable":true,"href":"https:\/\/grandepremio.com\/br\/wp-json\/wp\/v2\/users\/17"}],"replies":[{"embeddable":true,"href":"https:\/\/grandepremio.com\/br\/wp-json\/wp\/v2\/comments?post=164917"}],"version-history":[{"count":1,"href":"https:\/\/grandepremio.com\/br\/wp-json\/wp\/v2\/posts\/164917\/revisions"}],"predecessor-version":[{"id":164920,"href":"https:\/\/grandepremio.com\/br\/wp-json\/wp\/v2\/posts\/164917\/revisions\/164920"}],"wp:featuredmedia":[{"embeddable":true,"href":"https:\/\/grandepremio.com\/br\/wp-json\/wp\/v2\/media\/1020310670"}],"wp:attachment":[{"href":"https:\/\/grandepremio.com\/br\/wp-json\/wp\/v2\/media?parent=164917"}],"wp:term":[{"taxonomy":"category","embeddable":true,"href":"https:\/\/grandepremio.com\/br\/wp-json\/wp\/v2\/categories?post=164917"},{"taxonomy":"post_tag","embeddable":true,"href":"https:\/\/grandepremio.com\/br\/wp-json\/wp\/v2\/tags?post=164917"},{"taxonomy":"42wp_author","embeddable":true,"href":"https:\/\/grandepremio.com\/br\/wp-json\/wp\/v2\/42wp_author?post=164917"}],"curies":[{"name":"wp","href":"https:\/\/api.w.org\/{rel}","templated":true}]}}