{"id":164980,"date":"2026-09-01T15:32:55","date_gmt":"2026-09-01T18:32:55","guid":{"rendered":"https:\/\/grandepremio.com\/br\/?p=164980"},"modified":"2026-09-01T15:38:15","modified_gmt":"2026-09-01T18:38:15","slug":"cadillac-deixa-sergio-perez-banco-da-nova-chance-colton-herta-tl1-gp-da-italia","status":"publish","type":"post","link":"https:\/\/grandepremio.com\/br\/f1\/cadillac-deixa-sergio-perez-banco-da-nova-chance-colton-herta-tl1-gp-da-italia\/","title":{"rendered":"Cadillac deixa P\u00e9rez no banco e d\u00e1 nova chance a Herta no TL1 do GP da It\u00e1lia"},"content":{"rendered":"\n<p class=\"wp-block-paragraph\">A Cadillac confirmou nesta ter\u00e7a-feira (1\u00ba) que Colton Herta, atual piloto de testes, vai tomar o lugar de Sergio P\u00e9rez durante o treino livre 1 do GP da It\u00e1lia, 13\u00aa etapa da temporada 2026 da F\u00f3rmula 1. O norte-americano j\u00e1 participou da mesma atividade em duas outras oportunidades, na Catalunha e na Hungria, coletando informa\u00e7\u00f5es importantes para a equipe acerca do MAC-26.<\/p>\n\n\n\n<p class=\"wp-block-paragraph\">Essa, portanto, ser\u00e1 a terceira experi\u00eancia do ex-Indy com um carro da categoria ao longo de um fim de semana. Atualmente, al\u00e9m de auxiliar a dupla titular no ano de estreia do time <a href=\"https:\/\/grandepremio.com\/br\/f1\/cadillac-promove-mudanca-anuncia-ex-alpine-novo-chefe-equipe-formula-1\/\">agora liderado por Marcin Budkowski<\/a>, o competidor de 26 anos tamb\u00e9m disputa a F\u00f3rmula 2 pela Hitech, ocupando a 16\u00aa posi\u00e7\u00e3o, com 26 pontos somados.<\/p>\n\n\n\n<figure class=\"wp-block-embed is-type-video is-provider-youtube wp-block-embed-youtube wp-embed-aspect-16-9 wp-has-aspect-ratio\"><div class=\"wp-block-embed__wrapper\">\n<iframe loading=\"lazy\" title=\"\u00c9 MERCEDES x McLAREN OU FERRARI VAI JOGAR EM CASA PARA VENCER NA IT\u00c1LIA? | Paddock GP\" width=\"500\" height=\"281\" src=\"https:\/\/www.youtube.com\/embed\/Yi0F8GkGBo4?feature=oembed\" frameborder=\"0\" allow=\"accelerometer; autoplay; clipboard-write; encrypted-media; gyroscope; picture-in-picture; web-share\" referrerpolicy=\"strict-origin-when-cross-origin\" allowfullscreen><\/iframe>\n<\/div><\/figure>\n\n\n\n<p class=\"wp-block-paragraph\">Ou seja, Herta ter\u00e1 jornada dupla pela frente no Aut\u00f3dromo Nacional de Monza, uma vez que o campeonato de acesso tamb\u00e9m desembarca por l\u00e1 para a d\u00e9cima etapa de 2026.<\/p>\n\n\n\n<p class=\"wp-block-paragraph\">&#8220;Esta \u00e9 uma excelente oportunidade para experimentar diferentes caracter\u00edsticas do MAC-26. Depois de ter pilotado em circuitos de alta carga aerodin\u00e2mica, como Barcelona e Budapeste, o desafio ser\u00e1 bem diferente em Monza&#8221;, come\u00e7ou o norte-americano em um comunicado da Cadillac.<\/p>\n\n\n\n<p class=\"wp-block-paragraph\">&#8220;Com o carro acertado para baixo arrasto, ele ficar\u00e1 mais arisco, o que exigir\u00e1 ainda mais precis\u00e3o nos pontos de frenagem e na passagem pelas zebras das chicanes, buscando o tra\u00e7ado com a maior exatid\u00e3o poss\u00edvel&#8221;, avaliou. &#8220;Estou muito empolgado por poder contribuir com o fim de semana de corrida e com o desenvolvimento cont\u00ednuo da equipe em um dos circuitos mais ic\u00f4nicos do automobilismo&#8221;, encerrou.<\/p>\n\n\n\n<p class=\"wp-block-paragraph\">A Cadillac segue sendo a \u00fanica equipe ainda zerada na temporada 2026 da F1 e, portanto, <a href=\"https:\/\/grandepremio.com\/br\/f1\/andrea-kimi-antonelli-abre-vantagem-2o-lugar-paises-baixos-confira-classificacao-f1-2026\/\">ocupa a 11\u00aa e \u00faltima posi\u00e7\u00e3o no Mundial de Construtores<\/a>.<\/p>\n\n\n\n<figure class=\"wp-block-image size-large\"><img loading=\"lazy\" decoding=\"async\" width=\"1200\" height=\"675\" src=\"https:\/\/grandepremio.com\/br\/wp-content\/uploads\/2026\/06\/f1-2026-catalunha-treino-livre-rookies-04-1200x675.jpg?crop=1\" alt=\"\" class=\"wp-image-1001097995\" srcset=\"https:\/\/grandepremio.com\/wp-content\/uploads\/2026\/06\/f1-2026-catalunha-treino-livre-rookies-04-1200x675.jpg 1200w, https:\/\/grandepremio.com\/wp-content\/uploads\/2026\/06\/f1-2026-catalunha-treino-livre-rookies-04-300x169.jpg 300w, https:\/\/grandepremio.com\/wp-content\/uploads\/2026\/06\/f1-2026-catalunha-treino-livre-rookies-04-768x432.jpg 768w, https:\/\/grandepremio.com\/wp-content\/uploads\/2026\/06\/f1-2026-catalunha-treino-livre-rookies-04-1536x864.jpg 1536w, https:\/\/grandepremio.com\/wp-content\/uploads\/2026\/06\/f1-2026-catalunha-treino-livre-rookies-04-150x84.jpg 150w, https:\/\/grandepremio.com\/wp-content\/uploads\/2026\/06\/f1-2026-catalunha-treino-livre-rookies-04.jpg 1920w\" sizes=\"(max-width: 1200px) 100vw, 1200px\" \/><figcaption class=\"wp-element-caption\">Colton Herta vai completar o terceiro TL1 com a Cadillac em 2026 (Foto: Cadillac)<\/figcaption><\/figure>\n\n\n\n<p class=\"wp-block-paragraph\">A F\u00f3rmula 1 volta neste fim de semana, de 4 a 6 de setembro, em Monza. O <strong>GRANDE PR\u00caMIO<\/strong> acompanha todas as atividades do\u00a0<strong>GP da It\u00e1lia<\/strong>, 13\u00aa etapa da temporada 2026,\u00a0<a href=\"https:\/\/www.grandepremio.com\/br\/ao-vivo\/f1\/\"><strong>AO VIVO E EM\u00a0<\/strong><\/a><strong><a href=\"https:\/\/www.grandepremio.com\/br\/ao-vivo\/\" target=\"_blank\" rel=\"noopener\">TEMPO REAL<\/a><\/strong>,\u00a0<a href=\"https:\/\/www.youtube.com\/@GrandePremio1\/streams\">al\u00e9m de classifica\u00e7\u00e3o e corrida em\u00a0<strong>SEGUNDA TELA\u00a0<\/strong>no YouTube<\/a>, em parceria com a\u00a0<strong>Voz do Esporte<\/strong>. O\u00a0<strong>Briefing\u00a0<\/strong>chega para analisar ap\u00f3s o fim de cada dia de atividades nas redes sociais e na\u00a0<strong>GPTV<\/strong>.<\/p>\n\n\n\n<h2 class=\"wp-block-heading\">GP da It\u00e1lia de F1: veja os hor\u00e1rios em Brasil, Cabo Verde,&nbsp;<a href=\"https:\/\/grandepremio.pt\/\" target=\"_blank\" rel=\"noopener\"><strong>Portugal<\/strong><\/a>, Angola e Mo\u00e7ambique:<\/h2>\n\n\n\n<h3 class=\"wp-block-heading\">Hor\u00e1rios no Brasil*<\/h3>\n\n\n\n<ul id=\"block-04b1bda2-db77-49b7-8a15-ab1e981bbd0f\" class=\"wp-block-list\">\n<li><strong>Treino livre 1: 07:30<\/strong><\/li>\n\n\n\n<li><strong>Treino livre 2: 11:00<\/strong><\/li>\n\n\n\n<li><strong>Treino livre 3: 07:30<\/strong><\/li>\n\n\n\n<li><strong>Classifica\u00e7\u00e3o: 11:00<\/strong><\/li>\n\n\n\n<li><strong>Corrida: 10:00<\/strong><\/li>\n<\/ul>\n\n\n\n<h3 class=\"wp-block-heading\">Hor\u00e1rios em Portugal e Angola<\/h3>\n\n\n\n<ul id=\"block-e78d748e-6549-4a54-9e51-69367685663a\" class=\"wp-block-list\">\n<li><strong>Treino livre 1: 11:30<\/strong><\/li>\n\n\n\n<li><strong>Treino livre 2: 15:00<\/strong><\/li>\n\n\n\n<li><strong>Treino livre 3: 11:30<\/strong><\/li>\n\n\n\n<li><strong>Classifica\u00e7\u00e3o: 15:00<\/strong><\/li>\n\n\n\n<li><strong>Corrida: 14:00<\/strong><\/li>\n<\/ul>\n\n\n\n<h3 class=\"wp-block-heading\">Hor\u00e1rios em Cabo Verde<\/h3>\n\n\n\n<ul id=\"block-7b9d835a-23af-4411-943e-453b4766e578\" class=\"wp-block-list\">\n<li><strong>Treino livre 1: 09:30<\/strong><\/li>\n\n\n\n<li><strong>Treino livre 2: 13:00<\/strong><\/li>\n\n\n\n<li><strong>Treino livre 3: 09:30<\/strong><\/li>\n\n\n\n<li><strong>Classifica\u00e7\u00e3o: 13:00<\/strong><\/li>\n\n\n\n<li><strong>Corrida: 12:00<\/strong><\/li>\n<\/ul>\n\n\n\n<h3 class=\"wp-block-heading\"><strong>Hor\u00e1rios em Mo\u00e7ambique<\/strong><\/h3>\n\n\n\n<ul id=\"block-bbaadcb9-d1e6-402a-b585-42debf37b024\" class=\"wp-block-list\">\n<li><strong>Treino livre 1: 12:30<\/strong><\/li>\n\n\n\n<li><strong>Treino livre 2: 16:00<\/strong><\/li>\n\n\n\n<li><strong>Treino livre 3: 12:30<\/strong><\/li>\n\n\n\n<li><strong>Classifica\u00e7\u00e3o: 16:00<\/strong><\/li>\n\n\n\n<li><strong>Corrida: 15:00<\/strong><\/li>\n<\/ul>\n","protected":false},"excerpt":{"rendered":"<p>Pela terceira vez na temporada 2026, a Cadillac optou por escalar Colton Herta na atividade que abre o fim de semana da F\u00f3rmula 1<\/p>\n","protected":false},"author":19,"featured_media":1001077558,"comment_status":"closed","ping_status":"closed","sticky":false,"template":"","format":"standard","meta":{"42wp_featured_image_caption":"Colton Herta","42wp_featured_image_credits":"Cadillac","42wp_featured_video":"","42wp_featured_image_hidden":false,"42wp_authors_list":[{"id":47160,"location":"de Colatina"}],"footnotes":""},"categories":[2],"tags":[729,1579,24898],"42wp_author":[47160],"class_list":["post-164980","post","type-post","status-publish","format-standard","has-post-thumbnail","hentry","category-f1","tag-cadillac","tag-colton-herta","tag-gp-da-italia","42wp_author-vicente-soella"],"_links":{"self":[{"href":"https:\/\/grandepremio.com\/br\/wp-json\/wp\/v2\/posts\/164980","targetHints":{"allow":["GET"]}}],"collection":[{"href":"https:\/\/grandepremio.com\/br\/wp-json\/wp\/v2\/posts"}],"about":[{"href":"https:\/\/grandepremio.com\/br\/wp-json\/wp\/v2\/types\/post"}],"author":[{"embeddable":true,"href":"https:\/\/grandepremio.com\/br\/wp-json\/wp\/v2\/users\/19"}],"replies":[{"embeddable":true,"href":"https:\/\/grandepremio.com\/br\/wp-json\/wp\/v2\/comments?post=164980"}],"version-history":[{"count":4,"href":"https:\/\/grandepremio.com\/br\/wp-json\/wp\/v2\/posts\/164980\/revisions"}],"predecessor-version":[{"id":164988,"href":"https:\/\/grandepremio.com\/br\/wp-json\/wp\/v2\/posts\/164980\/revisions\/164988"}],"wp:featuredmedia":[{"embeddable":true,"href":"https:\/\/grandepremio.com\/br\/wp-json\/wp\/v2\/media\/1001077558"}],"wp:attachment":[{"href":"https:\/\/grandepremio.com\/br\/wp-json\/wp\/v2\/media?parent=164980"}],"wp:term":[{"taxonomy":"category","embeddable":true,"href":"https:\/\/grandepremio.com\/br\/wp-json\/wp\/v2\/categories?post=164980"},{"taxonomy":"post_tag","embeddable":true,"href":"https:\/\/grandepremio.com\/br\/wp-json\/wp\/v2\/tags?post=164980"},{"taxonomy":"42wp_author","embeddable":true,"href":"https:\/\/grandepremio.com\/br\/wp-json\/wp\/v2\/42wp_author?post=164980"}],"curies":[{"name":"wp","href":"https:\/\/api.w.org\/{rel}","templated":true}]}}