{"id":164994,"date":"2026-09-01T16:37:24","date_gmt":"2026-09-01T19:37:24","guid":{"rendered":"https:\/\/grandepremio.com\/br\/?p=164994"},"modified":"2026-09-01T16:39:32","modified_gmt":"2026-09-01T19:39:32","slug":"pirelli-divulga-trofeu-gp-italia-inspiracao-pilha-loucas-formula-1","status":"publish","type":"post","link":"https:\/\/grandepremio.com\/br\/f1\/pirelli-divulga-trofeu-gp-italia-inspiracao-pilha-loucas-formula-1\/","title":{"rendered":"Pirelli divulga trof\u00e9u para GP da It\u00e1lia com inspira\u00e7\u00e3o em pilha de lou\u00e7as na F\u00f3rmula 1"},"content":{"rendered":"\n<p class=\"wp-block-paragraph\"><strong>A Pirelli divulgou nesta ter\u00e7a-feira (1\u00b0) os trof\u00e9us do GP da It\u00e1lia da temporada 2026 da F\u00f3rmula 1<\/strong>, seguindo o sexto ano da parceria com o Pirelli Hangar Bicocca, Museu de Arte Contempor\u00e2nea. <strong>As ta\u00e7as, que s\u00e3o compostas por diversas x\u00edcaras e tigelas pequenas<\/strong> na horizontal, receberam o nome de &#8220;Fragile&#8221; \u2014 fr\u00e1gil em ingl\u00eas.<\/p>\n\n\n\n<p class=\"wp-block-paragraph\">Criados pela dupla de artistas conhecida como Vedovamazzei \u2014 Stella Scala e Simeone Crispino \u2014, a <strong>ideia \u00e9 justamente emular uma pilha de lou\u00e7a no formato dos trof\u00e9us<\/strong>, que s\u00e3o predominantemente prata com acabamento cromado.<\/p>\n\n\n\n<figure class=\"wp-block-embed is-type-video is-provider-youtube wp-block-embed-youtube wp-embed-aspect-16-9 wp-has-aspect-ratio\"><div class=\"wp-block-embed__wrapper\">\n<iframe loading=\"lazy\" title=\"\u00c9 MERCEDES x McLAREN OU FERRARI VAI JOGAR EM CASA PARA VENCER NA IT\u00c1LIA? | Paddock GP\" width=\"500\" height=\"281\" src=\"https:\/\/www.youtube.com\/embed\/Yi0F8GkGBo4?feature=oembed\" frameborder=\"0\" allow=\"accelerometer; autoplay; clipboard-write; encrypted-media; gyroscope; picture-in-picture; web-share\" referrerpolicy=\"strict-origin-when-cross-origin\" allowfullscreen><\/iframe>\n<\/div><\/figure>\n\n\n\n<p class=\"wp-block-paragraph\">Segundo os escultores, o design da ta\u00e7a foi inspirado no costume de passar um copo comemorativo de m\u00e3o em m\u00e3o. &#8220;A ideia do trof\u00e9u nasce da antiga tradi\u00e7\u00e3o de passar uma ta\u00e7a de celebra\u00e7\u00e3o de m\u00e3o em m\u00e3o. Ela servia como um grande recipiente para beber, criando uma sensa\u00e7\u00e3o de celebra\u00e7\u00e3o e festividade compartilhadas&#8221;, detalham.<\/p>\n\n\n\n<p class=\"wp-block-paragraph\">&#8220;Quer\u00edamos que o trof\u00e9u fosse o s\u00edmbolo de uma vit\u00f3ria que um indiv\u00edduo segura nas pr\u00f3prias m\u00e3os, mas que reflete o esp\u00edrito de uma comunidade. No caso da F\u00f3rmula 1, essa coletividade inclui a equipe, os torcedores e todo o universo que gira em torno dos pilotos. A composi\u00e7\u00e3o tamb\u00e9m evoca uma dimens\u00e3o cotidiana por meio de gestos repetidos, sugerindo uma vit\u00f3ria conquistada volta ap\u00f3s volta, que nunca corresponde a um status eterno e imut\u00e1vel. Ela \u00e9 inst\u00e1vel, ef\u00eamera, e precisa ser reconquistada. Na verdade, \u00e9 fr\u00e1gil&#8221;, concluem.<\/p>\n\n\n\n<figure class=\"wp-block-image size-full\"><img loading=\"lazy\" decoding=\"async\" width=\"800\" height=\"600\" src=\"https:\/\/grandepremio.com\/br\/wp-content\/uploads\/2026\/09\/artistas-trofeus-monza.jpg\" alt=\"\" class=\"wp-image-1020313523\" srcset=\"https:\/\/grandepremio.com\/wp-content\/uploads\/2026\/09\/artistas-trofeus-monza.jpg 800w, https:\/\/grandepremio.com\/wp-content\/uploads\/2026\/09\/artistas-trofeus-monza-300x225.jpg 300w, https:\/\/grandepremio.com\/wp-content\/uploads\/2026\/09\/artistas-trofeus-monza-768x576.jpg 768w, https:\/\/grandepremio.com\/wp-content\/uploads\/2026\/09\/artistas-trofeus-monza-150x113.jpg 150w\" sizes=\"(max-width: 800px) 100vw, 800px\" \/><figcaption class=\"wp-element-caption\">Simeone Crispino e Stella Scala, artistas dos trof\u00e9us do GP da It\u00e1lia (Foto: Pirelli)<\/figcaption><\/figure>\n\n\n\n<p class=\"wp-block-paragraph\">A F\u00f3rmula 1 volta neste fim de semana, de 4 a 6 de setembro, em Monza. O&nbsp;<strong>GRANDE PR\u00caMIO<\/strong>&nbsp;acompanha todas as atividades do&nbsp;<strong>GP da It\u00e1lia<\/strong>, 13\u00aa etapa da temporada 2026,&nbsp;<a href=\"https:\/\/www.grandepremio.com\/br\/ao-vivo\/f1\/\"><strong>AO VIVO E EM&nbsp;<\/strong><\/a><strong><a href=\"https:\/\/www.grandepremio.com\/br\/ao-vivo\/\" target=\"_blank\" rel=\"noopener\">TEMPO REAL<\/a><\/strong>,&nbsp;<a href=\"https:\/\/www.youtube.com\/@GrandePremio1\/streams\">al\u00e9m de classifica\u00e7\u00e3o e corrida em&nbsp;<strong>SEGUNDA TELA&nbsp;<\/strong>no YouTube<\/a>, em parceria com a&nbsp;<strong>Voz do Esporte<\/strong>. O&nbsp;<strong>Briefing&nbsp;<\/strong>chega para analisar ap\u00f3s o fim de cada dia de atividades nas redes sociais e na&nbsp;<strong>GPTV<\/strong>.<\/p>\n\n\n\n<h2 class=\"wp-block-heading\">GP da It\u00e1lia de F1: veja os hor\u00e1rios em Brasil, Cabo Verde,&nbsp;<a href=\"https:\/\/grandepremio.pt\/\" target=\"_blank\" rel=\"noopener\"><strong>Portugal<\/strong><\/a>, Angola e Mo\u00e7ambique:<\/h2>\n\n\n\n<h3 class=\"wp-block-heading\">Hor\u00e1rios no Brasil*<\/h3>\n\n\n\n<ul id=\"block-04b1bda2-db77-49b7-8a15-ab1e981bbd0f\" class=\"wp-block-list\">\n<li><strong>Treino livre 1: 07:30<\/strong><\/li>\n\n\n\n<li><strong>Treino livre 2: 11:00<\/strong><\/li>\n\n\n\n<li><strong>Treino livre 3: 07:30<\/strong><\/li>\n\n\n\n<li><strong>Classifica\u00e7\u00e3o: 11:00<\/strong><\/li>\n\n\n\n<li><strong>Corrida: 10:00<\/strong><\/li>\n<\/ul>\n\n\n\n<h3 class=\"wp-block-heading\">Hor\u00e1rios em Portugal e Angola<\/h3>\n\n\n\n<ul id=\"block-e78d748e-6549-4a54-9e51-69367685663a\" class=\"wp-block-list\">\n<li><strong>Treino livre 1: 11:30<\/strong><\/li>\n\n\n\n<li><strong>Treino livre 2: 15:00<\/strong><\/li>\n\n\n\n<li><strong>Treino livre 3: 11:30<\/strong><\/li>\n\n\n\n<li><strong>Classifica\u00e7\u00e3o: 15:00<\/strong><\/li>\n\n\n\n<li><strong>Corrida: 14:00<\/strong><\/li>\n<\/ul>\n\n\n\n<h3 class=\"wp-block-heading\">Hor\u00e1rios em Cabo Verde<\/h3>\n\n\n\n<ul id=\"block-7b9d835a-23af-4411-943e-453b4766e578\" class=\"wp-block-list\">\n<li><strong>Treino livre 1: 09:30<\/strong><\/li>\n\n\n\n<li><strong>Treino livre 2: 13:00<\/strong><\/li>\n\n\n\n<li><strong>Treino livre 3: 09:30<\/strong><\/li>\n\n\n\n<li><strong>Classifica\u00e7\u00e3o: 13:00<\/strong><\/li>\n\n\n\n<li><strong>Corrida: 12:00<\/strong><\/li>\n<\/ul>\n\n\n\n<h3 class=\"wp-block-heading\"><strong>Hor\u00e1rios em Mo\u00e7ambique<\/strong><\/h3>\n\n\n\n<ul id=\"block-bbaadcb9-d1e6-402a-b585-42debf37b024\" class=\"wp-block-list\">\n<li><strong>Treino livre 1: 12:30<\/strong><\/li>\n\n\n\n<li><strong>Treino livre 2: 16:00<\/strong><\/li>\n\n\n\n<li><strong>Treino livre 3: 12:30<\/strong><\/li>\n\n\n\n<li><strong>Classifica\u00e7\u00e3o: 16:00<\/strong><\/li>\n\n\n\n<li><strong>Corrida: 15:00<\/strong><\/li>\n<\/ul>\n\n\n\n<p class=\"wp-block-paragraph\"><\/p>\n","protected":false},"excerpt":{"rendered":"<p>Com um design peculiar, a Pirelli divulgou nesta ter\u00e7a-feira (1\u00b0) os trof\u00e9us do GP da It\u00e1lia da F1 2026. Ta\u00e7as s\u00e3o formadas por diversas tigelas e x\u00edcaras na horizontal<\/p>\n","protected":false},"author":21,"featured_media":1020313522,"comment_status":"closed","ping_status":"closed","sticky":false,"template":"","format":"standard","meta":{"42wp_featured_image_caption":"GP da It\u00e1lia ter\u00e1 trof\u00e9us peculiares","42wp_featured_image_credits":"Pirelli","42wp_featured_video":"","42wp_featured_image_hidden":false,"42wp_authors_list":[{"id":47163,"location":"do Rio de Janeiro"}],"footnotes":""},"categories":[2],"tags":[24898,1126],"42wp_author":[47163],"class_list":["post-164994","post","type-post","status-publish","format-standard","has-post-thumbnail","hentry","category-f1","tag-gp-da-italia","tag-pirelli","42wp_author-caio-cavalcante"],"_links":{"self":[{"href":"https:\/\/grandepremio.com\/br\/wp-json\/wp\/v2\/posts\/164994","targetHints":{"allow":["GET"]}}],"collection":[{"href":"https:\/\/grandepremio.com\/br\/wp-json\/wp\/v2\/posts"}],"about":[{"href":"https:\/\/grandepremio.com\/br\/wp-json\/wp\/v2\/types\/post"}],"author":[{"embeddable":true,"href":"https:\/\/grandepremio.com\/br\/wp-json\/wp\/v2\/users\/21"}],"replies":[{"embeddable":true,"href":"https:\/\/grandepremio.com\/br\/wp-json\/wp\/v2\/comments?post=164994"}],"version-history":[{"count":3,"href":"https:\/\/grandepremio.com\/br\/wp-json\/wp\/v2\/posts\/164994\/revisions"}],"predecessor-version":[{"id":165009,"href":"https:\/\/grandepremio.com\/br\/wp-json\/wp\/v2\/posts\/164994\/revisions\/165009"}],"wp:featuredmedia":[{"embeddable":true,"href":"https:\/\/grandepremio.com\/br\/wp-json\/wp\/v2\/media\/1020313522"}],"wp:attachment":[{"href":"https:\/\/grandepremio.com\/br\/wp-json\/wp\/v2\/media?parent=164994"}],"wp:term":[{"taxonomy":"category","embeddable":true,"href":"https:\/\/grandepremio.com\/br\/wp-json\/wp\/v2\/categories?post=164994"},{"taxonomy":"post_tag","embeddable":true,"href":"https:\/\/grandepremio.com\/br\/wp-json\/wp\/v2\/tags?post=164994"},{"taxonomy":"42wp_author","embeddable":true,"href":"https:\/\/grandepremio.com\/br\/wp-json\/wp\/v2\/42wp_author?post=164994"}],"curies":[{"name":"wp","href":"https:\/\/api.w.org\/{rel}","templated":true}]}}