{"id":165006,"date":"2026-09-03T03:00:00","date_gmt":"2026-09-03T06:00:00","guid":{"rendered":"https:\/\/grandepremio.com\/br\/?p=165006"},"modified":"2026-09-01T16:42:27","modified_gmt":"2026-09-01T19:42:27","slug":"onde-assistir-as-corridas-fim-de-semana-tv-streaming-4-a-6-de-setembro","status":"publish","type":"post","link":"https:\/\/grandepremio.com\/br\/programacao-tv\/onde-assistir-as-corridas-fim-de-semana-tv-streaming-4-a-6-de-setembro\/","title":{"rendered":"Onde assistir \u00e0s corridas do fim de semana na TV e streaming: 4 a 6 de setembro"},"content":{"rendered":"\n<p class=\"wp-block-paragraph\">O <strong>GRANDE PR\u00caMIO<\/strong> tem um fim de semana recheado de transmiss\u00f5es ao vivo entre os dias 4 e 6 de setembro. Em parceria com a <strong>Voz do Esporte<\/strong>, <strong>GP da It\u00e1lia de F\u00f3rmula 1<\/strong> chega em segunda tela da classifica\u00e7\u00e3o e a corrida, al\u00e9m de quatro edi\u00e7\u00f5es do Briefing ao longo do fim de semana para analisar e debater tudo o que acontece no tradicional circuito italiano. A F2, F3 e Porsche Supercup completam a programa\u00e7\u00e3o em Monza.<\/p>\n\n\n\n<p class=\"wp-block-paragraph\">O Mundial de Endurance (WEC) tamb\u00e9m ocupa espa\u00e7o importante na programa\u00e7\u00e3o do <strong>GRANDE PR\u00caMIO <\/strong>com a Lone Star Le Mans, quinta etapa da temporada 2026, no Circuito das Am\u00e9ricas, em Austin. No s\u00e1bado, a transmiss\u00e3o do terceiro treino livre come\u00e7a \u00e0s 12h50 (de Bras\u00edlia, GMT -3), enquanto a classifica\u00e7\u00e3o vai ao ar a partir das 16h50. J\u00e1 no domingo, a corrida ter\u00e1 cobertura ao vivo a partir das 14h30.<\/p>\n\n\n\n<figure class=\"wp-block-embed is-type-video is-provider-youtube wp-block-embed-youtube wp-embed-aspect-16-9 wp-has-aspect-ratio\"><div class=\"wp-block-embed__wrapper\">\n<iframe loading=\"lazy\" title=\"\u00c9 MERCEDES x McLAREN OU FERRARI VAI JOGAR EM CASA PARA VENCER NA IT\u00c1LIA? | Paddock GP\" width=\"500\" height=\"281\" src=\"https:\/\/www.youtube.com\/embed\/Yi0F8GkGBo4?feature=oembed\" frameborder=\"0\" allow=\"accelerometer; autoplay; clipboard-write; encrypted-media; gyroscope; picture-in-picture; web-share\" referrerpolicy=\"strict-origin-when-cross-origin\" allowfullscreen><\/iframe>\n<\/div><\/figure>\n\n\n\n<p class=\"wp-block-paragraph\">O fim de semana tamb\u00e9m reserva a rodada de encerramento da temporada 2026 da <strong>Indy<\/strong> e Indy NXT \u2014 esta tem Enzo Fittipaldi na disputa pelo t\u00edtulo \u2014 em Laguna Seca, na Calif\u00f3rnia. Ainda nos Estados Unidos, Darlington recebe as etapas da Nascar e O&#8217;Reilly Series.<\/p>\n\n\n\n<p class=\"wp-block-paragraph\">Na \u00c1ustria, o GT Masters retorna na temporada 2026, com a etapa de disputa a rodada de Salzburgring.<\/p>\n\n\n\n<p class=\"wp-block-paragraph\"><strong>Confira onde assistir \u00e0 Indy, Indy NXT, O&#8217;Reilly Series, Nascar, F1, F2, F3, Porsche Supercup, WEC e GT Masters<\/strong> <strong>neste fim de semana:<\/strong><\/p>\n\n\n\n<p class=\"wp-block-paragraph\">O fim de semana tamb\u00e9m reserva a rodada de encerramento da temporada 2026 da <strong>Indy<\/strong> e Indy NXT \u2014 esta tem Enzo Fittipaldi na disputa pelo t\u00edtulo \u2014 em Laguna Seca, na Calif\u00f3rnia. Ainda nos Estados Unidos, Darlington recebe as etapas da Nascar e O&#8217;Reilly Series.<\/p>\n\n\n\n<p class=\"wp-block-paragraph\">Na \u00c1ustria, o <strong>GT Masters<\/strong> retorna na temporada 2026, com a etapa de disputa a rodada de Salzburgring.<\/p>\n\n\n\n<p class=\"wp-block-paragraph\"><strong>Confira onde assistir \u00e0 Indy, Indy NXT, O&#8217;Reilly Series, Nascar, F1, F2, F3, Porsche Supercup, WEC e GT Masters<\/strong> <strong>neste fim de semana:<\/strong><\/p>\n\n\n\n<p class=\"wp-block-paragraph\">O fim de semana tamb\u00e9m reserva a rodada de encerramento da temporada 2026 da <strong>Indy<\/strong> e Indy NXT \u2014 esta tem Enzo Fittipaldi na disputa pelo t\u00edtulo \u2014 em Laguna Seca, na Calif\u00f3rnia. Ainda nos Estados Unidos, Darlington recebe as etapas da Nascar e O&#8217;Reilly Series.<\/p>\n\n\n\n<p class=\"wp-block-paragraph\">Na \u00c1ustria, o <strong>GT Masters<\/strong> retorna na temporada 2026, com a etapa de disputa a rodada de Salzburgring.<\/p>\n\n\n\n<p class=\"wp-block-paragraph\"><strong>Confira onde assistir \u00e0 Indy, Indy NXT, O&#8217;Reilly Series, Nascar, F1, F2, F3, Porsche Supercup, WEC e GT Masters<\/strong> <strong>neste fim de semana:<\/strong><\/p>\n\n\n\n<h2 class=\"wp-block-heading\">Sexta-feira, 4 de setembro<\/h2>\n\n\n\n<figure class=\"wp-block-table\"><table class=\"has-fixed-layout\"><tbody><tr><td><strong>Categoria<\/strong><\/td><td><strong>Eventos<\/strong><\/td><td><strong>Atividade<\/strong><\/td><td><strong>Hor\u00e1rio<\/strong><\/td><td><strong>Emissora<\/strong><\/td><\/tr><tr><td>F\u00f3rmula 3<\/td><td>GP da It\u00e1lia<\/td><td>Treino livre<\/td><td>03:35<\/td><td>F1 TV<\/td><\/tr><tr><td>F\u00f3rmula 2<\/td><td>GP da It\u00e1lia<\/td><td>Treino livre<\/td><td>05:00<\/td><td>F1 TV | sportv<\/td><\/tr><tr><td>F\u00f3rmula 1<\/td><td>GP da It\u00e1lia<\/td><td>Treino livre 1<\/td><td>07:30<\/td><td>F1 TV | sportv<\/td><\/tr><tr><td>F\u00f3rmula 3<\/td><td>GP da It\u00e1lia<\/td><td>Classifica\u00e7\u00e3o<\/td><td>09:00<\/td><td>F1 TV<\/td><\/tr><tr><td>F\u00f3rmula 2<\/td><td>GP da It\u00e1lia<\/td><td>Classifica\u00e7\u00e3o<\/td><td>09:55<\/td><td>F1 TV | sportv<\/td><\/tr><tr><td>F\u00f3rmula 1<\/td><td>GP da It\u00e1lia<\/td><td>Treino livre 2<\/td><td>11:00<\/td><td>F1 TV | sportv<\/td><\/tr><tr><td>Porsche Supercup<\/td><td>GP da It\u00e1lia<\/td><td>Treino livre<\/td><td>12:30<\/td><td>F1 TV<\/td><\/tr><tr><td>Indy NXT<\/td><td>GP de Laguna Seca<\/td><td>Treino livre 1<\/td><td>17:00<\/td><td>Disney +<\/td><\/tr><tr><td>Indy<\/td><td>GP de Laguna Seca<\/td><td>Treino livre 1<\/td><td>18:00<\/td><td>Disney +<\/td><\/tr><tr><td>Indy NXT<\/td><td>GP de Laguna Seca<\/td><td>Treino livre 2<\/td><td>19:30<\/td><td>Disney +<\/td><\/tr><\/tbody><\/table><\/figure>\n\n\n\n<h2 class=\"wp-block-heading\">S\u00e1bado, 5 de setembro<\/h2>\n\n\n\n<figure class=\"wp-block-table\"><table class=\"has-fixed-layout\"><tbody><tr><td><strong>Categoria<\/strong><\/td><td><strong>Eventos<\/strong><\/td><td><strong>Atividade<\/strong><\/td><td><strong>Hor\u00e1rio<\/strong><\/td><td><strong>Emissora<\/strong><\/td><\/tr><tr><td>F\u00f3rmula 3<\/td><td>GP da It\u00e1lia<\/td><td>Corrida sprint<\/td><td>04:30<\/td><td>F1 TV<\/td><\/tr><tr><td>Porsche Supercup<\/td><td>GP da It\u00e1lia<\/td><td>Classifica\u00e7\u00e3o<\/td><td>05:50<\/td><td>F1 TV<\/td><\/tr><tr><td>F\u00f3rmula 1<\/td><td>GP da It\u00e1lia<\/td><td>Treino livre 3<\/td><td>07:30<\/td><td>F1 TV | sportv<\/td><\/tr><tr><td>GT Masters<\/td><td>Salzburgring<\/td><td>Corrida 1<\/td><td>09:00<\/td><td>Disney +<\/td><\/tr><tr><td>F\u00f3rmula 2<\/td><td>GP da It\u00e1lia<\/td><td>Corrida sprint<\/td><td>09:15<\/td><td>F1 TV | sportv<\/td><\/tr><tr><td><strong>F\u00f3rmula 1<\/strong><\/td><td><strong>GP da It\u00e1lia<\/strong><\/td><td><strong>Classifica\u00e7\u00e3o<\/strong><\/td><td><strong>10:45<\/strong><\/td><td><strong>GRANDE PR\u00caMIO<\/strong><\/td><\/tr><tr><td>F\u00f3rmula 1<\/td><td>GP da It\u00e1lia<\/td><td>Classifica\u00e7\u00e3o<\/td><td>11:00<\/td><td>F1 TV | sportv<\/td><\/tr><tr><td><strong>WEC<\/strong><\/td><td><strong>Lone Star Le Mans<\/strong><\/td><td><strong>Treino livre 3<\/strong><\/td><td><strong>12:50<\/strong><\/td><td><strong>GRANDE PR\u00caMIO<\/strong><\/td><\/tr><tr><td>Indy<\/td><td>GP de Laguna Seca<\/td><td>Treino livre 2<\/td><td>14:00<\/td><td>Disney +<\/td><\/tr><tr><td>Indy NXT<\/td><td>GP de Laguna Seca<\/td><td>Classifica\u00e7\u00e3o<\/td><td>16:00<\/td><td>Disney +<\/td><\/tr><tr><td><strong>WEC<\/strong><\/td><td><strong>Lone Star Le Mans<\/strong><\/td><td><strong>Classifica\u00e7\u00e3o<\/strong><\/td><td><strong>16:50<\/strong><\/td><td><strong>GRANDE PR\u00caMIO<\/strong><\/td><\/tr><tr><td>Indy<\/td><td>GP de Laguna Seca<\/td><td>Classifica\u00e7\u00e3o<\/td><td>17:30<\/td><td>ESPN | Disney +<\/td><\/tr><tr><td>Indy NXT<\/td><td>GP de Laguna Seca<\/td><td>Corrida 1<\/td><td>19:30<\/td><td>Disney +<\/td><\/tr><tr><td>O&#8217;Reilly Series<\/td><td>Darlington<\/td><td>Corrida<\/td><td>20:00<\/td><td>Disney +<\/td><\/tr><tr><td>Indy<\/td><td>GP de Laguna Seca<\/td><td>Treino livre 3<\/td><td>21:00<\/td><td>Disney +<\/td><\/tr><\/tbody><\/table><\/figure>\n\n\n\n<h2 class=\"wp-block-heading\">Domingo, 6 de setembro<\/h2>\n\n\n\n<figure class=\"wp-block-table\"><table class=\"has-fixed-layout\"><tbody><tr><td><strong>Categoria<\/strong><\/td><td><strong>Eventos<\/strong><\/td><td><strong>Atividade<\/strong><\/td><td><strong>Hor\u00e1rio<\/strong><\/td><td><strong>Emissora<\/strong><\/td><\/tr><tr><td>F\u00f3rmula 3<\/td><td>GP da It\u00e1lia<\/td><td>Corrida principal<\/td><td>03:15<\/td><td>F1 TV<\/td><\/tr><tr><td>F\u00f3rmula 2<\/td><td>GP da It\u00e1lia<\/td><td>Corrida principal<\/td><td>04:45<\/td><td>F1 TV | sportv<\/td><\/tr><tr><td>Porsche Supercup<\/td><td>GP da It\u00e1lia<\/td><td>Corrida<\/td><td>06:45<\/td><td>F1 TV | sportv<\/td><\/tr><tr><td>GT Masters<\/td><td>Salzburgring<\/td><td>Corrida 2<\/td><td>09:00<\/td><td>Disney +<\/td><\/tr><tr><td><strong>F\u00f3rmula 1<\/strong><\/td><td><strong>GP da It\u00e1lia<\/strong><\/td><td><strong>Corrida<\/strong><\/td><td>09:40<\/td><td><strong>GRANDE PR\u00caMIO<\/strong><\/td><\/tr><tr><td>F\u00f3rmula 1<\/td><td>GP da It\u00e1lia<\/td><td>Corrida<\/td><td>10:00<\/td><td>F1 TV | Globo | sportv<\/td><\/tr><tr><td>Indy NXT<\/td><td>GP de Laguna Seca<\/td><td>Corrida 2<\/td><td>13:30<\/td><td>Disney +<\/td><\/tr><tr><td><strong>WEC<\/strong><\/td><td><strong>Lone Star Le Mans<\/strong><\/td><td><strong>Corrida<\/strong><\/td><td><strong>14:30<\/strong><\/td><td><strong>GRANDE PR\u00caMIO<\/strong><\/td><\/tr><tr><td>Indy<\/td><td>GP de Laguna Seca<\/td><td>Corrida<\/td><td>15:30<\/td><td>Band | ESPN | Disney +<\/td><\/tr><tr><td>Nascar<\/td><td>Darlington<\/td><td>Corrida<\/td><td>17:45<\/td><td>ESPN | Disney +<\/td><\/tr><\/tbody><\/table><\/figure>\n\n\n\n<h2 class=\"wp-block-heading\"><strong>Programa\u00e7\u00e3o do GRANDE PR\u00caMIO<\/strong><\/h2>\n\n\n\n<figure class=\"wp-block-table\"><table class=\"has-fixed-layout\"><tbody><tr><td><strong>Programa<\/strong><\/td><td><strong>Eventos<\/strong><\/td><td><strong>Atividade<\/strong><\/td><td><strong>Hor\u00e1rio<\/strong><\/td><td><strong>Emissora<\/strong><\/td><\/tr><tr><td>Briefing (SEX)<\/td><td>GP da It\u00e1lia<\/td><td>P\u00f3s-classifica\u00e7\u00e3o sprint<\/td><td>12:00<\/td><td><strong>GRANDE PR\u00caMIO<\/strong><\/td><\/tr><tr><td>Briefing (S\u00c1B)<\/td><td>GP da It\u00e1lia<\/td><td>P\u00f3s-classifica\u00e7\u00e3o<\/td><td>12:00<\/td><td><strong>GRANDE PR\u00caMIO<\/strong><\/td><\/tr><tr><td>Briefing (DOM)<\/td><td>GP da It\u00e1lia<\/td><td>Pr\u00e9-corrida<\/td><td>08:30<\/td><td><strong>GRANDE PR\u00caMIO<\/strong><\/td><\/tr><tr><td>Briefing (DOM)<\/td><td>GP da It\u00e1lia<\/td><td>P\u00f3s-corrida<\/td><td>11:45<\/td><td><strong>GRANDE PR\u00caMIO<\/strong><\/td><\/tr><\/tbody><\/table><\/figure>\n","protected":false},"excerpt":{"rendered":"<p>Confira onde assistir \u00e0 Indy, Indy NXT, O&#8217;Reilly Series, Nascar, F1, F2, F3, Porsche Supercup, WEC e GT Masters neste fim de semana<\/p>\n","protected":false},"author":14,"featured_media":1020313499,"comment_status":"closed","ping_status":"closed","sticky":false,"template":"","format":"standard","meta":{"42wp_featured_image_caption":"Ferrari na Lone Star Lemans 2025","42wp_featured_image_credits":"Fabrizio Boldoni \/ DPPI","42wp_featured_video":"","42wp_featured_image_hidden":false,"42wp_authors_list":[{"id":47155,"location":"de S\u00e3o Paulo"}],"footnotes":""},"categories":[38],"tags":[981,1232,24971],"42wp_author":[47155],"class_list":["post-165006","post","type-post","status-publish","format-standard","has-post-thumbnail","hentry","category-programacao-tv","tag-automobilismo","tag-motociclismo","tag-programacao-da-tv","42wp_author-daniel-balsa"],"_links":{"self":[{"href":"https:\/\/grandepremio.com\/br\/wp-json\/wp\/v2\/posts\/165006","targetHints":{"allow":["GET"]}}],"collection":[{"href":"https:\/\/grandepremio.com\/br\/wp-json\/wp\/v2\/posts"}],"about":[{"href":"https:\/\/grandepremio.com\/br\/wp-json\/wp\/v2\/types\/post"}],"author":[{"embeddable":true,"href":"https:\/\/grandepremio.com\/br\/wp-json\/wp\/v2\/users\/14"}],"replies":[{"embeddable":true,"href":"https:\/\/grandepremio.com\/br\/wp-json\/wp\/v2\/comments?post=165006"}],"version-history":[{"count":1,"href":"https:\/\/grandepremio.com\/br\/wp-json\/wp\/v2\/posts\/165006\/revisions"}],"predecessor-version":[{"id":165011,"href":"https:\/\/grandepremio.com\/br\/wp-json\/wp\/v2\/posts\/165006\/revisions\/165011"}],"wp:featuredmedia":[{"embeddable":true,"href":"https:\/\/grandepremio.com\/br\/wp-json\/wp\/v2\/media\/1020313499"}],"wp:attachment":[{"href":"https:\/\/grandepremio.com\/br\/wp-json\/wp\/v2\/media?parent=165006"}],"wp:term":[{"taxonomy":"category","embeddable":true,"href":"https:\/\/grandepremio.com\/br\/wp-json\/wp\/v2\/categories?post=165006"},{"taxonomy":"post_tag","embeddable":true,"href":"https:\/\/grandepremio.com\/br\/wp-json\/wp\/v2\/tags?post=165006"},{"taxonomy":"42wp_author","embeddable":true,"href":"https:\/\/grandepremio.com\/br\/wp-json\/wp\/v2\/42wp_author?post=165006"}],"curies":[{"name":"wp","href":"https:\/\/api.w.org\/{rel}","templated":true}]}}