{"id":165014,"date":"2026-09-01T18:19:33","date_gmt":"2026-09-01T21:19:33","guid":{"rendered":"https:\/\/grandepremio.com\/br\/?p=165014"},"modified":"2026-09-04T17:24:21","modified_gmt":"2026-09-04T20:24:21","slug":"scott-dixon-projeta-despedida-emocionante-ganassi-gp-laguna-seca","status":"publish","type":"post","link":"https:\/\/grandepremio.com\/br\/indy\/scott-dixon-projeta-despedida-emocionante-ganassi-gp-laguna-seca\/","title":{"rendered":"Dixon projeta despedida &#8220;emocionante&#8221; da Ganassi no GP de Laguna Seca"},"content":{"rendered":"\n<p class=\"wp-block-paragraph\">Al\u00e9m de fechar a temporada 2026 da Indy, o <strong>GP de Laguna Seca tamb\u00e9m marca a despedida de Scott Dixon da Ganassi<\/strong> ap\u00f3s 25 temporadas, de 2002 a 2026. <strong>O hexacampe\u00e3o ressaltou que ser\u00e1 emocionante e destacou que o \u00faltimo ano defendendo o #9 tem sido bastante divertido<\/strong>. O neozeland\u00eas tamb\u00e9m salientou que a pista na Calif\u00f3rnia muda a cada ano por conta do recapeamento e que as estrat\u00e9gias s\u00e3o imprevis\u00edveis.<\/p>\n\n\n\n<p class=\"wp-block-paragraph\"><strong>Dixon fechou com a McLaren e vai defender a equipe papaia ao lado de Pato O&#8217;Ward e Felix Rosenqvist a partir de 2027<\/strong>. Ao longo dos anos, o neozeland\u00eas desempenhou um papel t\u00e9cnico no time de&nbsp;Chip Ganassi, especialmente no desenvolvimento do acerto \u2014 um dos fatores que tamb\u00e9m sustentam o dom\u00ednio recente de \u00c1lex Palou na categoria.<\/p>\n\n\n\n<figure class=\"wp-block-embed is-type-video is-provider-youtube wp-block-embed-youtube wp-embed-aspect-16-9 wp-has-aspect-ratio\"><div class=\"wp-block-embed__wrapper\">\n<iframe loading=\"lazy\" title=\"INDY QUER BRASIL E NAMORA CORRIDA EM GOI\u00c2NIA J\u00c1 EM 2027 | Sprint GP\" width=\"500\" height=\"281\" src=\"https:\/\/www.youtube.com\/embed\/mVUi-JIcAnw?feature=oembed\" frameborder=\"0\" allow=\"accelerometer; autoplay; clipboard-write; encrypted-media; gyroscope; picture-in-picture; web-share\" referrerpolicy=\"strict-origin-when-cross-origin\" allowfullscreen><\/iframe>\n<\/div><\/figure>\n\n\n\n<p class=\"wp-block-paragraph\">Apesar de muita gratid\u00e3o m\u00fatua e uma parceria extremamente vitoriosa \u2014 incluindo seis t\u00edtulos e um triunfo nas 500 Milhas de Indian\u00e1polis \u2014, <strong>o hexacampe\u00e3o passou a se sentir menos valorizado dentro da estrutura, especialmente diante do esfor\u00e7o financeiro concentrado em Palou<\/strong>. Isso inclui os aproximadamente US$ 12 milh\u00f5es (R$ 61,5 milh\u00f5es) envolvidos no imbr\u00f3glio jur\u00eddico ap\u00f3s a tentativa do espanhol de deixar a equipe rumo \u00e0 McLaren \u2014 caso que terminou com vit\u00f3ria do time papaia na Alta Corte de Londres, com o piloto condenado a pagar o valor mencionado acima, mas Palou, Ganassi e McLaren chegaram a um acordo confidencial em 27 de fevereiro deste ano e encerraram a disputa. <\/p>\n\n\n\n<p class=\"wp-block-paragraph\"><strong>Como n\u00e3o recebeu uma proposta salarial compat\u00edvel com a trajet\u00f3ria e relev\u00e2ncia hist\u00f3rica no time, <\/strong><a href=\"https:\/\/grandepremio.com\/br\/indy\/mclaren-anuncia-contratacao-scott-dixon-para-temporada-2027-indy\/\">Scott optou por se transferir \u00e0 escuderia chefiada por Tony Kanaan<\/a>. Dixon destacou que a \u00faltima corrida pela Ganassi ter\u00e1 um clima comovente e enfatizou que o clima continuou bom, mesmo ap\u00f3s o an\u00fancio da ida \u00e0 McLaren.<\/p>\n\n\n\n<figure class=\"wp-block-image size-full\"><img loading=\"lazy\" decoding=\"async\" width=\"1000\" height=\"563\" src=\"https:\/\/grandepremio.com\/br\/wp-content\/uploads\/2026\/07\/07-02-Dixon-Ganassi.jpg\" alt=\"\" class=\"wp-image-1020308329\" srcset=\"https:\/\/grandepremio.com\/wp-content\/uploads\/2026\/07\/07-02-Dixon-Ganassi.jpg 1000w, https:\/\/grandepremio.com\/wp-content\/uploads\/2026\/07\/07-02-Dixon-Ganassi-300x169.jpg 300w, https:\/\/grandepremio.com\/wp-content\/uploads\/2026\/07\/07-02-Dixon-Ganassi-768x432.jpg 768w, https:\/\/grandepremio.com\/wp-content\/uploads\/2026\/07\/07-02-Dixon-Ganassi-150x84.jpg 150w\" sizes=\"(max-width: 1000px) 100vw, 1000px\" \/><figcaption class=\"wp-element-caption\">Scott Dixon teve parceria vitoriosa com Chip Ganassi na Indy (Foto: IndyCar)<\/figcaption><\/figure>\n\n\n\n<p class=\"wp-block-paragraph\">&#8220;Laguna Seca ser\u00e1 emocionante, com certeza. Tem sido muito divertido, com uma energia muito boa \u2014todos t\u00eam sido fant\u00e1sticos at\u00e9 agora e n\u00e3o vejo isso mudando&#8221;, declarou o veterano.<\/p>\n\n\n\n<p class=\"wp-block-paragraph\">Dixon tamb\u00e9m ressaltou que a \u00faltima etapa da temporada 2026 ser\u00e1 imprevis\u00edvel, j\u00e1 que as condi\u00e7\u00f5es da pista sempre mudam com o passar dos anos, assim como as estrat\u00e9gias.<\/p>\n\n\n\n<p class=\"wp-block-paragraph\">&#8220;\u00c9 uma corrida dif\u00edcil \u2014 a pista, depois que foi repavimentada, muda a cada ano. Mesmo agora, j\u00e1 ocorreram situa\u00e7\u00f5es em que algumas \u00e1reas foram repavimentadas, o que traz algumas inc\u00f3gnitas, e a estrat\u00e9gia \u00e9 sempre uma loucura&#8221;, apontou.<\/p>\n\n\n\n<p class=\"wp-block-paragraph\">E apesar de elogiar o tra\u00e7ado de Laguna Seca, o piloto do #9 acredita que h\u00e1 pistas melhores para encerrar a temporada da Indy.<\/p>\n\n\n\n<p class=\"wp-block-paragraph\">&#8220;\u00c9 uma regi\u00e3o linda e \u00e9 muito divertido estar l\u00e1. N\u00e3o tenho certeza se \u00e9 o lugar ideal para encerrar o campeonato, s\u00f3 pelo fato de ser uma corrida um pouco sonolenta, mas \u00e9 o que \u00e9\u201d, concluiu.<\/p>\n\n\n\n<p class=\"wp-block-paragraph\">Dixon chega \u00e0 \u00faltima prova pela Ganassi com uma das temporadas mais modestas da carreira e deve fechar o ano sem vencer, algo que n\u00e3o ocorre desde 2004. Conquistou apenas um p\u00f3dio \u2014 o terceiro lugar em Long Beach \u2014 e <a href=\"https:\/\/grandepremio.com\/br\/indy\/alex-palou-garante-penta-pato-oward-poe-fogo-briga-pelo-vice-indy-2026-confira-classificacao\/\">aparece somente na 12\u00aa coloca\u00e7\u00e3o no campeonato<\/a>.<\/p>\n\n\n\n<p class=\"wp-block-paragraph\">A Indy conclui a temporada 2026 no pr\u00f3ximo fim de semana, entre os dias 4 e 6 de setembro, com o GP de Laguna Seca.<\/p>\n\n\n\n<h2 class=\"wp-block-heading\">GP de Laguna Seca da Indy: veja os hor\u00e1rios em Brasil, Cabo Verde,&nbsp;<a href=\"https:\/\/grandepremio.pt\/\" target=\"_blank\" rel=\"noopener\"><strong>Portugal<\/strong><\/a>, Angola e Mo\u00e7ambique:<\/h2>\n\n\n\n<h3 class=\"wp-block-heading\">Hor\u00e1rios no Brasil*<\/h3>\n\n\n\n<ul class=\"wp-block-list\">\n<li><strong>Treino livre 1 (04\/09): 18:00<\/strong><\/li>\n\n\n\n<li><strong>Treino livre 2&nbsp;(05\/09): 14:00<\/strong><\/li>\n\n\n\n<li><strong>Classifica\u00e7\u00e3o (05\/09): 17:30<\/strong><\/li>\n\n\n\n<li><strong>Treino livre 3&nbsp;(05\/09): 21:00<\/strong><\/li>\n\n\n\n<li><strong>Corrida (06\/09): 15:30<\/strong><\/li>\n<\/ul>\n\n\n\n<h3 class=\"wp-block-heading\">Hor\u00e1rios em Portugal e Angola<\/h3>\n\n\n\n<ul class=\"wp-block-list\">\n<li><strong>Treino livre 1 (04\/09): 22:00<\/strong><\/li>\n\n\n\n<li><strong>Treino livre 2&nbsp;(05\/09): 18:00<\/strong><\/li>\n\n\n\n<li><strong>Classifica\u00e7\u00e3o (05\/09): 21:30<\/strong><\/li>\n\n\n\n<li><strong>Treino livre 3&nbsp;(06\/09): 01:00<\/strong><\/li>\n\n\n\n<li><strong>Corrida (06\/09): 19:30<\/strong><\/li>\n<\/ul>\n\n\n\n<h3 class=\"wp-block-heading\">Hor\u00e1rios em Cabo Verde<\/h3>\n\n\n\n<ul class=\"wp-block-list\">\n<li><strong>Treino livre 1 (04\/09): 20:00<\/strong><\/li>\n\n\n\n<li><strong>Treino livre 2&nbsp;(05\/09): 16:00<\/strong><\/li>\n\n\n\n<li><strong>Classifica\u00e7\u00e3o (05\/09): 19:30<\/strong><\/li>\n\n\n\n<li><strong>Treino livre 3&nbsp;(05\/09): 23:00<\/strong><\/li>\n\n\n\n<li><strong>Corrida (06\/09): 17:30<\/strong><\/li>\n<\/ul>\n\n\n\n<h3 class=\"wp-block-heading\"><strong>Hor\u00e1rios em Mo\u00e7ambique<\/strong><\/h3>\n\n\n\n<ul class=\"wp-block-list\">\n<li><strong>Treino livre 1 (04\/09): 23:00<\/strong><\/li>\n\n\n\n<li><strong>Treino livre 2&nbsp;(05\/09): 19:00<\/strong><\/li>\n\n\n\n<li><strong>Classifica\u00e7\u00e3o (05\/09): 23:30<\/strong><\/li>\n\n\n\n<li><strong>Treino livre 3&nbsp;(06\/09): 02:00<\/strong><\/li>\n\n\n\n<li><strong>Corrida (06\/09): 20:30<\/strong><\/li>\n<\/ul>\n\n\n\n<p class=\"wp-block-paragraph\"><em>*Hor\u00e1rio de Bras\u00edlia<\/em> <\/p>\n\n\n\n<p class=\"wp-block-paragraph\"><\/p>\n","protected":false},"excerpt":{"rendered":"<p>De despedida da Ganassi ap\u00f3s 25 temporadas, Scott Dixon ressaltou que o GP de Laguna Seca ser\u00e1 emocionante. Hexacampe\u00e3o enfatizou que clima na equipe permaneceu positivo, mesmo ap\u00f3s o an\u00fancio da transfer\u00eancia \u00e0 McLaren<\/p>\n","protected":false},"author":21,"featured_media":1020311570,"comment_status":"closed","ping_status":"closed","sticky":false,"template":"","format":"standard","meta":{"42wp_featured_image_caption":"Scott Dixon se despede da Ganassi em Laguna Seca","42wp_featured_image_credits":"IndyCar","42wp_featured_video":"","42wp_featured_image_hidden":false,"42wp_authors_list":[{"id":47163,"location":"do Rio de Janeiro"}],"footnotes":""},"categories":[3],"tags":[1595,25661,732],"42wp_author":[47163],"class_list":["post-165014","post","type-post","status-publish","format-standard","has-post-thumbnail","hentry","category-indy","tag-ganassi","tag-gp-de-laguna-seca","tag-scott-dixon","42wp_author-caio-cavalcante"],"_links":{"self":[{"href":"https:\/\/grandepremio.com\/br\/wp-json\/wp\/v2\/posts\/165014","targetHints":{"allow":["GET"]}}],"collection":[{"href":"https:\/\/grandepremio.com\/br\/wp-json\/wp\/v2\/posts"}],"about":[{"href":"https:\/\/grandepremio.com\/br\/wp-json\/wp\/v2\/types\/post"}],"author":[{"embeddable":true,"href":"https:\/\/grandepremio.com\/br\/wp-json\/wp\/v2\/users\/21"}],"replies":[{"embeddable":true,"href":"https:\/\/grandepremio.com\/br\/wp-json\/wp\/v2\/comments?post=165014"}],"version-history":[{"count":9,"href":"https:\/\/grandepremio.com\/br\/wp-json\/wp\/v2\/posts\/165014\/revisions"}],"predecessor-version":[{"id":165939,"href":"https:\/\/grandepremio.com\/br\/wp-json\/wp\/v2\/posts\/165014\/revisions\/165939"}],"wp:featuredmedia":[{"embeddable":true,"href":"https:\/\/grandepremio.com\/br\/wp-json\/wp\/v2\/media\/1020311570"}],"wp:attachment":[{"href":"https:\/\/grandepremio.com\/br\/wp-json\/wp\/v2\/media?parent=165014"}],"wp:term":[{"taxonomy":"category","embeddable":true,"href":"https:\/\/grandepremio.com\/br\/wp-json\/wp\/v2\/categories?post=165014"},{"taxonomy":"post_tag","embeddable":true,"href":"https:\/\/grandepremio.com\/br\/wp-json\/wp\/v2\/tags?post=165014"},{"taxonomy":"42wp_author","embeddable":true,"href":"https:\/\/grandepremio.com\/br\/wp-json\/wp\/v2\/42wp_author?post=165014"}],"curies":[{"name":"wp","href":"https:\/\/api.w.org\/{rel}","templated":true}]}}