{"id":165095,"date":"2026-09-02T08:42:13","date_gmt":"2026-09-02T11:42:13","guid":{"rendered":"https:\/\/grandepremio.com\/br\/?p=165095"},"modified":"2026-09-02T12:29:46","modified_gmt":"2026-09-02T15:29:46","slug":"pedro-clerot-cita-historico-rodin-monza-eleva-expectativas-etapa-f3-italia","status":"publish","type":"post","link":"https:\/\/grandepremio.com\/br\/f3\/pedro-clerot-cita-historico-rodin-monza-eleva-expectativas-etapa-f3-italia\/","title":{"rendered":"Clerot cita hist\u00f3rico da Rodin em Monza e eleva expectativas para etapa da F3 na It\u00e1lia"},"content":{"rendered":"\n<p class=\"wp-block-paragraph\">Pedro Clerot est\u00e1 confiante de que pode conquistar um bom resultado na retomada da temporada da F\u00f3rmula 3. Com a categoria chegando a Monza neste fim de semana para a etapa na It\u00e1lia, o brasileiro acredita que pode se valer do <strong>bom hist\u00f3rico da equipe Rodin<\/strong> no circuito <strong>para voltar a brigar pelas primeiras posi\u00e7\u00f5es<\/strong>.<\/p>\n\n\n\n<p class=\"wp-block-paragraph\">Clerot est\u00e1 na primeira temporada completa na F3 e j\u00e1 conquistou alguns bons resultados. Embora a etapa na Hungria, em que n\u00e3o marcou pontos, tenha sido um banho de \u00e1gua fria nas expectativas, o brasileiro ainda \u00e9 d\u00e9cimo colocado na tabela, com 48 pontos e tr\u00eas p\u00f3dios.<\/p>\n\n\n\n<figure class=\"wp-block-embed is-type-video is-provider-youtube wp-block-embed-youtube wp-embed-aspect-16-9 wp-has-aspect-ratio\"><div class=\"wp-block-embed__wrapper\">\n<iframe loading=\"lazy\" title=\"RELA\u00c7\u00c3O COM BORTOLETO E BASTIDORES DA F3: CLEROT ABRE O JOGO SOBRE A TEMPORADA 2026 | Sprint GP\" width=\"500\" height=\"281\" src=\"https:\/\/www.youtube.com\/embed\/5UX6t3fcGnQ?feature=oembed\" frameborder=\"0\" allow=\"accelerometer; autoplay; clipboard-write; encrypted-media; gyroscope; picture-in-picture; web-share\" referrerpolicy=\"strict-origin-when-cross-origin\" allowfullscreen><\/iframe>\n<\/div><\/figure>\n\n\n\n<p class=\"wp-block-paragraph\">Apesar do teste realizado em Madri, a F3 passou por um hiato de mais de um m\u00eas sem corridas e vai retomar as atividades com a etapa de Monza. No ano passado, Roman Bilinski conduziu o carro da Rodin \u00e0 vit\u00f3ria na corrida sprint.<\/p>\n\n\n\n<p class=\"wp-block-paragraph\">Clerot espera que a equipe mantenha um ritmo forte em 2026 para finalmente voltar a brigar pelo grupo da frente e encerrar o jejum de tr\u00eas corridas sem marcar pontos.<\/p>\n\n\n\n<figure class=\"wp-block-image size-full\"><img loading=\"lazy\" decoding=\"async\" width=\"1024\" height=\"683\" src=\"https:\/\/grandepremio.com\/br\/wp-content\/uploads\/2026\/07\/Pedro-Clerot-F3-Belgica-Dutch-Photo-Agency-RF1.jpg\" alt=\"\" class=\"wp-image-1020310315\" srcset=\"https:\/\/grandepremio.com\/wp-content\/uploads\/2026\/07\/Pedro-Clerot-F3-Belgica-Dutch-Photo-Agency-RF1.jpg 1024w, https:\/\/grandepremio.com\/wp-content\/uploads\/2026\/07\/Pedro-Clerot-F3-Belgica-Dutch-Photo-Agency-RF1-300x200.jpg 300w, https:\/\/grandepremio.com\/wp-content\/uploads\/2026\/07\/Pedro-Clerot-F3-Belgica-Dutch-Photo-Agency-RF1-768x512.jpg 768w, https:\/\/grandepremio.com\/wp-content\/uploads\/2026\/07\/Pedro-Clerot-F3-Belgica-Dutch-Photo-Agency-RF1-150x100.jpg 150w\" sizes=\"(max-width: 1024px) 100vw, 1024px\" \/><figcaption class=\"wp-element-caption\">Pedro Clerot conquistou tr\u00eas p\u00f3dios em 2026 (Dutch Photo Agency RF1)<\/figcaption><\/figure>\n\n\n\n<p class=\"wp-block-paragraph\">\u201cTivemos o teste em Madri que foi muito bom para voltar a pilotar depois das f\u00e9rias de ver\u00e3o. Ano passado a equipe teve uma vit\u00f3ria em Monza, e acho que as corridas l\u00e1 sempre s\u00e3o imprevis\u00edveis. Mas temos condi\u00e7\u00f5es de sairmos bem. O objetivo \u00e9 sempre brigar no top-5, mas estou focado em fazer meu trabalho corrida a corrida\u201d, finalizou o piloto da Rodin.<\/p>\n\n\n\n<p class=\"wp-block-paragraph\">A F\u00f3rmula 3 realiza a etapa da It\u00e1lia, em Monza, neste fim de semana. O GRANDE PR\u00caMIO tamb\u00e9m faz a cobertura completa do fim de semana.<\/p>\n\n\n\n<h2 class=\"wp-block-heading\">F3 na It\u00e1lia: veja os hor\u00e1rios em Brasil, Cabo Verde, Portugal, Angola e Mo\u00e7ambique:<\/h2>\n\n\n\n<h3 class=\"wp-block-heading\">Hor\u00e1rios no Brasil*<\/h3>\n\n\n\n<ul class=\"wp-block-list\">\n<li>Treino livre: 03:35<\/li>\n\n\n\n<li>Classifica\u00e7\u00e3o: 09:00<\/li>\n\n\n\n<li>Corrida sprint: 04:30<\/li>\n\n\n\n<li>Corrida 2: 03:15<\/li>\n<\/ul>\n\n\n\n<h3 class=\"wp-block-heading\">Hor\u00e1rios em Cabo Verde<\/h3>\n\n\n\n<ul class=\"wp-block-list\">\n<li>Treino livre: 05:35<\/li>\n\n\n\n<li>Classifica\u00e7\u00e3o: 11:00<\/li>\n\n\n\n<li>Corrida sprint: 6:30<\/li>\n\n\n\n<li>Corrida 2: 05:15<\/li>\n<\/ul>\n\n\n\n<h3 class=\"wp-block-heading\">Hor\u00e1rios em Portugal e Angola<\/h3>\n\n\n\n<ul class=\"wp-block-list\">\n<li>Treino livre: 07:35<\/li>\n\n\n\n<li>Classifica\u00e7\u00e3o: 13:00<\/li>\n\n\n\n<li>Corrida sprint: 08:30<\/li>\n\n\n\n<li>Corrida 2: 07:15<\/li>\n<\/ul>\n\n\n\n<h3 class=\"wp-block-heading\">Hor\u00e1rios em Mo\u00e7ambique<\/h3>\n\n\n\n<ul class=\"wp-block-list\">\n<li>Treino livre: 08:35<\/li>\n\n\n\n<li>Classifica\u00e7\u00e3o: 14:00<\/li>\n\n\n\n<li>Corrida sprint: 09:30<\/li>\n\n\n\n<li>Corrida 2: 08:15<\/li>\n<\/ul>\n\n\n\n<p class=\"wp-block-paragraph\">*(Hor\u00e1rio de Bras\u00edlia, GMT-3)<\/p>\n","protected":false},"excerpt":{"rendered":"<p>Pedro Clerot citou a vit\u00f3ria da Rodin na sprint da It\u00e1lia em 2025 e espera se valer do bom hist\u00f3rico da equipe para voltar a marcar bons pontos na F3 2026<\/p>\n","protected":false},"author":17,"featured_media":1020309422,"comment_status":"closed","ping_status":"closed","sticky":false,"template":"","format":"standard","meta":{"42wp_featured_image_caption":"Pedro Clerot espera voltar a marcar bons pontos na It\u00e1lia","42wp_featured_image_credits":"Dutch Photo Agency\/RF1","42wp_featured_video":"","42wp_featured_image_hidden":false,"42wp_authors_list":[{"id":47149,"location":"de Belo Horizonte"}],"footnotes":""},"categories":[10],"tags":[31546],"42wp_author":[47149],"class_list":["post-165095","post","type-post","status-publish","format-standard","has-post-thumbnail","hentry","category-f3","tag-pedro-clerot","42wp_author-bernardo-castro"],"_links":{"self":[{"href":"https:\/\/grandepremio.com\/br\/wp-json\/wp\/v2\/posts\/165095","targetHints":{"allow":["GET"]}}],"collection":[{"href":"https:\/\/grandepremio.com\/br\/wp-json\/wp\/v2\/posts"}],"about":[{"href":"https:\/\/grandepremio.com\/br\/wp-json\/wp\/v2\/types\/post"}],"author":[{"embeddable":true,"href":"https:\/\/grandepremio.com\/br\/wp-json\/wp\/v2\/users\/17"}],"replies":[{"embeddable":true,"href":"https:\/\/grandepremio.com\/br\/wp-json\/wp\/v2\/comments?post=165095"}],"version-history":[{"count":1,"href":"https:\/\/grandepremio.com\/br\/wp-json\/wp\/v2\/posts\/165095\/revisions"}],"predecessor-version":[{"id":165098,"href":"https:\/\/grandepremio.com\/br\/wp-json\/wp\/v2\/posts\/165095\/revisions\/165098"}],"wp:featuredmedia":[{"embeddable":true,"href":"https:\/\/grandepremio.com\/br\/wp-json\/wp\/v2\/media\/1020309422"}],"wp:attachment":[{"href":"https:\/\/grandepremio.com\/br\/wp-json\/wp\/v2\/media?parent=165095"}],"wp:term":[{"taxonomy":"category","embeddable":true,"href":"https:\/\/grandepremio.com\/br\/wp-json\/wp\/v2\/categories?post=165095"},{"taxonomy":"post_tag","embeddable":true,"href":"https:\/\/grandepremio.com\/br\/wp-json\/wp\/v2\/tags?post=165095"},{"taxonomy":"42wp_author","embeddable":true,"href":"https:\/\/grandepremio.com\/br\/wp-json\/wp\/v2\/42wp_author?post=165095"}],"curies":[{"name":"wp","href":"https:\/\/api.w.org\/{rel}","templated":true}]}}