{"id":165104,"date":"2026-09-02T09:32:17","date_gmt":"2026-09-02T12:32:17","guid":{"rendered":"https:\/\/grandepremio.com\/br\/?p=165104"},"modified":"2026-09-02T10:01:52","modified_gmt":"2026-09-02T13:01:52","slug":"ferrari-sofre-baixa-perde-chefe-divisao-motores-hibridos-formula-1","status":"publish","type":"post","link":"https:\/\/grandepremio.com\/br\/f1\/ferrari-sofre-baixa-perde-chefe-divisao-motores-hibridos-formula-1\/","title":{"rendered":"Ferrari sofre baixa e perde chefe da divis\u00e3o de motores h\u00edbridos na F\u00f3rmula 1"},"content":{"rendered":"\n<p class=\"wp-block-paragraph\">A Ferrari sofreu uma baixa na divis\u00e3o de motores h\u00edbridos \u00e0s v\u00e9speras do GP da It\u00e1lia com a sa\u00edda de Thierry Baritaud, respons\u00e1vel pela \u00e1rea na F\u00f3rmula 1. A perda, no entanto, n\u00e3o \u00e9 uma surpresa, uma vez que o engenheiro franc\u00eas j\u00e1 havia anunciado os planos de se aposentar. Enrico Gualtieri foi escolhido como interino.<\/p>\n\n\n\n<p class=\"wp-block-paragraph\">A informa\u00e7\u00e3o \u00e9 do jornalista italiano Leo Turrini, divulgada no portal <em>Quotidiano Nazionale<\/em> nesta quarta-feira (2). A mudan\u00e7a ocorre em um momento em que a equipe italiana enfrenta dificuldades justamente com a parte el\u00e9trica. Tanto o motor a combust\u00e3o quanto o sistema h\u00edbrido da Ferrari s\u00e3o os principais pontos fracos da SF-26. Por\u00e9m, ainda n\u00e3o se sabe se o departamento vai sofrer mais altera\u00e7\u00f5es.<\/p>\n\n\n\n<figure class=\"wp-block-embed is-type-video is-provider-youtube wp-block-embed-youtube wp-embed-aspect-16-9 wp-has-aspect-ratio\"><div class=\"wp-block-embed__wrapper\">\n<iframe loading=\"lazy\" title=\"\u00c9 MERCEDES x McLAREN OU FERRARI VAI JOGAR EM CASA PARA VENCER NA IT\u00c1LIA? | Paddock GP\" width=\"500\" height=\"281\" src=\"https:\/\/www.youtube.com\/embed\/Yi0F8GkGBo4?feature=oembed\" frameborder=\"0\" allow=\"accelerometer; autoplay; clipboard-write; encrypted-media; gyroscope; picture-in-picture; web-share\" referrerpolicy=\"strict-origin-when-cross-origin\" allowfullscreen><\/iframe>\n<\/div><\/figure>\n\n\n\n<p class=\"wp-block-paragraph\">Apesar das dificuldades, a sa\u00edda de Baritaud n\u00e3o est\u00e1 relacionada \u00e0 falta de desempenho. O engenheiro chegou \u00e0 Ferrari em outubro de 2000 e ocupou diversos cargos tanto na F\u00f3rmula 1 quanto na divis\u00e3o de carros de rua.<\/p>\n\n\n\n<p class=\"wp-block-paragraph\">Nos \u00faltimos 18 anos, Thierry foi designado para trabalhar com a tecnologia h\u00edbrida no automobilismo e foi um dos respons\u00e1veis pela introdu\u00e7\u00e3o do KERS no projeto da equipe em 2009 e, posteriormente, do ERS (sigla para Sistema de Recupera\u00e7\u00e3o de Energia, em tradu\u00e7\u00e3o livre). Em 2017, Baritaud assumiu a responsabilidade pelo sistema de recupera\u00e7\u00e3o de energia e pelo turbo da Ferrari, o que o colocou em uma posi\u00e7\u00e3o importante no desenvolvimento das unidades de pot\u00eancia h\u00edbridas da equipe.<\/p>\n\n\n\n<p class=\"wp-block-paragraph\">Por ora, Gualtieri, diretor-t\u00e9cnico das unidades de pot\u00eancia da Ferrari, ficar\u00e1 respons\u00e1vel por assumir as responsabilidades de Baritaud.<\/p>\n\n\n\n<p class=\"wp-block-paragraph\">A F\u00f3rmula 1 volta neste fim de semana, de 4 a 6 de setembro, em Monza. O&nbsp;<strong>GRANDE PR\u00caMIO<\/strong>&nbsp;acompanha todas as atividades do&nbsp;<strong>GP da It\u00e1lia<\/strong>, 13\u00aa etapa da temporada 2026,&nbsp;<a href=\"https:\/\/www.grandepremio.com\/br\/ao-vivo\/f1\/\"><strong>AO VIVO E EM&nbsp;<\/strong><\/a><strong><a href=\"https:\/\/www.grandepremio.com\/br\/ao-vivo\/\" target=\"_blank\" rel=\"noopener\">TEMPO REAL<\/a><\/strong>,&nbsp;<a href=\"https:\/\/www.youtube.com\/@GrandePremio1\/streams\">al\u00e9m de classifica\u00e7\u00e3o e corrida em&nbsp;<strong>SEGUNDA TELA&nbsp;<\/strong>no YouTube<\/a>, em parceria com a&nbsp;<strong>Voz do Esporte<\/strong>. O&nbsp;<strong>Briefing&nbsp;<\/strong>chega para analisar ap\u00f3s o fim de cada dia de atividades nas redes sociais e na&nbsp;<strong>GPTV<\/strong>.<\/p>\n\n\n\n<h2 class=\"wp-block-heading\">GP da It\u00e1lia de F1: veja os hor\u00e1rios em Brasil, Cabo Verde,&nbsp;<a href=\"https:\/\/grandepremio.pt\/\" target=\"_blank\" rel=\"noopener\"><strong>Portugal<\/strong><\/a>, Angola e Mo\u00e7ambique:<\/h2>\n\n\n\n<h3 class=\"wp-block-heading\">Hor\u00e1rios no Brasil*<\/h3>\n\n\n\n<ul id=\"block-04b1bda2-db77-49b7-8a15-ab1e981bbd0f\" class=\"wp-block-list\">\n<li><strong>Treino livre 1: 07:30<\/strong><\/li>\n\n\n\n<li><strong>Treino livre 2: 11:00<\/strong><\/li>\n\n\n\n<li><strong>Treino livre 3: 07:30<\/strong><\/li>\n\n\n\n<li><strong>Classifica\u00e7\u00e3o: 11:00<\/strong><\/li>\n\n\n\n<li><strong>Corrida: 10:00<\/strong><\/li>\n<\/ul>\n\n\n\n<h3 class=\"wp-block-heading\">Hor\u00e1rios em Portugal e Angola<\/h3>\n\n\n\n<ul id=\"block-e78d748e-6549-4a54-9e51-69367685663a\" class=\"wp-block-list\">\n<li><strong>Treino livre 1: 11:30<\/strong><\/li>\n\n\n\n<li><strong>Treino livre 2: 15:00<\/strong><\/li>\n\n\n\n<li><strong>Treino livre 3: 11:30<\/strong><\/li>\n\n\n\n<li><strong>Classifica\u00e7\u00e3o: 15:00<\/strong><\/li>\n\n\n\n<li><strong>Corrida: 14:00<\/strong><\/li>\n<\/ul>\n\n\n\n<h3 class=\"wp-block-heading\">Hor\u00e1rios em Cabo Verde<\/h3>\n\n\n\n<ul id=\"block-7b9d835a-23af-4411-943e-453b4766e578\" class=\"wp-block-list\">\n<li><strong>Treino livre 1: 09:30<\/strong><\/li>\n\n\n\n<li><strong>Treino livre 2: 13:00<\/strong><\/li>\n\n\n\n<li><strong>Treino livre 3: 09:30<\/strong><\/li>\n\n\n\n<li><strong>Classifica\u00e7\u00e3o: 13:00<\/strong><\/li>\n\n\n\n<li><strong>Corrida: 12:00<\/strong><\/li>\n<\/ul>\n\n\n\n<h3 class=\"wp-block-heading\"><strong>Hor\u00e1rios em Mo\u00e7ambique<\/strong><\/h3>\n\n\n\n<ul id=\"block-bbaadcb9-d1e6-402a-b585-42debf37b024\" class=\"wp-block-list\">\n<li><strong>Treino livre 1: 12:30<\/strong><\/li>\n\n\n\n<li><strong>Treino livre 2: 16:00<\/strong><\/li>\n\n\n\n<li><strong>Treino livre 3: 12:30<\/strong><\/li>\n\n\n\n<li><strong>Classifica\u00e7\u00e3o: 16:00<\/strong><\/li>\n\n\n\n<li><strong>Corrida: 15:00<\/strong><\/li>\n<\/ul>\n","protected":false},"excerpt":{"rendered":"<p>Thierry Baritaud j\u00e1 havia manifestado internamente o desejo de se aposentar, e a sa\u00edda n\u00e3o pegou a equipe de surpresa. Enrico Gualtieri, diretor-t\u00e9cnico das unidades de pot\u00eancia, assume o posto de forma interina<\/p>\n","protected":false},"author":17,"featured_media":1020313533,"comment_status":"closed","ping_status":"closed","sticky":false,"template":"","format":"standard","meta":{"42wp_featured_image_caption":"Thierry Baritaud deixa a Ferrari ap\u00f3s 26 anos de contribui\u00e7\u00e3o","42wp_featured_image_credits":"Ferrari","42wp_featured_video":"","42wp_featured_image_hidden":false,"42wp_authors_list":[{"id":47149,"location":"de Belo Horizonte"}],"footnotes":""},"categories":[2],"tags":[207,24898,47927],"42wp_author":[47149],"class_list":["post-165104","post","type-post","status-publish","format-standard","has-post-thumbnail","hentry","category-f1","tag-ferrari","tag-gp-da-italia","tag-thierry-baritaud","42wp_author-bernardo-castro"],"_links":{"self":[{"href":"https:\/\/grandepremio.com\/br\/wp-json\/wp\/v2\/posts\/165104","targetHints":{"allow":["GET"]}}],"collection":[{"href":"https:\/\/grandepremio.com\/br\/wp-json\/wp\/v2\/posts"}],"about":[{"href":"https:\/\/grandepremio.com\/br\/wp-json\/wp\/v2\/types\/post"}],"author":[{"embeddable":true,"href":"https:\/\/grandepremio.com\/br\/wp-json\/wp\/v2\/users\/17"}],"replies":[{"embeddable":true,"href":"https:\/\/grandepremio.com\/br\/wp-json\/wp\/v2\/comments?post=165104"}],"version-history":[{"count":2,"href":"https:\/\/grandepremio.com\/br\/wp-json\/wp\/v2\/posts\/165104\/revisions"}],"predecessor-version":[{"id":165109,"href":"https:\/\/grandepremio.com\/br\/wp-json\/wp\/v2\/posts\/165104\/revisions\/165109"}],"wp:featuredmedia":[{"embeddable":true,"href":"https:\/\/grandepremio.com\/br\/wp-json\/wp\/v2\/media\/1020313533"}],"wp:attachment":[{"href":"https:\/\/grandepremio.com\/br\/wp-json\/wp\/v2\/media?parent=165104"}],"wp:term":[{"taxonomy":"category","embeddable":true,"href":"https:\/\/grandepremio.com\/br\/wp-json\/wp\/v2\/categories?post=165104"},{"taxonomy":"post_tag","embeddable":true,"href":"https:\/\/grandepremio.com\/br\/wp-json\/wp\/v2\/tags?post=165104"},{"taxonomy":"42wp_author","embeddable":true,"href":"https:\/\/grandepremio.com\/br\/wp-json\/wp\/v2\/42wp_author?post=165104"}],"curies":[{"name":"wp","href":"https:\/\/api.w.org\/{rel}","templated":true}]}}