{"id":165118,"date":"2026-09-02T10:52:29","date_gmt":"2026-09-02T13:52:29","guid":{"rendered":"https:\/\/grandepremio.com\/br\/?p=165118"},"modified":"2026-09-02T10:52:31","modified_gmt":"2026-09-02T13:52:31","slug":"ferrari-admite-expectativa-passo-direcao-certa-atualizacao-motor-monza","status":"publish","type":"post","link":"https:\/\/grandepremio.com\/br\/f1\/ferrari-admite-expectativa-passo-direcao-certa-atualizacao-motor-monza\/","title":{"rendered":"Ferrari admite expectativa por &#8220;passo na dire\u00e7\u00e3o certa&#8221; com atualiza\u00e7\u00e3o no motor em Monza"},"content":{"rendered":"\n<p class=\"wp-block-paragraph\">A Ferrari chega ao GP da It\u00e1lia deste fim de semana cercada de expectativas. Al\u00e9m das mudan\u00e7as na parte aerodin\u00e2mica, o chefe Fr\u00e9d\u00e9ric Vasseur<strong> confirmou que a unidade de pot\u00eancia tamb\u00e9m ser\u00e1 atualizada<\/strong> para a prova em Monza. Por isso, o dirigente espera ver a equipe seguindo na dire\u00e7\u00e3o correta <strong>para conquistar um resultado positivo na corrida de casa<\/strong>.<\/p>\n\n\n\n<p class=\"wp-block-paragraph\">O GP da It\u00e1lia \u00e9 o mais importante do ano para a Ferrari, e o circuito de Monza \u00e9 conhecido pelas retas longas e curvas de alta velocidade, que <strong>exigem bastante da unidade de pot\u00eancia<\/strong>. Pensando nisso, a equipe decidiu levar para este fim de semana as novas atualiza\u00e7\u00f5es permitidas pelo ADUO (sigla para Oportunidades Adicionais de Desenvolvimento e Atualiza\u00e7\u00e3o, em tradu\u00e7\u00e3o livre). Segundo informa\u00e7\u00f5es divulgadas em agosto pela vers\u00e3o inglesa do portal <em>Motorsport<\/em>, as mudan\u00e7as no turbo e na c\u00e2mara de compress\u00e3o devem proporcionar um ganho de at\u00e9 15 cv na pista.<\/p>\n\n\n\n<figure class=\"wp-block-embed is-type-video is-provider-youtube wp-block-embed-youtube wp-embed-aspect-16-9 wp-has-aspect-ratio\"><div class=\"wp-block-embed__wrapper\">\n<iframe loading=\"lazy\" title=\"\u00c9 MERCEDES x McLAREN OU FERRARI VAI JOGAR EM CASA PARA VENCER NA IT\u00c1LIA? | Paddock GP\" width=\"500\" height=\"281\" src=\"https:\/\/www.youtube.com\/embed\/Yi0F8GkGBo4?feature=oembed\" frameborder=\"0\" allow=\"accelerometer; autoplay; clipboard-write; encrypted-media; gyroscope; picture-in-picture; web-share\" referrerpolicy=\"strict-origin-when-cross-origin\" allowfullscreen><\/iframe>\n<\/div><\/figure>\n\n\n\n<p class=\"wp-block-paragraph\">Al\u00e9m das atualiza\u00e7\u00f5es no motor, a Ferrari preparou uma pintura especial para celebrar o legado de Michael Schumacher na equipe. Por isso, Vasseur acredita que o GP da It\u00e1lia ter\u00e1 um peso a mais em 2026.<\/p>\n\n\n\n<p class=\"wp-block-paragraph\">\u201cMonza \u00e9 sempre um fim de semana muito especial para a Ferrari. Correr diante da torcida transmite uma energia incr\u00edvel a toda a equipe e, neste ano, haver\u00e1 uma emo\u00e7\u00e3o adicional, pois celebraremos Michael Schumacher e o legado que ele deixou no time. A busca incans\u00e1vel por melhorias, a aten\u00e7\u00e3o aos detalhes e a forte cren\u00e7a no trabalho em equipe s\u00e3o valores de Michael que permanecem fundamentais para n\u00f3s hoje\u201d, disse Vasseur.<\/p>\n\n\n\n<p class=\"wp-block-paragraph\">\u201cEm termos de desempenho, estamos introduzindo uma unidade de pot\u00eancia atualizada, como parte do ADUO. Isso representa um passo na dire\u00e7\u00e3o certa. Monza \u00e9 um circuito exigente e o pelot\u00e3o est\u00e1 extremamente equilibrado. Nossa prioridade ser\u00e1 executar cada aspecto do fim de semana da melhor maneira poss\u00edvel. Queremos extrair motiva\u00e7\u00e3o adicional da paix\u00e3o da torcida local e proporcionar um fim de semana de alto n\u00edvel aos f\u00e3s\u201d, concluiu o chefe da Ferrari.<\/p>\n\n\n\n<p class=\"wp-block-paragraph\">Para o fim de semana do GP da It\u00e1lia, a Ferrari tamb\u00e9m vai contar com um novo combust\u00edvel fornecido pela Shell e <a href=\"https:\/\/grandepremio.com\/br\/f1\/ferrari-sinal-verde-atualizacoes-motor-chassi-gp-da-italia\/\">altera\u00e7\u00f5es na parte traseira do carro<\/a>. A principal delas est\u00e1 na asa Macarena, que receber\u00e1 uma vers\u00e3o mais eficiente em termos aerodin\u00e2micos. Al\u00e9m disso, o exaustor localizado na parte inferior ter\u00e1 um escape ajust\u00e1vel, caso a Ferrari precise reduzir ainda mais o arrasto devido \u00e0s caracter\u00edsticas particulares de Monza.<\/p>\n\n\n\n<figure class=\"wp-block-image size-large\"><img loading=\"lazy\" decoding=\"async\" width=\"1024\" height=\"576\" src=\"https:\/\/grandepremio.com\/br\/wp-content\/uploads\/2026\/09\/Ferrari-pintura-Michael-Schumacher-GP-da-Italia-Monza-F1-20266-1-1024x576.jpg\" alt=\"\" class=\"wp-image-1020313506\" srcset=\"https:\/\/grandepremio.com\/wp-content\/uploads\/2026\/09\/Ferrari-pintura-Michael-Schumacher-GP-da-Italia-Monza-F1-20266-1-1024x576.jpg 1024w, https:\/\/grandepremio.com\/wp-content\/uploads\/2026\/09\/Ferrari-pintura-Michael-Schumacher-GP-da-Italia-Monza-F1-20266-1-300x169.jpg 300w, https:\/\/grandepremio.com\/wp-content\/uploads\/2026\/09\/Ferrari-pintura-Michael-Schumacher-GP-da-Italia-Monza-F1-20266-1-768x432.jpg 768w, https:\/\/grandepremio.com\/wp-content\/uploads\/2026\/09\/Ferrari-pintura-Michael-Schumacher-GP-da-Italia-Monza-F1-20266-1-1536x864.jpg 1536w, https:\/\/grandepremio.com\/wp-content\/uploads\/2026\/09\/Ferrari-pintura-Michael-Schumacher-GP-da-Italia-Monza-F1-20266-1-1200x675.jpg 1200w, https:\/\/grandepremio.com\/wp-content\/uploads\/2026\/09\/Ferrari-pintura-Michael-Schumacher-GP-da-Italia-Monza-F1-20266-1-150x84.jpg 150w, https:\/\/grandepremio.com\/wp-content\/uploads\/2026\/09\/Ferrari-pintura-Michael-Schumacher-GP-da-Italia-Monza-F1-20266-1.jpg 1600w\" sizes=\"(max-width: 1024px) 100vw, 1024px\" \/><figcaption class=\"wp-element-caption\">A Ferrari vai usar uma pintura especial para homenagear Michael Schumacher em Monza (Foto: Ferrari)<\/figcaption><\/figure>\n\n\n\n<p class=\"wp-block-paragraph\">O portal ingl\u00eas<em>The Race<\/em> tamb\u00e9m informou que a equipe ter\u00e1 uma \u00e1rea do assoalho <a href=\"https:\/\/grandepremio.com\/br\/f1\/menos-arrasto-potencia-extra-ferrari-almeja-gp-da-italia-atualizacoes\/\">com um elemento vertical \u00fanico<\/a>, ao contr\u00e1rio da configura\u00e7\u00e3o com tr\u00eas elementos em sequ\u00eancia usada at\u00e9 ent\u00e3o. Essa mudan\u00e7a tem como objetivo reduzir o arrasto e, consequentemente, proporcionar ganho de velocidade nas retas.<\/p>\n\n\n\n<p class=\"wp-block-paragraph\">A F\u00f3rmula 1 volta neste fim de semana, de 4 a 6 de setembro, em Monza. O&nbsp;<strong>GRANDE PR\u00caMIO<\/strong>&nbsp;acompanha todas as atividades do&nbsp;<strong>GP da It\u00e1lia<\/strong>, 13\u00aa etapa da temporada 2026,&nbsp;<a href=\"https:\/\/www.grandepremio.com\/br\/ao-vivo\/f1\/\"><strong>AO VIVO E EM&nbsp;<\/strong><\/a><strong><a href=\"https:\/\/www.grandepremio.com\/br\/ao-vivo\/\" target=\"_blank\" rel=\"noopener\">TEMPO REAL<\/a><\/strong>,&nbsp;<a href=\"https:\/\/www.youtube.com\/@GrandePremio1\/streams\">al\u00e9m de classifica\u00e7\u00e3o e corrida em&nbsp;<strong>SEGUNDA TELA&nbsp;<\/strong>no YouTube<\/a>, em parceria com a&nbsp;<strong>Voz do Esporte<\/strong>. O&nbsp;<strong>Briefing&nbsp;<\/strong>chega para analisar ap\u00f3s o fim de cada dia de atividades nas redes sociais e na&nbsp;<strong>GPTV<\/strong>.<\/p>\n\n\n\n<h2 class=\"wp-block-heading\">GP da It\u00e1lia de F1: veja os hor\u00e1rios em Brasil, Cabo Verde,&nbsp;<a href=\"https:\/\/grandepremio.pt\/\" target=\"_blank\" rel=\"noopener\"><strong>Portugal<\/strong><\/a>, Angola e Mo\u00e7ambique:<\/h2>\n\n\n\n<h3 class=\"wp-block-heading\">Hor\u00e1rios no Brasil*<\/h3>\n\n\n\n<ul id=\"block-04b1bda2-db77-49b7-8a15-ab1e981bbd0f\" class=\"wp-block-list\">\n<li><strong>Treino livre 1: 07:30<\/strong><\/li>\n\n\n\n<li><strong>Treino livre 2: 11:00<\/strong><\/li>\n\n\n\n<li><strong>Treino livre 3: 07:30<\/strong><\/li>\n\n\n\n<li><strong>Classifica\u00e7\u00e3o: 11:00<\/strong><\/li>\n\n\n\n<li><strong>Corrida: 10:00<\/strong><\/li>\n<\/ul>\n\n\n\n<h3 class=\"wp-block-heading\">Hor\u00e1rios em Portugal e Angola<\/h3>\n\n\n\n<ul id=\"block-e78d748e-6549-4a54-9e51-69367685663a\" class=\"wp-block-list\">\n<li><strong>Treino livre 1: 11:30<\/strong><\/li>\n\n\n\n<li><strong>Treino livre 2: 15:00<\/strong><\/li>\n\n\n\n<li><strong>Treino livre 3: 11:30<\/strong><\/li>\n\n\n\n<li><strong>Classifica\u00e7\u00e3o: 15:00<\/strong><\/li>\n\n\n\n<li><strong>Corrida: 14:00<\/strong><\/li>\n<\/ul>\n\n\n\n<h3 class=\"wp-block-heading\">Hor\u00e1rios em Cabo Verde<\/h3>\n\n\n\n<ul id=\"block-7b9d835a-23af-4411-943e-453b4766e578\" class=\"wp-block-list\">\n<li><strong>Treino livre 1: 09:30<\/strong><\/li>\n\n\n\n<li><strong>Treino livre 2: 13:00<\/strong><\/li>\n\n\n\n<li><strong>Treino livre 3: 09:30<\/strong><\/li>\n\n\n\n<li><strong>Classifica\u00e7\u00e3o: 13:00<\/strong><\/li>\n\n\n\n<li><strong>Corrida: 12:00<\/strong><\/li>\n<\/ul>\n\n\n\n<h3 class=\"wp-block-heading\"><strong>Hor\u00e1rios em Mo\u00e7ambique<\/strong><\/h3>\n\n\n\n<ul id=\"block-bbaadcb9-d1e6-402a-b585-42debf37b024\" class=\"wp-block-list\">\n<li><strong>Treino livre 1: 12:30<\/strong><\/li>\n\n\n\n<li><strong>Treino livre 2: 16:00<\/strong><\/li>\n\n\n\n<li><strong>Treino livre 3: 12:30<\/strong><\/li>\n\n\n\n<li><strong>Classifica\u00e7\u00e3o: 16:00<\/strong><\/li>\n\n\n\n<li><strong>Corrida: 15:00<\/strong><\/li>\n<\/ul>\n","protected":false},"excerpt":{"rendered":"<p>Para lidar com os trechos de alta velocidade de Monza, a Ferrari chega ao GP da It\u00e1lia com a expectativa de que a atualiza\u00e7\u00e3o no motor deixe a SF-26 em melhores condi\u00e7\u00f5es para brigar por bons resultados<\/p>\n","protected":false},"author":17,"featured_media":1020312702,"comment_status":"closed","ping_status":"closed","sticky":false,"template":"","format":"standard","meta":{"42wp_featured_image_caption":"A Ferrari est\u00e1 animada com as atualiza\u00e7\u00f5es que ser\u00e3o introduzidas no GP da It\u00e1lia","42wp_featured_image_credits":"Reprodu\u00e7\u00e3o\/F1","42wp_featured_video":"","42wp_featured_image_hidden":false,"42wp_authors_list":[{"id":47149,"location":"de Belo Horizonte"}],"footnotes":""},"categories":[2],"tags":[207,24898,1737],"42wp_author":[47149],"class_list":["post-165118","post","type-post","status-publish","format-standard","has-post-thumbnail","hentry","category-f1","tag-ferrari","tag-gp-da-italia","tag-monza","42wp_author-bernardo-castro"],"_links":{"self":[{"href":"https:\/\/grandepremio.com\/br\/wp-json\/wp\/v2\/posts\/165118","targetHints":{"allow":["GET"]}}],"collection":[{"href":"https:\/\/grandepremio.com\/br\/wp-json\/wp\/v2\/posts"}],"about":[{"href":"https:\/\/grandepremio.com\/br\/wp-json\/wp\/v2\/types\/post"}],"author":[{"embeddable":true,"href":"https:\/\/grandepremio.com\/br\/wp-json\/wp\/v2\/users\/17"}],"replies":[{"embeddable":true,"href":"https:\/\/grandepremio.com\/br\/wp-json\/wp\/v2\/comments?post=165118"}],"version-history":[{"count":2,"href":"https:\/\/grandepremio.com\/br\/wp-json\/wp\/v2\/posts\/165118\/revisions"}],"predecessor-version":[{"id":165124,"href":"https:\/\/grandepremio.com\/br\/wp-json\/wp\/v2\/posts\/165118\/revisions\/165124"}],"wp:featuredmedia":[{"embeddable":true,"href":"https:\/\/grandepremio.com\/br\/wp-json\/wp\/v2\/media\/1020312702"}],"wp:attachment":[{"href":"https:\/\/grandepremio.com\/br\/wp-json\/wp\/v2\/media?parent=165118"}],"wp:term":[{"taxonomy":"category","embeddable":true,"href":"https:\/\/grandepremio.com\/br\/wp-json\/wp\/v2\/categories?post=165118"},{"taxonomy":"post_tag","embeddable":true,"href":"https:\/\/grandepremio.com\/br\/wp-json\/wp\/v2\/tags?post=165118"},{"taxonomy":"42wp_author","embeddable":true,"href":"https:\/\/grandepremio.com\/br\/wp-json\/wp\/v2\/42wp_author?post=165118"}],"curies":[{"name":"wp","href":"https:\/\/api.w.org\/{rel}","templated":true}]}}