{"id":165162,"date":"2026-09-02T15:16:15","date_gmt":"2026-09-02T18:16:15","guid":{"rendered":"https:\/\/grandepremio.com\/br\/?p=165162"},"modified":"2026-09-02T15:17:20","modified_gmt":"2026-09-02T18:17:20","slug":"pipo-derani-recorda-memorias-incriveis-eua-vesperas-lone-star-le-mans","status":"publish","type":"post","link":"https:\/\/grandepremio.com\/br\/endurance\/wec\/pipo-derani-recorda-memorias-incriveis-eua-vesperas-lone-star-le-mans\/","title":{"rendered":"Derani recorda &#8220;mem\u00f3rias incr\u00edveis&#8221; nos EUA \u00e0s v\u00e9speras da Lone Star Le Mans"},"content":{"rendered":"\n<p class=\"wp-block-paragraph\"><strong>Pipo Derani volta \u00e0s pistas neste fim de semana para a disputa da Lone Star Le Mans<\/strong>, quinta etapa da temporada 2026 do Mundial de Endurance (WEC). O piloto brasileiro, que faz parte do elenco da <strong>estreante Genesis na classe Hipercarro<\/strong>, teve uma passagem de sucesso pelo pa\u00eds, se sagrando bicampe\u00e3o do IMSA SportsCar, e, por isso, celebrou estar de volta \u00e0 Am\u00e9rica do Norte. <\/p>\n\n\n\n<p class=\"wp-block-paragraph\">Em 2021, <strong>Derani conquistou o primeiro t\u00edtulo no IMSA SportsCar<\/strong> ao levar a melhor na antiga classe DPi ao lado de <strong>Felipe Nasr no Cadillac #31<\/strong>. Depois, em 2023, voltou a conquistar o campeonato na j\u00e1 renomeada classe GTP <strong>mais uma vez com a Cadillac<\/strong>, mas agora <strong>junto de Alexander Sims<\/strong>. Al\u00e9m disso, \u00e9 tamb\u00e9m <strong>tetracampe\u00e3o das 12 Horas de Sebring<\/strong> e vencedor das <strong>24 Horas de Daytona<\/strong>.<\/p>\n\n\n\n<figure class=\"wp-block-embed is-type-video is-provider-youtube wp-block-embed-youtube wp-embed-aspect-16-9 wp-has-aspect-ratio\"><div class=\"wp-block-embed__wrapper\">\n<iframe loading=\"lazy\" title=\"\u00c9 MERCEDES x McLAREN OU FERRARI VAI JOGAR EM CASA PARA VENCER NA IT\u00c1LIA? | Paddock GP\" width=\"500\" height=\"281\" src=\"https:\/\/www.youtube.com\/embed\/Yi0F8GkGBo4?feature=oembed\" frameborder=\"0\" allow=\"accelerometer; autoplay; clipboard-write; encrypted-media; gyroscope; picture-in-picture; web-share\" referrerpolicy=\"strict-origin-when-cross-origin\" allowfullscreen><\/iframe>\n<\/div><\/figure>\n\n\n\n<p class=\"wp-block-paragraph\">Agora, <strong>Derani vive uma temporada de reestreia no WEC junto da Genesis<\/strong>, que chegou \u00e0 classe Hipercarro neste ano e ainda est\u00e1 longe de brigar por vit\u00f3rias. Mesmo assim, o <strong>brasileiro se apega aos bons momentos vividos nos Estados Unidos<\/strong> antes de ir \u00e0 pista para o in\u00edcio das atividades da Lone Star Le Mans. <\/p>\n\n\n\n<p class=\"wp-block-paragraph\">\u201cCorrer nos Estados Unidos sempre <strong>traz a sensa\u00e7\u00e3o de estar voltando para casa<\/strong>. Tenho <strong>mem\u00f3rias incr\u00edveis e momentos marcantes<\/strong> das minhas temporadas competindo no IMSA SportsCar, e os f\u00e3s americanos trazem ao paddock uma energia e uma paix\u00e3o aut\u00eanticas que s\u00e3o incompar\u00e1veis. Voltar a competir em solo americano em um campeonato mundial \u00e9 algo especial, e n\u00e3o quero nada al\u00e9m de proporcionar um grande espet\u00e1culo para o p\u00fablico\u201d, comentou. <\/p>\n\n\n\n<p class=\"wp-block-paragraph\">Derani tamb\u00e9m lembrou da <strong>primeira passagem que teve pelos Estados Unidos como piloto do WEC<\/strong>, nas 6 Horas do Circuito das Am\u00e9ricas de 2015. Naquela ocasi\u00e3o, ficou com a <strong>s\u00e9tima posi\u00e7\u00e3o da classe LMP1 junto de Ricardo Gonz\u00e1lez e Gustavo Yacam\u00e1n pela G-Drive Racing<\/strong>. <\/p>\n\n\n\n<p class=\"wp-block-paragraph\">\u201cUma das minhas melhores lembran\u00e7as aqui foi em 2015, durante minha temporada de estreia no WEC, tendo meu pai ao meu lado nesta corrida. Voltar aqui sempre traz esses momentos \u00e0 mem\u00f3ria\u201d, recordou. <\/p>\n\n\n\n<figure class=\"wp-block-image size-large\"><img loading=\"lazy\" decoding=\"async\" width=\"1024\" height=\"683\" src=\"https:\/\/grandepremio.com\/br\/wp-content\/uploads\/2026\/07\/DPPIPRODUCTION_00004738_0218-1024x683.jpg\" alt=\"\" class=\"wp-image-1020309140\" srcset=\"https:\/\/grandepremio.com\/wp-content\/uploads\/2026\/07\/DPPIPRODUCTION_00004738_0218-1024x683.jpg 1024w, https:\/\/grandepremio.com\/wp-content\/uploads\/2026\/07\/DPPIPRODUCTION_00004738_0218-300x200.jpg 300w, https:\/\/grandepremio.com\/wp-content\/uploads\/2026\/07\/DPPIPRODUCTION_00004738_0218-768x512.jpg 768w, https:\/\/grandepremio.com\/wp-content\/uploads\/2026\/07\/DPPIPRODUCTION_00004738_0218-1536x1024.jpg 1536w, https:\/\/grandepremio.com\/wp-content\/uploads\/2026\/07\/DPPIPRODUCTION_00004738_0218-2048x1365.jpg 2048w, https:\/\/grandepremio.com\/wp-content\/uploads\/2026\/07\/DPPIPRODUCTION_00004738_0218-150x100.jpg 150w\" sizes=\"(max-width: 1024px) 100vw, 1024px\" \/><figcaption class=\"wp-element-caption\">Pipo Derani volta a correr nos EUA neste fim de semana (Foto: Julien Delfosse \/ DPPI)<\/figcaption><\/figure>\n\n\n\n<p class=\"wp-block-paragraph\">\u201c\u00c9 um circuito que exige comprometimento total &#8211; atacar a subida em dire\u00e7\u00e3o \u00e0 curva 1 e fluir pelos \u2018esses\u2019 com pneus novos continua sendo uma das sensa\u00e7\u00f5es mais gratificantes\u201d, encerrou. <\/p>\n\n\n\n<p class=\"wp-block-paragraph\">O WEC retorna neste fim de semana, entre os dias 4 e 6 de setembro, para a disputa da Lone Star Le Mans, no\u00a0Circuito das Am\u00e9ricas, em\u00a0Austin, nos\u00a0Estados Unidos. O <strong>GRANDE PR\u00caMIO faz a cobertura completa do evento<\/strong> e transmite TL3, classifica\u00e7\u00e3o e corrida <strong>AO VIVO e COM IMAGENS no YouTube e na GPTV<\/strong>. <\/p>\n\n\n\n<h2 class=\"wp-block-heading\">Lone Star Le Mans do WEC 2026:&nbsp;veja os hor\u00e1rios em Brasil, Cabo Verde,&nbsp;Portugal, Angola e Mo\u00e7ambique<\/h2>\n\n\n\n<figure class=\"wp-block-table is-style-stripes\"><table class=\"has-fixed-layout\"><tbody><tr><td><strong>Data<\/strong><\/td><td><strong>&nbsp;Sess\u00e3o<\/strong><\/td><td><strong>BRA*<\/strong><\/td><td><strong>CBV<\/strong><\/td><td><strong>POR\/ANG<\/strong><\/td><td><strong>MOZ<\/strong><\/td><\/tr><tr><td>Sexta-feira (4)<\/td><td>Treino livre 1<\/td><td>13h30<\/td><td>15h30<\/td><td>17h30<\/td><td>18h30<\/td><\/tr><tr><td>Sexta-feira (4)<\/td><td>Treino livre 2<\/td><td>18h00<\/td><td>20h00<\/td><td>22h00<\/td><td>21h00<\/td><\/tr><tr><td>S\u00e1bado (5)<\/td><td>Treino livre 3<\/td><td>13h00<\/td><td>15h00<\/td><td>17h00<\/td><td>18h00<\/td><\/tr><tr><td>S\u00e1bado (5)<\/td><td>Classifica\u00e7\u00e3o<\/td><td>17h00<\/td><td>19h00<\/td><td>20h00<\/td><td>21h00<\/td><\/tr><tr><td>Domingo (6)<\/td><td>Corrida<\/td><td>15h00<\/td><td>17h00<\/td><td>19h00<\/td><td>20h00<\/td><\/tr><\/tbody><\/table><\/figure>\n\n\n\n<p class=\"wp-block-paragraph\"><em>*Hor\u00e1rios de Bras\u00edlia (GMT-3)<\/em><a href=\"https:\/\/www.grandepremio.com\/br\/chefao\/\" target=\"_blank\" rel=\"noopener\"><\/a><\/p>\n","protected":false},"excerpt":{"rendered":"<p>Pipo Derani, que \u00e9 bicampe\u00e3o do IMSA SportsCar, retorna aos Estados Unidos neste fim de semana para disputar a Lone Star Le Mans e comentou as principais lembran\u00e7as que tem do pa\u00eds<\/p>\n","protected":false},"author":20,"featured_media":1020313548,"comment_status":"closed","ping_status":"closed","sticky":false,"template":"","format":"standard","meta":{"42wp_featured_image_caption":"Pipo Derani volta aos EUA para a Lone Star Le Mans","42wp_featured_image_credits":"Drew Gibson","42wp_featured_video":"","42wp_featured_image_hidden":false,"42wp_authors_list":[{"id":47162,"location":"de Vinhedo"}],"footnotes":""},"categories":[52],"tags":[1983,40058,40738,756],"42wp_author":[47162],"class_list":["post-165162","post","type-post","status-publish","format-standard","has-post-thumbnail","hentry","category-wec","tag-eua","tag-genesis","tag-lone-star-le-mans","tag-pipo-derani","42wp_author-giovani-danjo"],"_links":{"self":[{"href":"https:\/\/grandepremio.com\/br\/wp-json\/wp\/v2\/posts\/165162","targetHints":{"allow":["GET"]}}],"collection":[{"href":"https:\/\/grandepremio.com\/br\/wp-json\/wp\/v2\/posts"}],"about":[{"href":"https:\/\/grandepremio.com\/br\/wp-json\/wp\/v2\/types\/post"}],"author":[{"embeddable":true,"href":"https:\/\/grandepremio.com\/br\/wp-json\/wp\/v2\/users\/20"}],"replies":[{"embeddable":true,"href":"https:\/\/grandepremio.com\/br\/wp-json\/wp\/v2\/comments?post=165162"}],"version-history":[{"count":14,"href":"https:\/\/grandepremio.com\/br\/wp-json\/wp\/v2\/posts\/165162\/revisions"}],"predecessor-version":[{"id":165199,"href":"https:\/\/grandepremio.com\/br\/wp-json\/wp\/v2\/posts\/165162\/revisions\/165199"}],"wp:featuredmedia":[{"embeddable":true,"href":"https:\/\/grandepremio.com\/br\/wp-json\/wp\/v2\/media\/1020313548"}],"wp:attachment":[{"href":"https:\/\/grandepremio.com\/br\/wp-json\/wp\/v2\/media?parent=165162"}],"wp:term":[{"taxonomy":"category","embeddable":true,"href":"https:\/\/grandepremio.com\/br\/wp-json\/wp\/v2\/categories?post=165162"},{"taxonomy":"post_tag","embeddable":true,"href":"https:\/\/grandepremio.com\/br\/wp-json\/wp\/v2\/tags?post=165162"},{"taxonomy":"42wp_author","embeddable":true,"href":"https:\/\/grandepremio.com\/br\/wp-json\/wp\/v2\/42wp_author?post=165162"}],"curies":[{"name":"wp","href":"https:\/\/api.w.org\/{rel}","templated":true}]}}