{"id":165188,"date":"2026-09-02T15:17:29","date_gmt":"2026-09-02T18:17:29","guid":{"rendered":"https:\/\/grandepremio.com\/br\/?p=165188"},"modified":"2026-09-02T15:27:22","modified_gmt":"2026-09-02T18:27:22","slug":"red-bull-convoca-ayumu-iwasa-tl1-gp-da-italia-lugar-max-verstappen","status":"publish","type":"post","link":"https:\/\/grandepremio.com\/br\/f1\/red-bull-convoca-ayumu-iwasa-tl1-gp-da-italia-lugar-max-verstappen\/","title":{"rendered":"Red Bull convoca Iwasa para TL1 do GP da It\u00e1lia no lugar de Verstappen"},"content":{"rendered":"\n<p class=\"wp-block-paragraph\">A Red Bull comunicou nesta quarta-feira (2) que Ayumu Iwasa estar\u00e1 novamente a bordo do RB22 durante o treino livre 1 do GP da It\u00e1lia, 13\u00aa etapa da temporada 2026 da F\u00f3rmula 1. Isso porque o japon\u00eas foi convocado para assumir a vaga de Max Verstappen durante a atividade que abre o fim de semana no Aut\u00f3dromo Nacional de Monza.<\/p>\n\n\n\n<p class=\"wp-block-paragraph\">Membro da academia de pilotos da marca dos energ\u00e9ticos, Iwasa terminou em quarto lugar na F\u00f3rmula 2 em 2023 antes de retornar ao Jap\u00e3o para disputar a Super F\u00f3rmula, categoria na qual conquistou o t\u00edtulo em 2025. Paralelamente, realizou trabalhos tanto com a escuderia liderada por Laurent Mekies quanto com a Racing Bulls.<\/p>\n\n\n\n<figure class=\"wp-block-embed is-type-video is-provider-youtube wp-block-embed-youtube wp-embed-aspect-16-9 wp-has-aspect-ratio\"><div class=\"wp-block-embed__wrapper\">\n<iframe loading=\"lazy\" title=\"\u00c9 MERCEDES x McLAREN OU FERRARI VAI JOGAR EM CASA PARA VENCER NA IT\u00c1LIA? | Paddock GP\" width=\"500\" height=\"281\" src=\"https:\/\/www.youtube.com\/embed\/Yi0F8GkGBo4?feature=oembed\" frameborder=\"0\" allow=\"accelerometer; autoplay; clipboard-write; encrypted-media; gyroscope; picture-in-picture; web-share\" referrerpolicy=\"strict-origin-when-cross-origin\" allowfullscreen><\/iframe>\n<\/div><\/figure>\n\n\n\n<p class=\"wp-block-paragraph\">O japon\u00eas agora se prepara para o terceiro TL1 s\u00f3 nesta temporada, uma vez que substituiu Isack Hadjar no GP de Barcelona-Catalunha e Liam Lawson, pelo time de Faenza, no GP da \u00c1ustria.<\/p>\n\n\n\n<p class=\"wp-block-paragraph\">&#8220;Estou muito feliz por voltar a pilotar pela equipe no TL1 em Monza. Foi uma \u00f3tima experi\u00eancia participar da sess\u00e3o de treinos em Barcelona e uma boa oportunidade para aprender e me adaptar ao novo regulamento&#8221;, come\u00e7ou Iwasa em um comunicado da Red Bull.<\/p>\n\n\n\n<p class=\"wp-block-paragraph\">&#8220;\u00c9 empolgante poder colocar em pr\u00e1tica o que aprendemos nos simuladores e ver como a minha prepara\u00e7\u00e3o se traduz na pista. \u00c9 uma excelente oportunidade de pilotar um carro de F1, e estou ansioso para pilotar no Circuito de Monza&#8221;, encerrou.<\/p>\n\n\n\n<p class=\"wp-block-paragraph\">Al\u00e9m de Ayumu, o TL1 do GP da It\u00e1lia vai contar com <a href=\"https:\/\/grandepremio.com\/br\/f1\/cadillac-deixa-sergio-perez-banco-da-nova-chance-colton-herta-tl1-gp-da-italia\/\">Colton Herta na Cadillac<\/a>, <a href=\"https:\/\/grandepremio.com\/br\/f1\/williams-escala-luke-browning-tl1-gp-da-italia-deixa-alexander-albon-molho\/\">Luke Browning na Williams<\/a> e <a href=\"https:\/\/grandepremio.com\/br\/f1\/alpine-volta-escalar-paul-aron-substitui-pierre-gasly-tl1-gp-da-italia\/\">Paul Aron na Alpine<\/a>.<\/p>\n\n\n\n<figure class=\"wp-block-image size-large\"><img loading=\"lazy\" decoding=\"async\" width=\"1024\" height=\"576\" src=\"https:\/\/grandepremio.com\/br\/wp-content\/uploads\/2026\/06\/f1-2026-austria-sexta-treino-livre-gabriel-lopez-racing-bulls-ayumu-iwasa-02-1024x576.jpg\" alt=\"F1 2026, AUSTRIA, GABRIEL L\u00d3PEZ, SEXTA, TREINO LIVRE, RACING BULLS, AYUMU IWASA, CARRO\" class=\"wp-image-1020307558\" srcset=\"https:\/\/grandepremio.com\/wp-content\/uploads\/2026\/06\/f1-2026-austria-sexta-treino-livre-gabriel-lopez-racing-bulls-ayumu-iwasa-02-1024x576.jpg 1024w, https:\/\/grandepremio.com\/wp-content\/uploads\/2026\/06\/f1-2026-austria-sexta-treino-livre-gabriel-lopez-racing-bulls-ayumu-iwasa-02-300x169.jpg 300w, https:\/\/grandepremio.com\/wp-content\/uploads\/2026\/06\/f1-2026-austria-sexta-treino-livre-gabriel-lopez-racing-bulls-ayumu-iwasa-02-768x432.jpg 768w, https:\/\/grandepremio.com\/wp-content\/uploads\/2026\/06\/f1-2026-austria-sexta-treino-livre-gabriel-lopez-racing-bulls-ayumu-iwasa-02-1536x864.jpg 1536w, https:\/\/grandepremio.com\/wp-content\/uploads\/2026\/06\/f1-2026-austria-sexta-treino-livre-gabriel-lopez-racing-bulls-ayumu-iwasa-02-1200x675.jpg 1200w, https:\/\/grandepremio.com\/wp-content\/uploads\/2026\/06\/f1-2026-austria-sexta-treino-livre-gabriel-lopez-racing-bulls-ayumu-iwasa-02-150x84.jpg 150w, https:\/\/grandepremio.com\/wp-content\/uploads\/2026\/06\/f1-2026-austria-sexta-treino-livre-gabriel-lopez-racing-bulls-ayumu-iwasa-02.jpg 1920w\" sizes=\"(max-width: 1024px) 100vw, 1024px\" \/><figcaption class=\"wp-element-caption\">Ayumu Iwasa tamb\u00e9m a Racing Bulls de Liam Lawson na \u00c1ustria (Foto: Gabriel L\u00f3pez\/Grande Pr\u00eamio)<\/figcaption><\/figure>\n\n\n\n<p class=\"wp-block-paragraph\">A F\u00f3rmula 1 volta neste fim de semana, de 4 a 6 de setembro, em Monza. O&nbsp;<strong>GRANDE PR\u00caMIO<\/strong>&nbsp;acompanha todas as atividades do&nbsp;<strong>GP da It\u00e1lia<\/strong>, 13\u00aa etapa da temporada 2026,&nbsp;<a href=\"https:\/\/www.grandepremio.com\/br\/ao-vivo\/f1\/\"><strong>AO VIVO E EM&nbsp;<\/strong><\/a><strong><a href=\"https:\/\/www.grandepremio.com\/br\/ao-vivo\/\" target=\"_blank\" rel=\"noopener\">TEMPO REAL<\/a><\/strong>,&nbsp;<a href=\"https:\/\/www.youtube.com\/@GrandePremio1\/streams\">al\u00e9m de classifica\u00e7\u00e3o e corrida em&nbsp;<strong>SEGUNDA TELA&nbsp;<\/strong>no YouTube<\/a>, em parceria com a&nbsp;<strong>Voz do Esporte<\/strong>. O&nbsp;<strong>Briefing&nbsp;<\/strong>chega para analisar ap\u00f3s o fim de cada dia de atividades nas redes sociais e na&nbsp;<strong>GPTV<\/strong>.<\/p>\n\n\n\n<h2 class=\"wp-block-heading\">GP da It\u00e1lia de F1: veja os hor\u00e1rios em Brasil, Cabo Verde,&nbsp;<a href=\"https:\/\/grandepremio.pt\/\" target=\"_blank\" rel=\"noopener\"><strong>Portugal<\/strong><\/a>, Angola e Mo\u00e7ambique:<\/h2>\n\n\n\n<h3 class=\"wp-block-heading\">Hor\u00e1rios no Brasil*<\/h3>\n\n\n\n<ul id=\"block-04b1bda2-db77-49b7-8a15-ab1e981bbd0f\" class=\"wp-block-list\">\n<li><strong>Treino livre 1: 07:30<\/strong><\/li>\n\n\n\n<li><strong>Treino livre 2: 11:00<\/strong><\/li>\n\n\n\n<li><strong>Treino livre 3: 07:30<\/strong><\/li>\n\n\n\n<li><strong>Classifica\u00e7\u00e3o: 11:00<\/strong><\/li>\n\n\n\n<li><strong>Corrida: 10:00<\/strong><\/li>\n<\/ul>\n\n\n\n<h3 class=\"wp-block-heading\">Hor\u00e1rios em Portugal e Angola<\/h3>\n\n\n\n<ul id=\"block-e78d748e-6549-4a54-9e51-69367685663a\" class=\"wp-block-list\">\n<li><strong>Treino livre 1: 11:30<\/strong><\/li>\n\n\n\n<li><strong>Treino livre 2: 15:00<\/strong><\/li>\n\n\n\n<li><strong>Treino livre 3: 11:30<\/strong><\/li>\n\n\n\n<li><strong>Classifica\u00e7\u00e3o: 15:00<\/strong><\/li>\n\n\n\n<li><strong>Corrida: 14:00<\/strong><\/li>\n<\/ul>\n\n\n\n<h3 class=\"wp-block-heading\">Hor\u00e1rios em Cabo Verde<\/h3>\n\n\n\n<ul id=\"block-7b9d835a-23af-4411-943e-453b4766e578\" class=\"wp-block-list\">\n<li><strong>Treino livre 1: 09:30<\/strong><\/li>\n\n\n\n<li><strong>Treino livre 2: 13:00<\/strong><\/li>\n\n\n\n<li><strong>Treino livre 3: 09:30<\/strong><\/li>\n\n\n\n<li><strong>Classifica\u00e7\u00e3o: 13:00<\/strong><\/li>\n\n\n\n<li><strong>Corrida: 12:00<\/strong><\/li>\n<\/ul>\n\n\n\n<h3 class=\"wp-block-heading\"><strong>Hor\u00e1rios em Mo\u00e7ambique<\/strong><\/h3>\n\n\n\n<ul id=\"block-bbaadcb9-d1e6-402a-b585-42debf37b024\" class=\"wp-block-list\">\n<li><strong>Treino livre 1: 12:30<\/strong><\/li>\n\n\n\n<li><strong>Treino livre 2: 16:00<\/strong><\/li>\n\n\n\n<li><strong>Treino livre 3: 12:30<\/strong><\/li>\n\n\n\n<li><strong>Classifica\u00e7\u00e3o: 16:00<\/strong><\/li>\n\n\n\n<li><strong>Corrida: 15:00<\/strong><\/li>\n<\/ul>\n","protected":false},"excerpt":{"rendered":"<p>Ap\u00f3s participar do TL1 na Catalunha e na \u00c1ustria, Ayumu Iwasa agora volta para assumir a vaga de Max Verstappen na atividade que abre o fim de semana da F\u00f3rmula 1 em Monza<\/p>\n","protected":false},"author":19,"featured_media":1001097992,"comment_status":"closed","ping_status":"closed","sticky":false,"template":"","format":"standard","meta":{"42wp_featured_image_caption":"Ayumu Iwasa","42wp_featured_image_credits":"Red Bull Content Pool","42wp_featured_video":"","42wp_featured_image_hidden":false,"42wp_authors_list":[{"id":47160,"location":"de Colatina"}],"footnotes":""},"categories":[2],"tags":[28711,203,204],"42wp_author":[47160],"class_list":["post-165188","post","type-post","status-publish","format-standard","has-post-thumbnail","hentry","category-f1","tag-ayumu-iwasa","tag-max-verstappen","tag-red-bull","42wp_author-vicente-soella"],"_links":{"self":[{"href":"https:\/\/grandepremio.com\/br\/wp-json\/wp\/v2\/posts\/165188","targetHints":{"allow":["GET"]}}],"collection":[{"href":"https:\/\/grandepremio.com\/br\/wp-json\/wp\/v2\/posts"}],"about":[{"href":"https:\/\/grandepremio.com\/br\/wp-json\/wp\/v2\/types\/post"}],"author":[{"embeddable":true,"href":"https:\/\/grandepremio.com\/br\/wp-json\/wp\/v2\/users\/19"}],"replies":[{"embeddable":true,"href":"https:\/\/grandepremio.com\/br\/wp-json\/wp\/v2\/comments?post=165188"}],"version-history":[{"count":3,"href":"https:\/\/grandepremio.com\/br\/wp-json\/wp\/v2\/posts\/165188\/revisions"}],"predecessor-version":[{"id":165201,"href":"https:\/\/grandepremio.com\/br\/wp-json\/wp\/v2\/posts\/165188\/revisions\/165201"}],"wp:featuredmedia":[{"embeddable":true,"href":"https:\/\/grandepremio.com\/br\/wp-json\/wp\/v2\/media\/1001097992"}],"wp:attachment":[{"href":"https:\/\/grandepremio.com\/br\/wp-json\/wp\/v2\/media?parent=165188"}],"wp:term":[{"taxonomy":"category","embeddable":true,"href":"https:\/\/grandepremio.com\/br\/wp-json\/wp\/v2\/categories?post=165188"},{"taxonomy":"post_tag","embeddable":true,"href":"https:\/\/grandepremio.com\/br\/wp-json\/wp\/v2\/tags?post=165188"},{"taxonomy":"42wp_author","embeddable":true,"href":"https:\/\/grandepremio.com\/br\/wp-json\/wp\/v2\/42wp_author?post=165188"}],"curies":[{"name":"wp","href":"https:\/\/api.w.org\/{rel}","templated":true}]}}