{"id":165335,"date":"2026-09-03T09:48:26","date_gmt":"2026-09-03T12:48:26","guid":{"rendered":"https:\/\/grandepremio.com\/br\/?p=165335"},"modified":"2026-09-03T12:39:38","modified_gmt":"2026-09-03T15:39:38","slug":"lewis-hamilton-chega-paddock-monza-f40-restaurada-ferrari-maranello","status":"publish","type":"post","link":"https:\/\/grandepremio.com\/br\/f1\/lewis-hamilton-chega-paddock-monza-f40-restaurada-ferrari-maranello\/","title":{"rendered":"Hamilton chega ao paddock em Monza com F40 restaurada pela Ferrari em Maranello"},"content":{"rendered":"\n<p class=\"wp-block-paragraph\"><strong>Lewis Hamilton chamou aten\u00e7\u00e3o ao chegar para o primeiro dia de atividades do GP da It\u00e1lia da F\u00f3rmula 1 em Monza, nesta quinta-feira (3), a bordo de uma rara Ferrari F40.<\/strong> O heptacampe\u00e3o mundial adquiriu o supercarro ap\u00f3s um projeto de restaura\u00e7\u00e3o realizado pela Ferrari em Maranello.<\/p>\n\n\n\n<p class=\"wp-block-paragraph\">Vestindo terno preto e sobretudo em tom bege, o heptcampe\u00e3o mundial apareceu no circuito italiano dirigindo o carro, que ficou mais de tr\u00eas d\u00e9cadas parado em uma garagem.<\/p>\n\n\n\n<figure class=\"wp-block-embed is-type-video is-provider-youtube wp-block-embed-youtube wp-embed-aspect-16-9 wp-has-aspect-ratio\"><div class=\"wp-block-embed__wrapper\">\n<iframe loading=\"lazy\" title=\"FERRARI TUNADA VESTE ERA SCHUMACHER E VAI PRA CIMA EM MONZA | TT GP #234\" width=\"500\" height=\"281\" src=\"https:\/\/www.youtube.com\/embed\/_HXRZYwzzAw?feature=oembed\" frameborder=\"0\" allow=\"accelerometer; autoplay; clipboard-write; encrypted-media; gyroscope; picture-in-picture; web-share\" referrerpolicy=\"strict-origin-when-cross-origin\" allowfullscreen><\/iframe>\n<\/div><\/figure>\n\n\n\n<p class=\"wp-block-paragraph\">O ve\u00edculo foi encontrado coberto de poeira antes de ser levado para a f\u00e1brica da Ferrari, onde mec\u00e2nicos e engenheiros trabalharam durante semanas para devolver o modelo \u00e0s condi\u00e7\u00f5es originais.<\/p>\n\n\n\n<p class=\"wp-block-paragraph\">A Ferrari produziu apenas 1.311 unidades da F40 entre 1987 e 1992. Atualmente, exemplares do supercarro podem alcan\u00e7ar valores pr\u00f3ximos de US$ 3 milh\u00f5es (R$ 15,3 milh\u00f5es, na cota\u00e7\u00e3o mais recente). A unidade de Hamilton ainda recebeu uma placa personalizada com o n\u00famero 44, utilizado pelo brit\u00e2nico na F\u00f3rmula 1.<\/p>\n\n\n\n<figure class=\"wp-block-embed is-type-rich is-provider-twitter wp-block-embed-twitter\"><div class=\"wp-block-embed__wrapper\">\n<blockquote class=\"twitter-tweet\" data-width=\"500\" data-dnt=\"true\"><p lang=\"en\" dir=\"ltr\">Iconic. \u2728<br><br>Arriving for Media Day in Italy, <a href=\"https:\/\/x.com\/LewisHamilton?ref_src=twsrc%5Etfw\">@LewisHamilton<\/a> style \ud83e\udd29<a href=\"https:\/\/x.com\/hashtag\/F1?src=hash&amp;ref_src=twsrc%5Etfw\">#F1<\/a> <a href=\"https:\/\/x.com\/hashtag\/ItalianGP?src=hash&amp;ref_src=twsrc%5Etfw\">#ItalianGP<\/a> <a href=\"https:\/\/t.co\/5JbMhgMzis\">pic.twitter.com\/5JbMhgMzis<\/a><\/p>&mdash; Formula 1 (@F1) <a href=\"https:\/\/x.com\/F1\/status\/2095431681221992488?ref_src=twsrc%5Etfw\">September 3, 2026<\/a><\/blockquote><script async src=\"https:\/\/platform.x.com\/widgets.js\" charset=\"utf-8\"><\/script>\n<\/div><\/figure>\n\n\n\n<p class=\"wp-block-paragraph\">Hamilton revelou que a aquisi\u00e7\u00e3o representa a realiza\u00e7\u00e3o de um sonho antigo e explicou a rela\u00e7\u00e3o com o modelo nas redes sociais.<\/p>\n\n\n\n<p class=\"wp-block-paragraph\">&#8220;A minha pr\u00f3pria F40. Este \u00e9 o carro dos meus sonhos e \u00e9 assim desde que me lembro. Quando era crian\u00e7a, sonhava em ter uma. Quando entrei para a Ferrari no ano passado, fiz quest\u00e3o de ter uma comigo no meu primeiro dia em Maranello. \u00c9 o quanto isso significa para mim&#8221;, afirmou o #44.<\/p>\n\n\n\n<p class=\"wp-block-paragraph\">&#8220;Esses carros s\u00e3o obras de arte e incrivelmente raros, ent\u00e3o, quando encontrei esta, coberta de poeira depois de passar mais de trinta anos em uma garagem, soube que precisava lev\u00e1-la para casa&#8221;, continuou.<\/p>\n\n\n\n<p class=\"wp-block-paragraph\">&#8220;Primeiro para Maranello, onde os engenheiros e mec\u00e2nicos especialistas da f\u00e1brica trabalharam durante semanas para traz\u00ea-la de volta \u00e0 vida. Um enorme obrigado a todos que participaram deste projeto. Isso realmente foi a realiza\u00e7\u00e3o de um sonho&#8221;, concluiu.<\/p>\n\n\n\n<p class=\"wp-block-paragraph\">A F\u00f3rmula 1 volta neste fim de semana, de 4 a 6 de setembro, em Monza. O&nbsp;<strong>GRANDE PR\u00caMIO<\/strong>&nbsp;acompanha todas as atividades do&nbsp;<strong>GP da It\u00e1lia<\/strong>, 13\u00aa etapa da temporada 2026,&nbsp;<a href=\"https:\/\/www.grandepremio.com\/br\/ao-vivo\/f1\/\"><strong>AO VIVO E EM&nbsp;<\/strong><\/a><strong><a href=\"https:\/\/www.grandepremio.com\/br\/ao-vivo\/\" target=\"_blank\" rel=\"noopener\">TEMPO REAL<\/a><\/strong>,&nbsp;<a href=\"https:\/\/www.youtube.com\/@GrandePremio1\/streams\">al\u00e9m de classifica\u00e7\u00e3o e corrida em&nbsp;<strong>SEGUNDA TELA&nbsp;<\/strong>no YouTube<\/a>, em parceria com a&nbsp;<strong>Voz do Esporte<\/strong>. O&nbsp;<strong>Briefing&nbsp;<\/strong>chega para analisar ap\u00f3s o fim de cada dia de atividades nas redes sociais e na&nbsp;<strong>GPTV<\/strong>.<\/p>\n\n\n\n<h2 class=\"wp-block-heading\">GP da It\u00e1lia de F1: veja os hor\u00e1rios em Brasil, Cabo Verde,&nbsp;<a href=\"https:\/\/grandepremio.pt\/\" target=\"_blank\" rel=\"noopener\"><strong>Portugal<\/strong><\/a>, Angola e Mo\u00e7ambique:<\/h2>\n\n\n\n<h3 class=\"wp-block-heading\">Hor\u00e1rios no Brasil*<\/h3>\n\n\n\n<ul id=\"block-04b1bda2-db77-49b7-8a15-ab1e981bbd0f\" class=\"wp-block-list\">\n<li><strong>Treino livre 1: 07:30<\/strong><\/li>\n\n\n\n<li><strong>Treino livre 2: 11:00<\/strong><\/li>\n\n\n\n<li><strong>Treino livre 3: 07:30<\/strong><\/li>\n\n\n\n<li><strong>Classifica\u00e7\u00e3o: 11:00<\/strong><\/li>\n\n\n\n<li><strong>Corrida: 10:00<\/strong><\/li>\n<\/ul>\n\n\n\n<h3 class=\"wp-block-heading\">Hor\u00e1rios em Portugal e Angola<\/h3>\n\n\n\n<ul id=\"block-e78d748e-6549-4a54-9e51-69367685663a\" class=\"wp-block-list\">\n<li><strong>Treino livre 1: 11:30<\/strong><\/li>\n\n\n\n<li><strong>Treino livre 2: 15:00<\/strong><\/li>\n\n\n\n<li><strong>Treino livre 3: 11:30<\/strong><\/li>\n\n\n\n<li><strong>Classifica\u00e7\u00e3o: 15:00<\/strong><\/li>\n\n\n\n<li><strong>Corrida: 14:00<\/strong><\/li>\n<\/ul>\n\n\n\n<h3 class=\"wp-block-heading\">Hor\u00e1rios em Cabo Verde<\/h3>\n\n\n\n<ul id=\"block-7b9d835a-23af-4411-943e-453b4766e578\" class=\"wp-block-list\">\n<li><strong>Treino livre 1: 09:30<\/strong><\/li>\n\n\n\n<li><strong>Treino livre 2: 13:00<\/strong><\/li>\n\n\n\n<li><strong>Treino livre 3: 09:30<\/strong><\/li>\n\n\n\n<li><strong>Classifica\u00e7\u00e3o: 13:00<\/strong><\/li>\n\n\n\n<li><strong>Corrida: 12:00<\/strong><\/li>\n<\/ul>\n\n\n\n<h3 class=\"wp-block-heading\"><strong>Hor\u00e1rios em Mo\u00e7ambique<\/strong><\/h3>\n\n\n\n<ul id=\"block-bbaadcb9-d1e6-402a-b585-42debf37b024\" class=\"wp-block-list\">\n<li><strong>Treino livre 1: 12:30<\/strong><\/li>\n\n\n\n<li><strong>Treino livre 2: 16:00<\/strong><\/li>\n\n\n\n<li><strong>Treino livre 3: 12:30<\/strong><\/li>\n\n\n\n<li><strong>Classifica\u00e7\u00e3o: 16:00<\/strong><\/li>\n\n\n\n<li><strong>Corrida: 15:00<\/strong><\/li>\n<\/ul>\n","protected":false},"excerpt":{"rendered":"<p>Brit\u00e2nico levou ao paddock um dos carros mais ic\u00f4nicos da hist\u00f3ria da Ferrari, adquirido ap\u00f3s passar mais de 30 anos em uma garagem<\/p>\n","protected":false},"author":18,"featured_media":1020313565,"comment_status":"closed","ping_status":"closed","sticky":false,"template":"","format":"standard","meta":{"42wp_featured_image_caption":"Lewis Hamilton chegou ao paddock em Monza dirigindo Ferrari F40","42wp_featured_image_credits":"Ferrari","42wp_featured_video":"","42wp_featured_image_hidden":false,"42wp_authors_list":[{"id":47161,"location":"de Ara\u00e7atuba"}],"footnotes":""},"categories":[2],"tags":[207,24898,87,1737],"42wp_author":[47161],"class_list":["post-165335","post","type-post","status-publish","format-standard","has-post-thumbnail","hentry","category-f1","tag-ferrari","tag-gp-da-italia","tag-lewis-hamilton","tag-monza","42wp_author-kaio-esteves"],"_links":{"self":[{"href":"https:\/\/grandepremio.com\/br\/wp-json\/wp\/v2\/posts\/165335","targetHints":{"allow":["GET"]}}],"collection":[{"href":"https:\/\/grandepremio.com\/br\/wp-json\/wp\/v2\/posts"}],"about":[{"href":"https:\/\/grandepremio.com\/br\/wp-json\/wp\/v2\/types\/post"}],"author":[{"embeddable":true,"href":"https:\/\/grandepremio.com\/br\/wp-json\/wp\/v2\/users\/18"}],"replies":[{"embeddable":true,"href":"https:\/\/grandepremio.com\/br\/wp-json\/wp\/v2\/comments?post=165335"}],"version-history":[{"count":2,"href":"https:\/\/grandepremio.com\/br\/wp-json\/wp\/v2\/posts\/165335\/revisions"}],"predecessor-version":[{"id":165427,"href":"https:\/\/grandepremio.com\/br\/wp-json\/wp\/v2\/posts\/165335\/revisions\/165427"}],"wp:featuredmedia":[{"embeddable":true,"href":"https:\/\/grandepremio.com\/br\/wp-json\/wp\/v2\/media\/1020313565"}],"wp:attachment":[{"href":"https:\/\/grandepremio.com\/br\/wp-json\/wp\/v2\/media?parent=165335"}],"wp:term":[{"taxonomy":"category","embeddable":true,"href":"https:\/\/grandepremio.com\/br\/wp-json\/wp\/v2\/categories?post=165335"},{"taxonomy":"post_tag","embeddable":true,"href":"https:\/\/grandepremio.com\/br\/wp-json\/wp\/v2\/tags?post=165335"},{"taxonomy":"42wp_author","embeddable":true,"href":"https:\/\/grandepremio.com\/br\/wp-json\/wp\/v2\/42wp_author?post=165335"}],"curies":[{"name":"wp","href":"https:\/\/api.w.org\/{rel}","templated":true}]}}