{"id":165380,"date":"2026-09-03T10:59:16","date_gmt":"2026-09-03T13:59:16","guid":{"rendered":"https:\/\/grandepremio.com\/br\/?p=165380"},"modified":"2026-09-03T13:01:43","modified_gmt":"2026-09-03T16:01:43","slug":"lewis-hamilton-sonha-vitoria-historica-italia-ferrari-mas-assume-pressao-enorme","status":"publish","type":"post","link":"https:\/\/grandepremio.com\/br\/f1\/lewis-hamilton-sonha-vitoria-historica-italia-ferrari-mas-assume-pressao-enorme\/","title":{"rendered":"Hamilton sonha com vit\u00f3ria hist\u00f3rica na It\u00e1lia pela Ferrari, mas assume: \u201cPress\u00e3o enorme\u201d"},"content":{"rendered":"\n<p class=\"wp-block-paragraph\">Lewis Hamilton n\u00e3o escondeu a empolga\u00e7\u00e3o diante da possibilidade de conquistar uma in\u00e9dita vit\u00f3ria no GP da It\u00e1lia pela Ferrari. O brit\u00e2nico reconheceu que a press\u00e3o \u00e9 \u201cenorme\u201d, mas destacou o contexto hist\u00f3rico, j\u00e1 que pode se tornar o primeiro negro a vencer correndo com um carro de Maranello na casa da escuderia.<\/p>\n\n\n\n<p class=\"wp-block-paragraph\">A anima\u00e7\u00e3o de Hamilton como fim de semana em Monza n\u00e3o \u00e9 reflexo apenas da presen\u00e7a da F\u00f3rmula 1 em Monza, mas do fato de a Ferrari ter sido liberada pela Federa\u00e7\u00e3o Internacional de Automobilismo (FIA) para fazer duas atualiza\u00e7\u00f5es na unidade de pot\u00eancia, uma consequ\u00eancia do sistema ADUO (sigla para Oportunidades Adicionais de Desenvolvimento e Atualiza\u00e7\u00e3o, em tradu\u00e7\u00e3o livre).<\/p>\n\n\n\n<figure class=\"wp-block-embed is-type-video is-provider-youtube wp-block-embed-youtube wp-embed-aspect-16-9 wp-has-aspect-ratio\"><div class=\"wp-block-embed__wrapper\">\n<iframe loading=\"lazy\" title=\"FERRARI TUNADA VESTE ERA SCHUMACHER E VAI PRA CIMA EM MONZA | TT GP #234\" width=\"500\" height=\"281\" src=\"https:\/\/www.youtube.com\/embed\/_HXRZYwzzAw?feature=oembed\" frameborder=\"0\" allow=\"accelerometer; autoplay; clipboard-write; encrypted-media; gyroscope; picture-in-picture; web-share\" referrerpolicy=\"strict-origin-when-cross-origin\" allowfullscreen><\/iframe>\n<\/div><\/figure>\n\n\n\n<p class=\"wp-block-paragraph\">Hamilton destacou que a Ferrari tem um d\u00e9ficit grande em 2026 at\u00e9 aqui, mas ressaltou que, mesmo que as atualiza\u00e7\u00f5es que ser\u00e3o introduzidas neste fim de semana n\u00e3o eliminem totalmente o atraso em rela\u00e7\u00e3o aos ponteiros, qualquer ajuda \u00e9 bem-vinda.<\/p>\n\n\n\n<p class=\"wp-block-paragraph\">\u201cToda ajuda \u00e9 bem-vinda, e acho que, at\u00e9 este momento do ano, n\u00f3s estamos perdendo, at\u00e9 mesmo na \u00faltima corrida, em um circuito t\u00e3o curto, n\u00f3s perdemos 0s4 por volta ao longo da corrida\u201d, disse Hamilton. \u201c\u00c9 um d\u00e9ficit enorme e n\u00f3s carregamos isso ao longo de toda a temporada. Tudo que posso dizer \u00e9 que estou muito, muito orgulhoso do qu\u00e3o duro todos est\u00e3o trabalhando\u201d, seguiu.<\/p>\n\n\n\n<figure class=\"wp-block-image size-large\"><img loading=\"lazy\" decoding=\"async\" width=\"1024\" height=\"576\" src=\"https:\/\/grandepremio.com\/br\/wp-content\/uploads\/2026\/07\/f1-2026-hungria-corrida-ferrari-lewis-hamilton-01-1-1024x576.jpg\" alt=\"F1 2026, HUNGRIA, CORRIDA, FERRARI, LEWIS HAMILTON\" class=\"wp-image-1020311027\" srcset=\"https:\/\/grandepremio.com\/wp-content\/uploads\/2026\/07\/f1-2026-hungria-corrida-ferrari-lewis-hamilton-01-1-1024x576.jpg 1024w, https:\/\/grandepremio.com\/wp-content\/uploads\/2026\/07\/f1-2026-hungria-corrida-ferrari-lewis-hamilton-01-1-300x169.jpg 300w, https:\/\/grandepremio.com\/wp-content\/uploads\/2026\/07\/f1-2026-hungria-corrida-ferrari-lewis-hamilton-01-1-768x432.jpg 768w, https:\/\/grandepremio.com\/wp-content\/uploads\/2026\/07\/f1-2026-hungria-corrida-ferrari-lewis-hamilton-01-1-1536x864.jpg 1536w, https:\/\/grandepremio.com\/wp-content\/uploads\/2026\/07\/f1-2026-hungria-corrida-ferrari-lewis-hamilton-01-1-1200x675.jpg 1200w, https:\/\/grandepremio.com\/wp-content\/uploads\/2026\/07\/f1-2026-hungria-corrida-ferrari-lewis-hamilton-01-1-150x84.jpg 150w, https:\/\/grandepremio.com\/wp-content\/uploads\/2026\/07\/f1-2026-hungria-corrida-ferrari-lewis-hamilton-01-1.jpg 1920w\" sizes=\"(max-width: 1024px) 100vw, 1024px\" \/><figcaption class=\"wp-element-caption\">Lewis Hamilton falou da expectativa de um dia vencer em Monza pela Ferrari (Foto: Ferrari)<br><\/figcaption><\/figure>\n\n\n\n<p class=\"wp-block-paragraph\">O #44 destacou a dedica\u00e7\u00e3o de todos os funcion\u00e1rios da Ferrari e apontou que, diferente do ano passado, agora a equipe tem uma dire\u00e7\u00e3o a seguir.<\/p>\n\n\n\n<p class=\"wp-block-paragraph\">\u201cQuando volto para a f\u00e1brica, vejo o empenho de todos. Eles est\u00e3o realmente focados, com a cabe\u00e7a enfiada no trabalho. Todos parecem muito entusiasmados. Vejo um foco diferente este ano em compara\u00e7\u00e3o com o ano passado. Ano passado, senti que n\u00e3o havia realmente um norte a seguir\u201d, contou. \u201cEst\u00e1vamos fazendo o melhor que pod\u00edamos, mas sem saber exatamente qual era o nosso objetivo. Agora n\u00f3s temos um norte, sabemos onde precisamos trabalhar, e acho que eles fizeram um trabalho incr\u00edvel para encaixar tudo e entregar resultado\u201d, elogiou.<\/p>\n\n\n\n<p class=\"wp-block-paragraph\">\u201cIsso \u00e9 um passo \u00e0 frente. N\u00e3o \u00e9 tudo que precisamos para cortar a diferen\u00e7a, mas n\u00f3s sab\u00edamos que seria assim. No entanto, ver pe\u00e7as chegando a cada fim de semana e sendo incorporadas ao carro, \u00e9 empolgante ver que estamos batalhando. Acredito fortemente que n\u00f3s temos o que precisamos para vencer\u201d, defendeu.<\/p>\n\n\n\n<p class=\"wp-block-paragraph\">Hamilton chega a Monza neste fim de semana empatado com Michael Schumacher como o piloto com mais vit\u00f3rias no circuito: cinco. Atr\u00e1s deles, nomes como Alain Prost, Sebastian Vettel e Max Verstappen conquistaram tr\u00eas triunfos no tra\u00e7ado italiano.<\/p>\n\n\n\n<p class=\"wp-block-paragraph\">\u201cRealmente refleti sobre a enorme magnitude do fato de estar participando deste GP. Eu, por exemplo, sequer sabia que estava empatado com Michael em vit\u00f3rias\u201d, contou. \u201cMas o pensamento de que existe uma conquista in\u00e9dita diante de mim \u2015 no sentido de que, se vencer, voc\u00ea entra em um novo territ\u00f3rio: vencer em Monza pela primeira vez com a Ferrari \u00e9 algo&#8230;\u201d, continuou.<\/p>\n\n\n\n<p class=\"wp-block-paragraph\">\u201cObviamente, testemunhei a vit\u00f3ria de Charles [Leclerc] em 2019, quando estava no p\u00f3dio com ele, mas fazer isso comigo aqui seria fenomenal. Se conseguir isso, provavelmente serei o \u00fanico piloto negro a vencer com a Ferrari na It\u00e1lia. Na hist\u00f3ria, provavelmente. Ent\u00e3o passaram muitas coisas pela minha cabe\u00e7a\u201d, assumiu. \u201cA press\u00e3o \u00e9 alta. Al\u00e9m disso, voc\u00ea quer dar resultado para a equipe. Tem todas aquelas pessoas na f\u00e1brica, muitas delas v\u00eam para essa corrida. Os <em>Tifosi<\/em>, que v\u00eam em um n\u00famero enorme, e a paix\u00e3o \u00e9 inigual\u00e1vel. Voc\u00ea quer resultados tamb\u00e9m por eles. E a minha m\u00e3e est\u00e1 aqui este fim de semana. Acho que ele nunca veio a Monza, mas, especialmente em um fim de semana da Ferrari. Quero que ela experimente isso e traga toda a sorte que puder\u201d, encerrou.<\/p>\n\n\n\n<p class=\"wp-block-paragraph\">A F\u00f3rmula 1 volta neste fim de semana, de 4 a 6 de setembro, em Monza. O&nbsp;<strong>GRANDE PR\u00caMIO<\/strong>&nbsp;acompanha todas as atividades do&nbsp;<strong>GP da It\u00e1lia<\/strong>, 13\u00aa etapa da temporada 2026,&nbsp;<a href=\"https:\/\/www.grandepremio.com\/br\/ao-vivo\/f1\/\"><strong>AO VIVO E EM&nbsp;<\/strong><\/a><strong><a href=\"https:\/\/www.grandepremio.com\/br\/ao-vivo\/\" target=\"_blank\" rel=\"noopener\">TEMPO REAL<\/a><\/strong>,&nbsp;<a href=\"https:\/\/www.youtube.com\/@GrandePremio1\/streams\">al\u00e9m de classifica\u00e7\u00e3o e corrida em&nbsp;<strong>SEGUNDA TELA&nbsp;<\/strong>no YouTube<\/a>, em parceria com a&nbsp;<strong>Voz do Esporte<\/strong>. O&nbsp;<strong>Briefing&nbsp;<\/strong>chega para analisar ap\u00f3s o fim de cada dia de atividades nas redes sociais e na&nbsp;<strong>GPTV<\/strong>.<\/p>\n\n\n\n<h2 class=\"wp-block-heading\">GP da It\u00e1lia de F1: veja os hor\u00e1rios em Brasil, Cabo Verde,&nbsp;<a href=\"https:\/\/grandepremio.pt\/\" target=\"_blank\" rel=\"noopener\"><strong>Portugal<\/strong><\/a>, Angola e Mo\u00e7ambique:<\/h2>\n\n\n\n<h3 class=\"wp-block-heading\">Hor\u00e1rios no Brasil*<\/h3>\n\n\n\n<ul id=\"block-04b1bda2-db77-49b7-8a15-ab1e981bbd0f\" class=\"wp-block-list\">\n<li><strong>Treino livre 1: 07:30<\/strong><\/li>\n\n\n\n<li><strong>Treino livre 2: 11:00<\/strong><\/li>\n\n\n\n<li><strong>Treino livre 3: 07:30<\/strong><\/li>\n\n\n\n<li><strong>Classifica\u00e7\u00e3o: 11:00<\/strong><\/li>\n\n\n\n<li><strong>Corrida: 10:00<\/strong><\/li>\n<\/ul>\n\n\n\n<h3 class=\"wp-block-heading\">Hor\u00e1rios em Portugal e Angola<\/h3>\n\n\n\n<ul id=\"block-e78d748e-6549-4a54-9e51-69367685663a\" class=\"wp-block-list\">\n<li><strong>Treino livre 1: 11:30<\/strong><\/li>\n\n\n\n<li><strong>Treino livre 2: 15:00<\/strong><\/li>\n\n\n\n<li><strong>Treino livre 3: 11:30<\/strong><\/li>\n\n\n\n<li><strong>Classifica\u00e7\u00e3o: 15:00<\/strong><\/li>\n\n\n\n<li><strong>Corrida: 14:00<\/strong><\/li>\n<\/ul>\n\n\n\n<h3 class=\"wp-block-heading\">Hor\u00e1rios em Cabo Verde<\/h3>\n\n\n\n<ul id=\"block-7b9d835a-23af-4411-943e-453b4766e578\" class=\"wp-block-list\">\n<li><strong>Treino livre 1: 09:30<\/strong><\/li>\n\n\n\n<li><strong>Treino livre 2: 13:00<\/strong><\/li>\n\n\n\n<li><strong>Treino livre 3: 09:30<\/strong><\/li>\n\n\n\n<li><strong>Classifica\u00e7\u00e3o: 13:00<\/strong><\/li>\n\n\n\n<li><strong>Corrida: 12:00<\/strong><\/li>\n<\/ul>\n\n\n\n<h3 class=\"wp-block-heading\"><strong>Hor\u00e1rios em Mo\u00e7ambique<\/strong><\/h3>\n\n\n\n<ul id=\"block-bbaadcb9-d1e6-402a-b585-42debf37b024\" class=\"wp-block-list\">\n<li><strong>Treino livre 1: 12:30<\/strong><\/li>\n\n\n\n<li><strong>Treino livre 2: 16:00<\/strong><\/li>\n\n\n\n<li><strong>Treino livre 3: 12:30<\/strong><\/li>\n\n\n\n<li><strong>Classifica\u00e7\u00e3o: 16:00<\/strong><\/li>\n\n\n\n<li><strong>Corrida: 15:00<\/strong><\/li>\n<\/ul>\n","protected":false},"excerpt":{"rendered":"<p>Lewis Hamilton destacou o empenho dos funcion\u00e1rios da Ferrari em seguir melhorando o carro ao longo da temporada. O brit\u00e2nico disse que, diferente do ano passado, hoje a equipe de Maranello tem um norte a seguir<\/p>\n","protected":false},"author":10,"featured_media":1020312399,"comment_status":"closed","ping_status":"closed","sticky":false,"template":"","format":"standard","meta":{"42wp_featured_image_caption":"Lewis Hamilton destacou a presen\u00e7a da m\u00e3e no fim de semana em Monza","42wp_featured_image_credits":"Ferrari","42wp_featured_video":"","42wp_featured_image_hidden":false,"42wp_authors_list":[{"id":47113,"location":"de S\u00e3o Paulo"}],"footnotes":""},"categories":[2],"tags":[207,87,1737],"42wp_author":[47113],"class_list":["post-165380","post","type-post","status-publish","format-standard","has-post-thumbnail","hentry","category-f1","tag-ferrari","tag-lewis-hamilton","tag-monza","42wp_author-juliana-tesser"],"_links":{"self":[{"href":"https:\/\/grandepremio.com\/br\/wp-json\/wp\/v2\/posts\/165380","targetHints":{"allow":["GET"]}}],"collection":[{"href":"https:\/\/grandepremio.com\/br\/wp-json\/wp\/v2\/posts"}],"about":[{"href":"https:\/\/grandepremio.com\/br\/wp-json\/wp\/v2\/types\/post"}],"author":[{"embeddable":true,"href":"https:\/\/grandepremio.com\/br\/wp-json\/wp\/v2\/users\/10"}],"replies":[{"embeddable":true,"href":"https:\/\/grandepremio.com\/br\/wp-json\/wp\/v2\/comments?post=165380"}],"version-history":[{"count":3,"href":"https:\/\/grandepremio.com\/br\/wp-json\/wp\/v2\/posts\/165380\/revisions"}],"predecessor-version":[{"id":165435,"href":"https:\/\/grandepremio.com\/br\/wp-json\/wp\/v2\/posts\/165380\/revisions\/165435"}],"wp:featuredmedia":[{"embeddable":true,"href":"https:\/\/grandepremio.com\/br\/wp-json\/wp\/v2\/media\/1020312399"}],"wp:attachment":[{"href":"https:\/\/grandepremio.com\/br\/wp-json\/wp\/v2\/media?parent=165380"}],"wp:term":[{"taxonomy":"category","embeddable":true,"href":"https:\/\/grandepremio.com\/br\/wp-json\/wp\/v2\/categories?post=165380"},{"taxonomy":"post_tag","embeddable":true,"href":"https:\/\/grandepremio.com\/br\/wp-json\/wp\/v2\/tags?post=165380"},{"taxonomy":"42wp_author","embeddable":true,"href":"https:\/\/grandepremio.com\/br\/wp-json\/wp\/v2\/42wp_author?post=165380"}],"curies":[{"name":"wp","href":"https:\/\/api.w.org\/{rel}","templated":true}]}}