{"id":165442,"date":"2026-09-04T11:55:00","date_gmt":"2026-09-04T14:55:00","guid":{"rendered":"https:\/\/grandepremio.com\/br\/?p=165442"},"modified":"2026-09-03T14:02:19","modified_gmt":"2026-09-03T17:02:19","slug":"briefing-analise-treinos-livres-gp-da-italia-f1-2026","status":"publish","type":"post","link":"https:\/\/grandepremio.com\/br\/f1\/briefing-analise-treinos-livres-gp-da-italia-f1-2026\/","title":{"rendered":"Briefing: a an\u00e1lise dos treinos livres do GP da It\u00e1lia da F1 2026"},"content":{"rendered":"\n<figure class=\"wp-block-embed is-type-video is-provider-youtube wp-block-embed-youtube wp-embed-aspect-16-9 wp-has-aspect-ratio\"><div class=\"wp-block-embed__wrapper\">\n<iframe loading=\"lazy\" title=\"\ud83d\udd34 AO VIVO! F1 2026 NA IT\u00c1LIA: TUDO SOBRE OS TREINOS LIVRES | Briefing\" width=\"500\" height=\"281\" src=\"https:\/\/www.youtube.com\/embed\/-Z8D5fTkgOg?feature=oembed\" frameborder=\"0\" allow=\"accelerometer; autoplay; clipboard-write; encrypted-media; gyroscope; picture-in-picture; web-share\" referrerpolicy=\"strict-origin-when-cross-origin\" allowfullscreen><\/iframe>\n<\/div><\/figure>\n\n\n\n<p class=\"wp-block-paragraph\">Ap\u00f3s o primeiro dia de atividades do GP da It\u00e1lia, o Briefing analisa tudo o que aconteceu nos treinos livres em Monza.<\/p>\n","protected":false},"excerpt":{"rendered":"<p>Victor Martins comanda a atra\u00e7\u00e3o que analisa a F\u00f3rmula 1 logo ap\u00f3s o fim das atividades, com os coment\u00e1rios de Evelyn Guimar\u00e3es e Gabriel Curty. Saiba o que aconteceu nos treinos livres de Monza nesta sexta-feira (4)<\/p>\n","protected":false},"author":17,"featured_media":1020311188,"comment_status":"closed","ping_status":"closed","sticky":false,"template":"","format":"standard","meta":{"42wp_featured_image_caption":"O Briefing faz a an\u00e1lise do dia da F\u00f3rmula 1","42wp_featured_image_credits":"Pirelli","42wp_featured_video":"","42wp_featured_image_hidden":false,"42wp_authors_list":[{"id":47149,"location":"de Belo Horizonte"}],"footnotes":""},"categories":[2],"tags":[207,24898,1737],"42wp_author":[47149],"class_list":["post-165442","post","type-post","status-publish","format-standard","has-post-thumbnail","hentry","category-f1","tag-ferrari","tag-gp-da-italia","tag-monza","42wp_author-bernardo-castro"],"_links":{"self":[{"href":"https:\/\/grandepremio.com\/br\/wp-json\/wp\/v2\/posts\/165442","targetHints":{"allow":["GET"]}}],"collection":[{"href":"https:\/\/grandepremio.com\/br\/wp-json\/wp\/v2\/posts"}],"about":[{"href":"https:\/\/grandepremio.com\/br\/wp-json\/wp\/v2\/types\/post"}],"author":[{"embeddable":true,"href":"https:\/\/grandepremio.com\/br\/wp-json\/wp\/v2\/users\/17"}],"replies":[{"embeddable":true,"href":"https:\/\/grandepremio.com\/br\/wp-json\/wp\/v2\/comments?post=165442"}],"version-history":[{"count":2,"href":"https:\/\/grandepremio.com\/br\/wp-json\/wp\/v2\/posts\/165442\/revisions"}],"predecessor-version":[{"id":165472,"href":"https:\/\/grandepremio.com\/br\/wp-json\/wp\/v2\/posts\/165442\/revisions\/165472"}],"wp:featuredmedia":[{"embeddable":true,"href":"https:\/\/grandepremio.com\/br\/wp-json\/wp\/v2\/media\/1020311188"}],"wp:attachment":[{"href":"https:\/\/grandepremio.com\/br\/wp-json\/wp\/v2\/media?parent=165442"}],"wp:term":[{"taxonomy":"category","embeddable":true,"href":"https:\/\/grandepremio.com\/br\/wp-json\/wp\/v2\/categories?post=165442"},{"taxonomy":"post_tag","embeddable":true,"href":"https:\/\/grandepremio.com\/br\/wp-json\/wp\/v2\/tags?post=165442"},{"taxonomy":"42wp_author","embeddable":true,"href":"https:\/\/grandepremio.com\/br\/wp-json\/wp\/v2\/42wp_author?post=165442"}],"curies":[{"name":"wp","href":"https:\/\/api.w.org\/{rel}","templated":true}]}}