{"id":165534,"date":"2026-09-03T18:13:46","date_gmt":"2026-09-03T21:13:46","guid":{"rendered":"https:\/\/grandepremio.com\/br\/?p=165534"},"modified":"2026-09-03T18:14:39","modified_gmt":"2026-09-03T21:14:39","slug":"pipo-derani-projeta-proximo-passo-dificil-para-genesis-wec-nao-podemos-esperar-muito","status":"publish","type":"post","link":"https:\/\/grandepremio.com\/br\/endurance\/wec\/pipo-derani-projeta-proximo-passo-dificil-para-genesis-wec-nao-podemos-esperar-muito\/","title":{"rendered":"Derani projeta &#8220;pr\u00f3ximo passo dif\u00edcil&#8221; para Genesis no WEC: &#8220;N\u00e3o podemos esperar muito&#8221;"},"content":{"rendered":"\n<p class=\"wp-block-paragraph\">A <strong>Genesis vive uma temporada de estreia positiva no Mundial de Endurance (WEC) <\/strong>em 2026 depois de <strong>pontuar logo na segunda corrida<\/strong> da jornada, em Spa-Francorchamps. No entanto, a boa base constru\u00edda pela equipe nesta temporada n\u00e3o indica necessariamente uma vida f\u00e1cil no decorrer da trajet\u00f3ria, como indicou <strong>Pipo Derani, que j\u00e1 est\u00e1 pensando no pr\u00f3ximo passo<\/strong> que a marca vai dar na classe Hipercarro. <\/p>\n\n\n\n<p class=\"wp-block-paragraph\">O brasileiro, que <strong>divide o #17 com Mathys Jaubert e Andr\u00e9 Lotterer<\/strong>, reconheceu o <strong>bom in\u00edcio da Genesis<\/strong> e disse que o prot\u00f3tipo <strong>GMR-001 nasceu bem<\/strong>, apesar de ter apresentado alguns problemas naturais no come\u00e7o do ano. Agora, para Derani, \u00e9 necess\u00e1rio olhar para frente e pensar no pr\u00f3ximo passo. <\/p>\n\n\n\n<figure class=\"wp-block-embed is-type-video is-provider-youtube wp-block-embed-youtube wp-embed-aspect-4-3 wp-has-aspect-ratio\"><div class=\"wp-block-embed__wrapper\">\n<iframe loading=\"lazy\" title=\"\ud83d\udd34LONE STAR LE MANS AO VIVO E COM IMAGENS | TREINO LIVRE 3 FIA WEC 2026 | 5\u00aa ETAPA\" width=\"500\" height=\"375\" src=\"https:\/\/www.youtube.com\/embed\/tsciG4_muSI?feature=oembed\" frameborder=\"0\" allow=\"accelerometer; autoplay; clipboard-write; encrypted-media; gyroscope; picture-in-picture; web-share\" referrerpolicy=\"strict-origin-when-cross-origin\" allowfullscreen><\/iframe>\n<\/div><\/figure>\n\n\n\n<p class=\"wp-block-paragraph\">De momento, a <strong>Genesis tem 6 pontos marcados no Mundial de Construtores<\/strong> e <strong>est\u00e1 em oitavo e \u00faltimo<\/strong> na tabela. Ainda assim, para uma equipe estreante, \u00e9 uma campanha de respeito. No entanto, o mais dif\u00edcil n\u00e3o ser\u00e1 manter essa jornada, mas <strong>elev\u00e1-la a outro n\u00edvel e come\u00e7ar a brigar por boas posi\u00e7\u00f5es<\/strong> constantemente, como avaliou Derani. <\/p>\n\n\n\n<p class=\"wp-block-paragraph\">\u201cCriamos um carro muito bom do zero. O carro nasceu bem, e isso aparece em alguns dos resultados que conquistamos at\u00e9 agora, porque o carro foi realmente muito bem produzido. Na minha opini\u00e3o, dar o pr\u00f3ximo passo \u00e9 a parte mais dif\u00edcil. Passar de onde estamos hoje para nos tornarmos um candidato constante ao top-5 ser\u00e1 muito mais dif\u00edcil do que toda a batalha que enfrentamos at\u00e9 aqui&#8221;, analisou Derani ao portal <em>Sportscar365<\/em>.<\/p>\n\n\n\n<p class=\"wp-block-paragraph\">\u201cSuperamos as expectativas em muitas \u00e1reas, considerando que n\u00e3o \u00e9ramos apenas um programa novo, mas tamb\u00e9m um fabricante novo na constru\u00e7\u00e3o de motores para esse tipo espec\u00edfico de competi\u00e7\u00e3o. Tudo foi feito do zero. Levando tudo isso em considera\u00e7\u00e3o, definitivamente alcan\u00e7amos coisas muito boas at\u00e9 agora. Mas o pr\u00f3ximo passo ser\u00e1 fundamental, e estou falando de 2027&#8243;, seguiu o brasileiro. <\/p>\n\n\n\n<p class=\"wp-block-paragraph\">\u201cPara termos sucesso no pr\u00f3ximo ano, algumas das coisas que identificamos como necess\u00e1rias para melhorar o programa precisam come\u00e7ar a ser feitas agora. N\u00e3o podemos esperar mais dois ou tr\u00eas anos. N\u00e3o teremos muito tempo para melhorar e tomar essas decis\u00f5es. Precisamos ser r\u00e1pidos e precisos nisso para conseguirmos dar o pr\u00f3ximo passo&#8221;, concluiu.<\/p>\n\n\n\n<figure class=\"wp-block-image size-large\"><img loading=\"lazy\" decoding=\"async\" width=\"1024\" height=\"683\" src=\"https:\/\/grandepremio.com\/br\/wp-content\/uploads\/2026\/09\/470001_1218221_wec426_070917094402723dg-1024x683.jpg\" alt=\"\" class=\"wp-image-1020313548\" srcset=\"https:\/\/grandepremio.com\/wp-content\/uploads\/2026\/09\/470001_1218221_wec426_070917094402723dg-1024x683.jpg 1024w, https:\/\/grandepremio.com\/wp-content\/uploads\/2026\/09\/470001_1218221_wec426_070917094402723dg-300x200.jpg 300w, https:\/\/grandepremio.com\/wp-content\/uploads\/2026\/09\/470001_1218221_wec426_070917094402723dg-768x512.jpg 768w, https:\/\/grandepremio.com\/wp-content\/uploads\/2026\/09\/470001_1218221_wec426_070917094402723dg-1536x1024.jpg 1536w, https:\/\/grandepremio.com\/wp-content\/uploads\/2026\/09\/470001_1218221_wec426_070917094402723dg-2048x1365.jpg 2048w, https:\/\/grandepremio.com\/wp-content\/uploads\/2026\/09\/470001_1218221_wec426_070917094402723dg-150x100.jpg 150w\" sizes=\"(max-width: 1024px) 100vw, 1024px\" \/><figcaption class=\"wp-element-caption\">Pipo Derani j\u00e1 somou pontos com a Genesis no WEC (Foto: Drew Gibson)<\/figcaption><\/figure>\n\n\n\n<p class=\"wp-block-paragraph\">O WEC retorna neste fim de semana, entre os dias 4 e 6 de setembro, para a disputa da Lone Star Le Mans, no&nbsp;Circuito das Am\u00e9ricas, em&nbsp;Austin, nos&nbsp;Estados Unidos. O&nbsp;<strong>GRANDE PR\u00caMIO faz a cobertura completa do evento<\/strong>&nbsp;e transmite TL3, classifica\u00e7\u00e3o e corrida&nbsp;<strong>AO VIVO e COM IMAGENS no YouTube e na GPTV<\/strong>.<\/p>\n\n\n\n<h2 class=\"wp-block-heading\">Lone Star Le Mans do WEC 2026:&nbsp;veja os hor\u00e1rios em Brasil, Cabo Verde,&nbsp;Portugal, Angola e Mo\u00e7ambique<\/h2>\n\n\n\n<figure class=\"wp-block-table is-style-stripes\"><table class=\"has-fixed-layout\"><tbody><tr><td><strong>Data<\/strong><\/td><td><strong>&nbsp;Sess\u00e3o<\/strong><\/td><td><strong>BRA*<\/strong><\/td><td><strong>CBV<\/strong><\/td><td><strong>POR\/ANG<\/strong><\/td><td><strong>MOZ<\/strong><\/td><\/tr><tr><td>Sexta-feira (4)<\/td><td>Treino livre 1<\/td><td>13h30<\/td><td>15h30<\/td><td>17h30<\/td><td>18h30<\/td><\/tr><tr><td>Sexta-feira (4)<\/td><td>Treino livre 2<\/td><td>18h00<\/td><td>20h00<\/td><td>22h00<\/td><td>21h00<\/td><\/tr><tr><td>S\u00e1bado (5)<\/td><td>Treino livre 3<\/td><td>13h00<\/td><td>15h00<\/td><td>17h00<\/td><td>18h00<\/td><\/tr><tr><td>S\u00e1bado (5)<\/td><td>Classifica\u00e7\u00e3o<\/td><td>17h00<\/td><td>19h00<\/td><td>20h00<\/td><td>21h00<\/td><\/tr><tr><td>Domingo (6)<\/td><td>Corrida<\/td><td>15h00<\/td><td>17h00<\/td><td>19h00<\/td><td>20h00<\/td><\/tr><\/tbody><\/table><\/figure>\n\n\n\n<p class=\"wp-block-paragraph\"><em>*Hor\u00e1rio de Bras\u00edlia<\/em><\/p>\n\n\n\n<p class=\"wp-block-paragraph\"><\/p>\n","protected":false},"excerpt":{"rendered":"<p>Pipo Derani avaliou o bom come\u00e7o da Genesis no Mundial de Endurance (WEC), mas disse que o mais dif\u00edcil ainda estar por vir para a equipe<\/p>\n","protected":false},"author":20,"featured_media":1020309140,"comment_status":"closed","ping_status":"closed","sticky":false,"template":"","format":"standard","meta":{"42wp_featured_image_caption":"Pipo Derani avaliou a estreia da Genesis no WEC","42wp_featured_image_credits":"Julien Delfosse \/ DPPI","42wp_featured_video":"","42wp_featured_image_hidden":false,"42wp_authors_list":[{"id":47162,"location":"de Vinhedo"}],"footnotes":""},"categories":[52],"tags":[40058,40738,756],"42wp_author":[47162],"class_list":["post-165534","post","type-post","status-publish","format-standard","has-post-thumbnail","hentry","category-wec","tag-genesis","tag-lone-star-le-mans","tag-pipo-derani","42wp_author-giovani-danjo"],"_links":{"self":[{"href":"https:\/\/grandepremio.com\/br\/wp-json\/wp\/v2\/posts\/165534","targetHints":{"allow":["GET"]}}],"collection":[{"href":"https:\/\/grandepremio.com\/br\/wp-json\/wp\/v2\/posts"}],"about":[{"href":"https:\/\/grandepremio.com\/br\/wp-json\/wp\/v2\/types\/post"}],"author":[{"embeddable":true,"href":"https:\/\/grandepremio.com\/br\/wp-json\/wp\/v2\/users\/20"}],"replies":[{"embeddable":true,"href":"https:\/\/grandepremio.com\/br\/wp-json\/wp\/v2\/comments?post=165534"}],"version-history":[{"count":6,"href":"https:\/\/grandepremio.com\/br\/wp-json\/wp\/v2\/posts\/165534\/revisions"}],"predecessor-version":[{"id":165547,"href":"https:\/\/grandepremio.com\/br\/wp-json\/wp\/v2\/posts\/165534\/revisions\/165547"}],"wp:featuredmedia":[{"embeddable":true,"href":"https:\/\/grandepremio.com\/br\/wp-json\/wp\/v2\/media\/1020309140"}],"wp:attachment":[{"href":"https:\/\/grandepremio.com\/br\/wp-json\/wp\/v2\/media?parent=165534"}],"wp:term":[{"taxonomy":"category","embeddable":true,"href":"https:\/\/grandepremio.com\/br\/wp-json\/wp\/v2\/categories?post=165534"},{"taxonomy":"post_tag","embeddable":true,"href":"https:\/\/grandepremio.com\/br\/wp-json\/wp\/v2\/tags?post=165534"},{"taxonomy":"42wp_author","embeddable":true,"href":"https:\/\/grandepremio.com\/br\/wp-json\/wp\/v2\/42wp_author?post=165534"}],"curies":[{"name":"wp","href":"https:\/\/api.w.org\/{rel}","templated":true}]}}