{"id":165643,"date":"2026-09-04T10:26:52","date_gmt":"2026-09-04T13:26:52","guid":{"rendered":"https:\/\/grandepremio.com\/br\/?p=165643"},"modified":"2026-09-04T10:26:54","modified_gmt":"2026-09-04T13:26:54","slug":"alpine-reitera-que-gasly-nao-excedeu-velocidade-em-monaco-e-cita-cronometragem-oficial","status":"publish","type":"post","link":"https:\/\/grandepremio.com\/br\/f1\/alpine-reitera-que-gasly-nao-excedeu-velocidade-em-monaco-e-cita-cronometragem-oficial\/","title":{"rendered":"Alpine reitera que Gasly &#8220;n\u00e3o excedeu velocidade&#8221; em M\u00f4naco e cita cronometragem oficial"},"content":{"rendered":"\n<p class=\"wp-block-paragraph\">O diretor-geral da Alpine, Steve Nielsen, refor\u00e7ou o posicionamento da equipe ao dizer que a pr\u00f3pria cronometragem oficial da Federa\u00e7\u00e3o Internacional de Automobilismo (FIA) havia constatado que houve erro na aplica\u00e7\u00e3o da infra\u00e7\u00e3o a Pierre Gasly no GP de M\u00f4naco. Mesmo assim, <strong>a entidade deu veredito favor\u00e1vel a Red Bull e McLaren, retirando o p\u00f3dio do franc\u00eas<\/strong>.<\/p>\n\n\n\n<p class=\"wp-block-paragraph\">Gasly, juntamente com Lewis Hamilton, George Russell, Franco Colapinto e Oscar Piastri, foi punido no GP de M\u00f4naco por ultrapassar o limite de 60 km\/h imposto pela FIA no pit-lane. O franc\u00eas terminou a corrida em terceiro, mas a puni\u00e7\u00e3o o fez cair para a s\u00e9tima posi\u00e7\u00e3o e promoveu Isack Hadjar ao terceiro lugar.<\/p>\n\n\n\n<figure class=\"wp-block-embed is-type-video is-provider-youtube wp-block-embed-youtube wp-embed-aspect-16-9 wp-has-aspect-ratio\"><div class=\"wp-block-embed__wrapper\">\n<iframe loading=\"lazy\" title=\"HAMILTON SONHA COM VIT\u00d3RIA HIST\u00d3RICA NA CASA DA FERRARI! E PRESS\u00c3O N\u00c3O VAI FALTAR | WGP\" width=\"500\" height=\"281\" src=\"https:\/\/www.youtube.com\/embed\/MoQUYgvYRHo?start=10&amp;feature=oembed\" frameborder=\"0\" allow=\"accelerometer; autoplay; clipboard-write; encrypted-media; gyroscope; picture-in-picture; web-share\" referrerpolicy=\"strict-origin-when-cross-origin\" allowfullscreen><\/iframe>\n<\/div><\/figure>\n\n\n\n<p class=\"wp-block-paragraph\">S\u00f3 que a Alpine solicitou o direito de revis\u00e3o, e a an\u00e1lise constatou que a extens\u00e3o do pit-lane havia sido medida incorretamente pelo respons\u00e1vel pela cronometragem. A velocidade m\u00e9dia no trecho foi calculada com base na rela\u00e7\u00e3o entre velocidade, dist\u00e2ncia e tempo, em vez de considerar um \u00fanico ponto na entrada ou na sa\u00edda.<\/p>\n\n\n\n<p class=\"wp-block-paragraph\">Red Bull e McLaren, no entanto, recorreram da decis\u00e3o e registraram o pedido em 16 de junho. Depois de audi\u00eancia realizada na Corte de Apela\u00e7\u00f5es da FIA, em 25 de agosto, para discutir a apela\u00e7\u00e3o das equipes, <a href=\"https:\/\/grandepremio.com\/br\/f1\/fia-da-veredito-favoravel-red-bull-mclaren-retira-podio-pierre-gasly-gp-de-monaco\/\">o \u00f3rg\u00e3o que regula o esporte restabeleceu a puni\u00e7\u00e3o a Gasly<\/a>.<\/p>\n\n\n\n<p class=\"wp-block-paragraph\">&#8220;Obviamente, estamos decepcionados&#8221;, disse Nielsen \u00e0 <em>Sky Sports<\/em>. &#8220;N\u00e3o d\u00e1 para encarar essas situa\u00e7\u00f5es com certeza, mas est\u00e1vamos confiantes e t\u00ednhamos a raz\u00e3o do nosso lado&#8221;, acrescentou.<\/p>\n\n\n\n<p class=\"wp-block-paragraph\">&#8220;<strong>Confiamos que, com o respaldo do cronometrista oficial e da FIA, de fato, o carro #10 [Gasly] n\u00e3o excedeu a velocidade<\/strong>. Essa \u00e9 a nossa opini\u00e3o: o carro #10 n\u00e3o excedeu a velocidade&#8221;, refor\u00e7ou. &#8220;No entanto, o painel de revis\u00e3o chegou a uma conclus\u00e3o diferente. Portanto, estamos decepcionados, mas nosso foco agora est\u00e1 em Monza e em conquistar pontos na pista&#8221;, completou Nielsen.<\/p>\n\n\n\n<p class=\"wp-block-paragraph\">Com a queda de terceiro para s\u00e9timo, <a href=\"https:\/\/grandepremio.com\/br\/f1\/decisao-da-fia-sobre-podio-de-gasly-no-gp-de-monaco-muda-classificacao-da-f1-2026\/\">Gasly e Alpine perderam 9 pontos no Mundial<\/a>. Entre os pilotos, o franc\u00eas permanece em d\u00e9cimo, mas com 35 tentos, enquanto o time de Enstone ficou com 54. O dirigente, todavia, amenizou o resultado.<\/p>\n\n\n\n<p class=\"wp-block-paragraph\"><strong>&#8220;\u00c9 um golpe. Mas n\u00e3o \u00e9 um golpe fatal<\/strong>&#8220;, assegurou.<\/p>\n\n\n\n<p class=\"wp-block-paragraph\">O\u00a0<strong>GRANDE PR\u00caMIO<\/strong>\u00a0acompanha todas as atividades do\u00a0<strong>GP da It\u00e1lia<\/strong>, 13\u00aa etapa da temporada 2026,\u00a0<a href=\"https:\/\/www.grandepremio.com\/br\/ao-vivo\/f1\/\"><strong>AO VIVO E EM\u00a0<\/strong><\/a><strong><a href=\"https:\/\/www.grandepremio.com\/br\/ao-vivo\/\" target=\"_blank\" rel=\"noopener\">TEMPO REAL<\/a><\/strong>,\u00a0<a href=\"https:\/\/www.youtube.com\/@GrandePremio1\/streams\">al\u00e9m de classifica\u00e7\u00e3o e corrida em\u00a0<strong>SEGUNDA TELA\u00a0<\/strong>no YouTube<\/a>, em parceria com a\u00a0<strong>Voz do Esporte<\/strong>. O\u00a0<strong>Briefing\u00a0<\/strong>chega para analisar ap\u00f3s o fim de cada dia de atividades nas redes sociais e na\u00a0<strong>GPTV<\/strong>.<\/p>\n\n\n\n<h2 class=\"wp-block-heading\">GP da It\u00e1lia de F1: veja os hor\u00e1rios no Brasil, Cabo Verde,&nbsp;<a href=\"https:\/\/grandepremio.pt\/\" target=\"_blank\" rel=\"noopener\"><strong>Portugal<\/strong><\/a>, Angola e Mo\u00e7ambique:<\/h2>\n\n\n\n<h3 class=\"wp-block-heading\">Hor\u00e1rios no Brasil*<\/h3>\n\n\n\n<ul id=\"block-04b1bda2-db77-49b7-8a15-ab1e981bbd0f\" class=\"wp-block-list\">\n<li><strong>Treino livre 2: 11:00<\/strong><\/li>\n\n\n\n<li><strong>Treino livre 3: 07:30<\/strong><\/li>\n\n\n\n<li><strong>Classifica\u00e7\u00e3o: 11:00<\/strong><\/li>\n\n\n\n<li><strong>Corrida: 10:00<\/strong><\/li>\n<\/ul>\n\n\n\n<h3 class=\"wp-block-heading\">Hor\u00e1rios em Portugal e Angola<\/h3>\n\n\n\n<ul id=\"block-e78d748e-6549-4a54-9e51-69367685663a\" class=\"wp-block-list\">\n<li><strong>Treino livre 2: 15:00<\/strong><\/li>\n\n\n\n<li><strong>Treino livre 3: 11:30<\/strong><\/li>\n\n\n\n<li><strong>Classifica\u00e7\u00e3o: 15:00<\/strong><\/li>\n\n\n\n<li><strong>Corrida: 14:00<\/strong><\/li>\n<\/ul>\n\n\n\n<h3 class=\"wp-block-heading\">Hor\u00e1rios em Cabo Verde<\/h3>\n\n\n\n<ul id=\"block-7b9d835a-23af-4411-943e-453b4766e578\" class=\"wp-block-list\">\n<li><strong>Treino livre 2: 13:00<\/strong><\/li>\n\n\n\n<li><strong>Treino livre 3: 09:30<\/strong><\/li>\n\n\n\n<li><strong>Classifica\u00e7\u00e3o: 13:00<\/strong><\/li>\n\n\n\n<li><strong>Corrida: 12:00<\/strong><\/li>\n<\/ul>\n\n\n\n<h3 class=\"wp-block-heading\"><strong>Hor\u00e1rios em Mo\u00e7ambique<\/strong><\/h3>\n\n\n\n<ul id=\"block-bbaadcb9-d1e6-402a-b585-42debf37b024\" class=\"wp-block-list\">\n<li><strong>Treino livre 2: 16:00<\/strong><\/li>\n\n\n\n<li><strong>Treino livre 3: 12:30<\/strong><\/li>\n\n\n\n<li><strong>Classifica\u00e7\u00e3o: 16:00<\/strong><\/li>\n\n\n\n<li><strong>Corrida: 15:00<\/strong><\/li>\n<\/ul>\n\n\n\n<p class=\"wp-block-paragraph\"><em>*Hor\u00e1rios de Bras\u00edlia<\/em><\/p>\n","protected":false},"excerpt":{"rendered":"<p>Diretor-geral da Alpine, Steve Nielsen disse que a cronometragem oficial da FIA mostrou o erro na medi\u00e7\u00e3o da velocidade nos boxes em M\u00f4naco<\/p>\n","protected":false},"author":4,"featured_media":1001062888,"comment_status":"closed","ping_status":"closed","sticky":false,"template":"","format":"standard","meta":{"42wp_featured_image_caption":"Diretor-geral da Alpine, Steve Nielsen lembrou que a pr\u00f3pria cronometragem forneceu provas em defesa a Gasly","42wp_featured_image_credits":"F1","42wp_featured_video":"","42wp_featured_image_hidden":false,"42wp_authors_list":[{"id":47147,"location":"de Duque de Caxias"}],"footnotes":""},"categories":[2],"tags":[20491,25072,676,14077],"42wp_author":[47147],"class_list":["post-165643","post","type-post","status-publish","format-standard","has-post-thumbnail","hentry","category-f1","tag-alpine","tag-gp-de-monaco-2","tag-pierre-gasly","tag-steve-nielsen","42wp_author-luana-marino"],"_links":{"self":[{"href":"https:\/\/grandepremio.com\/br\/wp-json\/wp\/v2\/posts\/165643","targetHints":{"allow":["GET"]}}],"collection":[{"href":"https:\/\/grandepremio.com\/br\/wp-json\/wp\/v2\/posts"}],"about":[{"href":"https:\/\/grandepremio.com\/br\/wp-json\/wp\/v2\/types\/post"}],"author":[{"embeddable":true,"href":"https:\/\/grandepremio.com\/br\/wp-json\/wp\/v2\/users\/4"}],"replies":[{"embeddable":true,"href":"https:\/\/grandepremio.com\/br\/wp-json\/wp\/v2\/comments?post=165643"}],"version-history":[{"count":1,"href":"https:\/\/grandepremio.com\/br\/wp-json\/wp\/v2\/posts\/165643\/revisions"}],"predecessor-version":[{"id":165659,"href":"https:\/\/grandepremio.com\/br\/wp-json\/wp\/v2\/posts\/165643\/revisions\/165659"}],"wp:featuredmedia":[{"embeddable":true,"href":"https:\/\/grandepremio.com\/br\/wp-json\/wp\/v2\/media\/1001062888"}],"wp:attachment":[{"href":"https:\/\/grandepremio.com\/br\/wp-json\/wp\/v2\/media?parent=165643"}],"wp:term":[{"taxonomy":"category","embeddable":true,"href":"https:\/\/grandepremio.com\/br\/wp-json\/wp\/v2\/categories?post=165643"},{"taxonomy":"post_tag","embeddable":true,"href":"https:\/\/grandepremio.com\/br\/wp-json\/wp\/v2\/tags?post=165643"},{"taxonomy":"42wp_author","embeddable":true,"href":"https:\/\/grandepremio.com\/br\/wp-json\/wp\/v2\/42wp_author?post=165643"}],"curies":[{"name":"wp","href":"https:\/\/api.w.org\/{rel}","templated":true}]}}