{"id":165721,"date":"2026-09-04T12:25:43","date_gmt":"2026-09-04T15:25:43","guid":{"rendered":"https:\/\/grandepremio.com\/br\/?p=165721"},"modified":"2026-09-04T12:26:50","modified_gmt":"2026-09-04T15:26:50","slug":"toyota-prepara-plano-b-caso-ida-ryo-hirakawa-f1-estamos-cobertos","status":"publish","type":"post","link":"https:\/\/grandepremio.com\/br\/endurance\/wec\/toyota-prepara-plano-b-caso-ida-ryo-hirakawa-f1-estamos-cobertos\/","title":{"rendered":"Toyota prepara plano B em caso de ida de Hirakawa \u00e0 F1: &#8220;Estamos cobertos&#8221;"},"content":{"rendered":"\n<p class=\"wp-block-paragraph\">A <strong>Toyota j\u00e1 est\u00e1 de olho no mercado de pilotos<\/strong> antes mesmo do fim da temporada 2026 do Mundial de Endurance (WEC) j\u00e1 que <strong>Ry\u014d Hirakawa est\u00e1 com o futuro indefinido<\/strong>. O piloto japon\u00eas, que <strong>divide o #8 com S\u00e9bastien Buemi e Brendon Hartley<\/strong>, est\u00e1 na <strong>disputa por uma vaga na F\u00f3rmula 1<\/strong> para o ano que vem, o que for\u00e7ou a equipe a desenhar um plano B em caso de sa\u00edda do piloto de 32 anos de idade. <\/p>\n\n\n\n<p class=\"wp-block-paragraph\">Nesta quinta-feira (4), <strong>Ayao Komatsu, chefe da Haas, deu maiores detalhes da disputa pela vaga de companheiro de equipe de Oliver Bearman<\/strong> na temporada 2027 e listou quatro pilotos ao lado de Hirakawa: <strong>Jack Doohan, Leonardo Fornaroli, Rafael C\u00e2mara e Esteban Ocon<\/strong>, que atualmente ocupa este posto, mas tem deixado a desejar desde que se juntou ao time em 2025. <\/p>\n\n\n\n<figure class=\"wp-block-embed is-type-video is-provider-youtube wp-block-embed-youtube wp-embed-aspect-16-9 wp-has-aspect-ratio\"><div class=\"wp-block-embed__wrapper\">\n<iframe loading=\"lazy\" title=\"\ud83d\udd34 GP DA IT\u00c1LIA F1 2026: RUSSELL TIRA FERRARI DA PONTA E LIDERA TREINOS | Briefing\" width=\"500\" height=\"281\" src=\"https:\/\/www.youtube.com\/embed\/-Z8D5fTkgOg?feature=oembed\" frameborder=\"0\" allow=\"accelerometer; autoplay; clipboard-write; encrypted-media; gyroscope; picture-in-picture; web-share\" referrerpolicy=\"strict-origin-when-cross-origin\" allowfullscreen><\/iframe>\n<\/div><\/figure>\n\n\n\n<p class=\"wp-block-paragraph\">Na semana passada, <strong>Hirakawa participou de um teste com carros anteriores da Haas em Portim\u00e3o<\/strong>, em Portugal, junto de C\u00e2mara e Fornaroli. Al\u00e9m disso, o <strong>japon\u00eas tamb\u00e9m j\u00e1 participou de alguns treinos livres este ano pela equipe americana<\/strong>, que conta com uma parceria t\u00e9cnica com a Toyota na F1. <\/p>\n\n\n\n<p class=\"wp-block-paragraph\">Por conta dessa proximidade de Hirakawa com a Haas e a possibilidade dessa parceria se consolidar na F\u00f3rmula 1 em 2027, <strong>David Floury, diretor-t\u00e9cnico da Toyota, j\u00e1 admitiu que a equipe tem um plano B <\/strong>em mente para preencher uma eventual vaga do japon\u00eas no WEC. <\/p>\n\n\n\n<p class=\"wp-block-paragraph\">\u201cN\u00e3o \u00e9 algo inesperado, porque Ry\u014d j\u00e1 vem testando com a Haas h\u00e1 bastante tempo. Como equipe, vamos apoiar Ry\u014d e desejamos a ele o melhor caminho poss\u00edvel para a carreira, independentemente do que acontecer. De qualquer forma, <strong>estamos mais ou menos cobertos, seja qual for a decis\u00e3o<\/strong>. Ser\u00e1 bom quando soubermos definitivamente quais s\u00e3o os planos dele para o pr\u00f3ximo ano\u201d, disse Floury ao <em>Sportscar365<\/em>. <\/p>\n\n\n\n<p class=\"wp-block-paragraph\">Um dos <strong>nomes mais cotados para subir para a Toyota no ano que vem \u00e9 Esteban Masson<\/strong>, que atualmente compete na classe LMGT3 com a Lexus, mas j\u00e1 ocupa o posto de reserva da marca japonesa nos Hipercarros pelos \u00faltimos dois anos. Floury, inclusive, j\u00e1 <strong>v\u00ea o piloto pronto para dar mais um passo na carreira<\/strong>. <\/p>\n\n\n\n<figure class=\"wp-block-image size-large\"><img loading=\"lazy\" decoding=\"async\" width=\"1024\" height=\"683\" src=\"https:\/\/grandepremio.com\/br\/wp-content\/uploads\/2026\/07\/ryo-hirakawa-1024x683.jpg\" alt=\"F1 2026, HAAS, RYO HIRAKAWA\" class=\"wp-image-1020310249\" srcset=\"https:\/\/grandepremio.com\/wp-content\/uploads\/2026\/07\/ryo-hirakawa-1024x683.jpg 1024w, https:\/\/grandepremio.com\/wp-content\/uploads\/2026\/07\/ryo-hirakawa-300x200.jpg 300w, https:\/\/grandepremio.com\/wp-content\/uploads\/2026\/07\/ryo-hirakawa-768x512.jpg 768w, https:\/\/grandepremio.com\/wp-content\/uploads\/2026\/07\/ryo-hirakawa-1536x1024.jpg 1536w, https:\/\/grandepremio.com\/wp-content\/uploads\/2026\/07\/ryo-hirakawa-2048x1365.jpg 2048w, https:\/\/grandepremio.com\/wp-content\/uploads\/2026\/07\/ryo-hirakawa-150x100.jpg 150w\" sizes=\"(max-width: 1024px) 100vw, 1024px\" \/><figcaption class=\"wp-element-caption\">Ryo Hirakawa est\u00e1 na mira da Haas na F1 (Foto: Haas) <\/figcaption><\/figure>\n\n\n\n<p class=\"wp-block-paragraph\">\u201cDesenvolvemos Esteban nas categorias GT3 e LMP2, e ele vem andando no hipercarro conosco em testes privados. At\u00e9 agora, tem correspondido muito bem \u00e0s expectativas e alcan\u00e7ado cada uma das metas que estabelecemos para ele ao longo dessa trajet\u00f3ria. Ele <strong>certamente \u00e9 um bom candidato para assumir essa posi\u00e7\u00e3o no futuro<\/strong> \u2014 \u00e9 um piloto talentoso e inteligente\u201d, concluiu o dirigente da Toyota. <\/p>\n\n\n\n<p class=\"wp-block-paragraph\">O WEC retorna neste fim de semana, entre os dias 4 e 6 de setembro, para a disputa da Lone Star Le Mans, no&nbsp;Circuito das Am\u00e9ricas, em&nbsp;Austin, nos&nbsp;Estados Unidos. O&nbsp;<strong>GRANDE PR\u00caMIO faz a cobertura completa do evento<\/strong>&nbsp;e transmite TL3, classifica\u00e7\u00e3o e corrida&nbsp;<strong>AO VIVO e COM IMAGENS no YouTube e na GPTV<\/strong>.<\/p>\n\n\n\n<h2 class=\"wp-block-heading\">Lone Star Le Mans do WEC 2026:&nbsp;veja os hor\u00e1rios em Brasil, Cabo Verde,&nbsp;Portugal, Angola e Mo\u00e7ambique<\/h2>\n\n\n\n<figure class=\"wp-block-table is-style-stripes\"><table class=\"has-fixed-layout\"><tbody><tr><td><strong>Data<\/strong><\/td><td><strong>&nbsp;Sess\u00e3o<\/strong><\/td><td><strong>BRA*<\/strong><\/td><td><strong>CBV<\/strong><\/td><td><strong>POR\/ANG<\/strong><\/td><td><strong>MOZ<\/strong><\/td><\/tr><tr><td>Sexta-feira (4)<\/td><td>Treino livre 1<\/td><td>13h30<\/td><td>15h30<\/td><td>17h30<\/td><td>18h30<\/td><\/tr><tr><td>Sexta-feira (4)<\/td><td>Treino livre 2<\/td><td>18h00<\/td><td>20h00<\/td><td>22h00<\/td><td>21h00<\/td><\/tr><tr><td>S\u00e1bado (5)<\/td><td>Treino livre 3<\/td><td>13h00<\/td><td>15h00<\/td><td>17h00<\/td><td>18h00<\/td><\/tr><tr><td>S\u00e1bado (5)<\/td><td>Classifica\u00e7\u00e3o<\/td><td>17h00<\/td><td>19h00<\/td><td>20h00<\/td><td>21h00<\/td><\/tr><tr><td>Domingo (6)<\/td><td>Corrida<\/td><td>15h00<\/td><td>17h00<\/td><td>19h00<\/td><td>20h00<\/td><\/tr><\/tbody><\/table><\/figure>\n\n\n\n<p class=\"wp-block-paragraph\"><em>*Hor\u00e1rio de Bras\u00edlia<\/em><\/p>\n\n\n\n<p class=\"wp-block-paragraph\"><\/p>\n","protected":false},"excerpt":{"rendered":"<p>A Toyota est\u00e1 pronta para encarar um cen\u00e1rio no qual Ry\u014d Hirakawa deixa a equipe no Mundial de Endurance (WEC) e assina com a Haas para a temporada 2027 da F\u00f3rmula 1<\/p>\n","protected":false},"author":20,"featured_media":1020313673,"comment_status":"closed","ping_status":"closed","sticky":false,"template":"","format":"standard","meta":{"42wp_featured_image_caption":"Ry\u014d Hirakawa est\u00e1 no radar da Haas","42wp_featured_image_credits":"Charly L\u00f3pez \/ DPPI","42wp_featured_video":"","42wp_featured_image_hidden":false,"42wp_authors_list":[{"id":47162,"location":"de Vinhedo"}],"footnotes":""},"categories":[52],"tags":[47957,119,32446,178],"42wp_author":[47162],"class_list":["post-165721","post","type-post","status-publish","format-standard","has-post-thumbnail","hentry","category-wec","tag-esteban-masson","tag-haas","tag-ryo-hirakawa","tag-toyota","42wp_author-giovani-danjo"],"_links":{"self":[{"href":"https:\/\/grandepremio.com\/br\/wp-json\/wp\/v2\/posts\/165721","targetHints":{"allow":["GET"]}}],"collection":[{"href":"https:\/\/grandepremio.com\/br\/wp-json\/wp\/v2\/posts"}],"about":[{"href":"https:\/\/grandepremio.com\/br\/wp-json\/wp\/v2\/types\/post"}],"author":[{"embeddable":true,"href":"https:\/\/grandepremio.com\/br\/wp-json\/wp\/v2\/users\/20"}],"replies":[{"embeddable":true,"href":"https:\/\/grandepremio.com\/br\/wp-json\/wp\/v2\/comments?post=165721"}],"version-history":[{"count":9,"href":"https:\/\/grandepremio.com\/br\/wp-json\/wp\/v2\/posts\/165721\/revisions"}],"predecessor-version":[{"id":165754,"href":"https:\/\/grandepremio.com\/br\/wp-json\/wp\/v2\/posts\/165721\/revisions\/165754"}],"wp:featuredmedia":[{"embeddable":true,"href":"https:\/\/grandepremio.com\/br\/wp-json\/wp\/v2\/media\/1020313673"}],"wp:attachment":[{"href":"https:\/\/grandepremio.com\/br\/wp-json\/wp\/v2\/media?parent=165721"}],"wp:term":[{"taxonomy":"category","embeddable":true,"href":"https:\/\/grandepremio.com\/br\/wp-json\/wp\/v2\/categories?post=165721"},{"taxonomy":"post_tag","embeddable":true,"href":"https:\/\/grandepremio.com\/br\/wp-json\/wp\/v2\/tags?post=165721"},{"taxonomy":"42wp_author","embeddable":true,"href":"https:\/\/grandepremio.com\/br\/wp-json\/wp\/v2\/42wp_author?post=165721"}],"curies":[{"name":"wp","href":"https:\/\/api.w.org\/{rel}","templated":true}]}}