{"id":165765,"date":"2026-09-04T14:43:46","date_gmt":"2026-09-04T17:43:46","guid":{"rendered":"https:\/\/grandepremio.com\/br\/?p=165765"},"modified":"2026-09-04T15:08:02","modified_gmt":"2026-09-04T18:08:02","slug":"antonelli-aponta-passo-a-frente-e-elege-ferrari-como-principal-rival-no-gp-da-italia","status":"publish","type":"post","link":"https:\/\/grandepremio.com\/br\/f1\/antonelli-aponta-passo-a-frente-e-elege-ferrari-como-principal-rival-no-gp-da-italia\/","title":{"rendered":"Antonelli aponta &#8220;passo \u00e0 frente&#8221; e elege Ferrari como principal rival no GP da It\u00e1lia"},"content":{"rendered":"\n<p class=\"wp-block-paragraph\">Andrea Kimi Antonelli aposta na Ferrari como uma forte rival na briga pela pole na It\u00e1lia. Nesta sexta-feira (4), o piloto da Mercedes explicou que os donos da casa fizeram avan\u00e7os em rela\u00e7\u00e3o ao motor e agora a disputa est\u00e1 ainda mais apertada.<\/p>\n\n\n\n<figure class=\"wp-block-embed is-type-video is-provider-youtube wp-block-embed-youtube wp-embed-aspect-16-9 wp-has-aspect-ratio\"><div class=\"wp-block-embed__wrapper\">\n<iframe loading=\"lazy\" title=\"GP DA IT\u00c1LIA F1 2026: RUSSELL TIRA FERRARI DA PONTA E LIDERA TREINOS | Briefing\" width=\"500\" height=\"281\" src=\"https:\/\/www.youtube.com\/embed\/-Z8D5fTkgOg?feature=oembed\" frameborder=\"0\" allow=\"accelerometer; autoplay; clipboard-write; encrypted-media; gyroscope; picture-in-picture; web-share\" referrerpolicy=\"strict-origin-when-cross-origin\" allowfullscreen><\/iframe>\n<\/div><figcaption class=\"wp-element-caption\">GP DA IT\u00c1LIA F1 2026: RUSSELL TIRA FERRARI DA PONTA E LIDERA TREINOS | Briefing<\/figcaption><\/figure>\n\n\n\n<p class=\"wp-block-paragraph\">Em entrevista \u00e0 emissora inglesa de TV <em>Sky Sports<\/em>, disse que o primeiro dia da etapa foi importante para coletar dados, especialmente em ritmo de corrida, e agora \u00e9 momento de aguardar os pr\u00f3ximos. Antonelli terminou o <a href=\"https:\/\/grandepremio.com\/br\/f1\/leclerc-puxa-1-2-no-tl1-do-gp-da-italia-e-deixa-ferrari-sonhar-bortoleto-e-8o\/\">TL1 na quinta posi\u00e7\u00e3o<\/a> e avan\u00e7ou para a <a href=\"https:\/\/grandepremio.com\/br\/f1\/russell-bate-leclerc-em-0s1-e-lidera-tl2-do-gp-da-italia-bortoleto-e-15o\/\">terceira coloca\u00e7\u00e3o no TL2<\/a>. \u00c9 a primeira vez que chega \u00e0 corrida no pa\u00eds de origem como l\u00edder do campeonato.<\/p>\n\n\n\n<p class=\"wp-block-paragraph\">\u201c\u00c9 incr\u00edvel estar aqui, todo o apoio tem sido incr\u00edvel. Hoje foi um dia um pouco diferente comparado ao habitual, muito mais focado em ritmo de corrida. Foi um pouco estranho, n\u00e3o vou mentir, mas, no geral, um bom dia. Coletamos muitos dados e agora estamos ansiosos pelos pr\u00f3ximos dias\u201d, declarou.<\/p>\n\n\n\n<p class=\"wp-block-paragraph\">Al\u00e9m disso, explicou como a equipe trabalhou e fez o elogio \u00e0 Ferrari. Vale destacar que Charles Leclerc liderou o TL1, com Lewis Hamilton vindo logo em seguida. No TL2, George Russell p\u00f4s a Mercedes na dianteira, mas apenas por 0s1 contra Leclerc.<\/p>\n\n\n\n<p class=\"wp-block-paragraph\">\u201c\u00c9 uma pista onde voc\u00ea pode realmente fazer muitas coisas diferentes. A simula\u00e7\u00e3o de corrida foi interessante hoje. Andamos atr\u00e1s da Red Bull para ver o que faziam de diferente, onde estavam usando a energia em compara\u00e7\u00e3o conosco, onde estavam se posicionando em compara\u00e7\u00e3o a n\u00f3s, foi muito interessante e, sim, \u00e9 por isso que acho que coletamos muitos dados e agora estamos ansiosos por amanh\u00e3\u201d, acrescentou.<\/p>\n\n\n\n<figure class=\"wp-block-image size-large\"><img loading=\"lazy\" decoding=\"async\" width=\"1024\" height=\"576\" src=\"https:\/\/grandepremio.com\/br\/wp-content\/uploads\/2026\/09\/f1-2026-italia-teinos-livres-mercedes-kimi-antonelli-01-1024x576.jpg\" alt=\"F1 2026, IT\u00c1LIA, TREINOS LIVRES, MERCEDES, KIMI ANTONELLI\" class=\"wp-image-1020313606\" srcset=\"https:\/\/grandepremio.com\/wp-content\/uploads\/2026\/09\/f1-2026-italia-teinos-livres-mercedes-kimi-antonelli-01-1024x576.jpg 1024w, https:\/\/grandepremio.com\/wp-content\/uploads\/2026\/09\/f1-2026-italia-teinos-livres-mercedes-kimi-antonelli-01-300x169.jpg 300w, https:\/\/grandepremio.com\/wp-content\/uploads\/2026\/09\/f1-2026-italia-teinos-livres-mercedes-kimi-antonelli-01-768x432.jpg 768w, https:\/\/grandepremio.com\/wp-content\/uploads\/2026\/09\/f1-2026-italia-teinos-livres-mercedes-kimi-antonelli-01-1536x864.jpg 1536w, https:\/\/grandepremio.com\/wp-content\/uploads\/2026\/09\/f1-2026-italia-teinos-livres-mercedes-kimi-antonelli-01-1200x675.jpg 1200w, https:\/\/grandepremio.com\/wp-content\/uploads\/2026\/09\/f1-2026-italia-teinos-livres-mercedes-kimi-antonelli-01-150x84.jpg 150w, https:\/\/grandepremio.com\/wp-content\/uploads\/2026\/09\/f1-2026-italia-teinos-livres-mercedes-kimi-antonelli-01.jpg 1920w\" sizes=\"(max-width: 1024px) 100vw, 1024px\" \/><figcaption class=\"wp-element-caption\">Kimi Antonelli destacou ritmo &#8220;interessante&#8221; da Mercedes em Monza (Foto: Reprodu\u00e7\u00e3o\/F1)<\/figcaption><\/figure>\n\n\n\n<p class=\"wp-block-paragraph\">\u201cA Ferrari definitivamente deu um passo \u00e0 frente com o novo motor e agora as velocidades est\u00e3o iguais, ent\u00e3o sabemos como o carro deles \u00e9 bom nas curvas. Ser\u00e1, com certeza, uma disputa acirrada pela pole amanh\u00e3\u201d, completou.<\/p>\n\n\n\n<p class=\"wp-block-paragraph\">O&nbsp;<strong>GRANDE PR\u00caMIO<\/strong>&nbsp;acompanha todas as atividades do&nbsp;<strong>GP da It\u00e1lia<\/strong>, 13\u00aa etapa da temporada 2026,&nbsp;<a href=\"https:\/\/www.grandepremio.com\/br\/ao-vivo\/f1\/\"><strong>AO VIVO E EM&nbsp;<\/strong><\/a><strong><a href=\"https:\/\/www.grandepremio.com\/br\/ao-vivo\/\" target=\"_blank\" rel=\"noopener\">TEMPO REAL<\/a><\/strong>,&nbsp;<a href=\"https:\/\/www.youtube.com\/@GrandePremio1\/streams\">al\u00e9m de classifica\u00e7\u00e3o e corrida em&nbsp;<strong>SEGUNDA TELA&nbsp;<\/strong>no YouTube<\/a>, em parceria com a&nbsp;<strong>Voz do Esporte<\/strong>. O&nbsp;<strong>Briefing&nbsp;<\/strong>chega para analisar ap\u00f3s o fim de cada dia de atividades nas redes sociais e na&nbsp;<strong>GPTV<\/strong>.<\/p>\n\n\n\n<h2 class=\"wp-block-heading\">GP da It\u00e1lia de F1: veja os hor\u00e1rios no Brasil, Cabo Verde,&nbsp;<a href=\"https:\/\/grandepremio.pt\/\" target=\"_blank\" rel=\"noopener\"><strong>Portugal<\/strong><\/a>, Angola e Mo\u00e7ambique:<\/h2>\n\n\n\n<h3 class=\"wp-block-heading\">Hor\u00e1rios no Brasil*<\/h3>\n\n\n\n<ul id=\"block-04b1bda2-db77-49b7-8a15-ab1e981bbd0f\" class=\"wp-block-list\">\n<li><strong>Treino livre 3: 07:30<\/strong><\/li>\n\n\n\n<li><strong>Classifica\u00e7\u00e3o: 11:00<\/strong><\/li>\n\n\n\n<li><strong>Corrida: 10:00<\/strong><\/li>\n<\/ul>\n\n\n\n<h3 class=\"wp-block-heading\">Hor\u00e1rios em Portugal e Angola<\/h3>\n\n\n\n<ul id=\"block-e78d748e-6549-4a54-9e51-69367685663a\" class=\"wp-block-list\">\n<li><strong>Treino livre 3: 11:30<\/strong><\/li>\n\n\n\n<li><strong>Classifica\u00e7\u00e3o: 15:00<\/strong><\/li>\n\n\n\n<li><strong>Corrida: 14:00<\/strong><\/li>\n<\/ul>\n\n\n\n<h3 class=\"wp-block-heading\">Hor\u00e1rios em Cabo Verde<\/h3>\n\n\n\n<ul id=\"block-7b9d835a-23af-4411-943e-453b4766e578\" class=\"wp-block-list\">\n<li><strong>Treino livre 3: 09:30<\/strong><\/li>\n\n\n\n<li><strong>Classifica\u00e7\u00e3o: 13:00<\/strong><\/li>\n\n\n\n<li><strong>Corrida: 12:00<\/strong><\/li>\n<\/ul>\n\n\n\n<h3 class=\"wp-block-heading\"><strong>Hor\u00e1rios em Mo\u00e7ambique<\/strong><\/h3>\n\n\n\n<ul id=\"block-bbaadcb9-d1e6-402a-b585-42debf37b024\" class=\"wp-block-list\">\n<li><strong>Treino livre 3: 12:30<\/strong><\/li>\n\n\n\n<li><strong>Classifica\u00e7\u00e3o: 16:00<\/strong><\/li>\n\n\n\n<li><strong>Corrida: 15:00<\/strong><\/li>\n<\/ul>\n\n\n\n<p class=\"wp-block-paragraph\"><em>*Hor\u00e1rios de Bras\u00edlia<\/em><\/p>\n","protected":false},"excerpt":{"rendered":"<p>Andrea Kimi Antonelli destacou o ritmo na Mercedes em Monza, mas admitiu que a disputa pela pole ser\u00e1 acirrada com a Ferrari<\/p>\n","protected":false},"author":36,"featured_media":1020313654,"comment_status":"closed","ping_status":"closed","sticky":false,"template":"","format":"standard","meta":{"42wp_featured_image_caption":"Antonelli v\u00ea Mercedes e Ferrari \"com velocidades iguais\" na It\u00e1lia","42wp_featured_image_credits":"Mercedes","42wp_featured_video":"","42wp_featured_image_hidden":false,"42wp_authors_list":[{"id":47167,"location":"de Suzano"}],"footnotes":""},"categories":[2],"tags":[47959,82,1737],"42wp_author":[47167],"class_list":["post-165765","post","type-post","status-publish","format-standard","has-post-thumbnail","hentry","category-f1","tag-andra-kimi-antonelli","tag-mercedes","tag-monza","42wp_author-julia-palomares-aro"],"_links":{"self":[{"href":"https:\/\/grandepremio.com\/br\/wp-json\/wp\/v2\/posts\/165765","targetHints":{"allow":["GET"]}}],"collection":[{"href":"https:\/\/grandepremio.com\/br\/wp-json\/wp\/v2\/posts"}],"about":[{"href":"https:\/\/grandepremio.com\/br\/wp-json\/wp\/v2\/types\/post"}],"author":[{"embeddable":true,"href":"https:\/\/grandepremio.com\/br\/wp-json\/wp\/v2\/users\/36"}],"replies":[{"embeddable":true,"href":"https:\/\/grandepremio.com\/br\/wp-json\/wp\/v2\/comments?post=165765"}],"version-history":[{"count":3,"href":"https:\/\/grandepremio.com\/br\/wp-json\/wp\/v2\/posts\/165765\/revisions"}],"predecessor-version":[{"id":165849,"href":"https:\/\/grandepremio.com\/br\/wp-json\/wp\/v2\/posts\/165765\/revisions\/165849"}],"wp:featuredmedia":[{"embeddable":true,"href":"https:\/\/grandepremio.com\/br\/wp-json\/wp\/v2\/media\/1020313654"}],"wp:attachment":[{"href":"https:\/\/grandepremio.com\/br\/wp-json\/wp\/v2\/media?parent=165765"}],"wp:term":[{"taxonomy":"category","embeddable":true,"href":"https:\/\/grandepremio.com\/br\/wp-json\/wp\/v2\/categories?post=165765"},{"taxonomy":"post_tag","embeddable":true,"href":"https:\/\/grandepremio.com\/br\/wp-json\/wp\/v2\/tags?post=165765"},{"taxonomy":"42wp_author","embeddable":true,"href":"https:\/\/grandepremio.com\/br\/wp-json\/wp\/v2\/42wp_author?post=165765"}],"curies":[{"name":"wp","href":"https:\/\/api.w.org\/{rel}","templated":true}]}}