{"id":166181,"date":"2026-09-05T12:43:59","date_gmt":"2026-09-05T15:43:59","guid":{"rendered":"https:\/\/grandepremio.com\/br\/?p=166181"},"modified":"2026-09-05T12:44:01","modified_gmt":"2026-09-05T15:44:01","slug":"gasly-quebra-tabu-na-italia-e-conquista-primeira-pole-da-alpine-renault-em-17-anos","status":"publish","type":"post","link":"https:\/\/grandepremio.com\/br\/f1\/gasly-quebra-tabu-na-italia-e-conquista-primeira-pole-da-alpine-renault-em-17-anos\/","title":{"rendered":"Gasly quebra tabu na It\u00e1lia e conquista primeira pole da Alpine\/Renault em 17 anos"},"content":{"rendered":"\n<p class=\"wp-block-paragraph\">O mundo da F\u00f3rmula 1 foi pego completamente no contrap\u00e9 na tarde deste s\u00e1bado (5) ao ver <strong>Pierre Gasly superar as principais equipes do grid para conquistar a pole-position do GP da It\u00e1lia<\/strong>, em Monza. A surpresa marcou a primeira pole da Alpine na F1 desde a mudan\u00e7a de identidade e em 17 anos esticando desde os tempos de Renault.<\/p>\n\n\n\n<figure class=\"wp-block-embed is-type-video is-provider-youtube wp-block-embed-youtube wp-embed-aspect-16-9 wp-has-aspect-ratio\"><div class=\"wp-block-embed__wrapper\">\n<iframe loading=\"lazy\" title=\"\ud83d\udd34 GASLY ALCAN\u00c7A POLE HIST\u00d3RICA NO GP DA IT\u00c1LIA F1 2026: GRID DE LARGADA [narra\u00e7\u00e3o + Briefing]\" width=\"500\" height=\"281\" src=\"https:\/\/www.youtube.com\/embed\/dRnB30Fg-bM?feature=oembed\" frameborder=\"0\" allow=\"accelerometer; autoplay; clipboard-write; encrypted-media; gyroscope; picture-in-picture; web-share\" referrerpolicy=\"strict-origin-when-cross-origin\" allowfullscreen><\/iframe>\n<\/div><figcaption class=\"wp-element-caption\">GASLY ALCAN\u00c7A POLE HIST\u00d3RICA NO GP DA IT\u00c1LIA F1 2026: GRID DE LARGADA [narra\u00e7\u00e3o + Briefing]<\/figcaption><\/figure>\n\n\n\n<p class=\"wp-block-paragraph\">O resultado foi uma grande surpresa. Apesar da Alpine chegar \u00e0 It\u00e1lia esperan\u00e7osa por conta de uma nova atualiza\u00e7\u00e3o, nada indicava que pudesse ter rendimento espetacular. Mas Gasly se meteu entre os primeiros colocados desde o princ\u00edpio e, na hora da verdade, <a href=\"https:\/\/grandepremio.com\/br\/f1\/gasly-assombra-f1-e-conquista-pole-marcante-para-alpine-no-gp-da-italia\/\">deixou Mercedes, Ferrari, McLaren e Red Bull para tr\u00e1s<\/a>.<\/p>\n\n\n\n<p class=\"wp-block-paragraph\">Foi a primeira pole de Gasly na F1 e a primeira da Alpine, que assumiu este nome em 2021. \u00c9 verdade que a marca tem como dona a Renault e, na pr\u00e1tica, \u00e9 uma continua\u00e7\u00e3o do time no grid. A \u00faltima vez que a f\u00e1brica francesa conquistou a posi\u00e7\u00e3o de honra foi no <strong>GP da Hungria de 2009, com Fernando Alonso<\/strong>. E, antes disso, fora tamb\u00e9m de Alonso, mas na China em 2006. \u00c9, portanto, a segunda pole nos \u00faltimos 20 anos.<\/p>\n\n\n\n<p class=\"wp-block-paragraph\">A Renault esteve fora do grid, \u00e9 verdade, entre 2011 e 2015, quando vendeu os ativos para um grupo de investimento que rebatizou a equipe com o cl\u00e1ssico nome Lotus. Mas a Lotus tamb\u00e9m nunca conquistou p\u00f3dio, apesar de ter at\u00e9 vencido corridas no per\u00edodo. A marca de 17 anos, portanto, sustenta-se.<\/p>\n\n\n\n<p class=\"wp-block-paragraph\">Monza \u00e9 local de sucesso para Gasly. Foi l\u00e1 tamb\u00e9m que conquistou a \u00fanica vit\u00f3ria na F\u00f3rmula 1, em 2020, pela antiga AlphaTauri, atual Racing Bulls.<\/p>\n\n\n\n<p class=\"wp-block-paragraph\">O\u00a0<strong>GRANDE PR\u00caMIO<\/strong>\u00a0acompanha todas as atividades do\u00a0<strong>GP da It\u00e1lia<\/strong>, 13\u00aa etapa da temporada 2026,\u00a0<a href=\"https:\/\/www.grandepremio.com\/br\/ao-vivo\/f1\/\"><strong>AO VIVO E EM\u00a0<\/strong><\/a><strong><a href=\"https:\/\/www.grandepremio.com\/br\/ao-vivo\/\" target=\"_blank\" rel=\"noopener\">TEMPO REAL<\/a><\/strong>,\u00a0<a href=\"https:\/\/www.youtube.com\/@GrandePremio1\/streams\">al\u00e9m de classifica\u00e7\u00e3o e corrida em\u00a0<strong>SEGUNDA TELA\u00a0<\/strong>no YouTube<\/a>, em parceria com a\u00a0<strong>Voz do Esporte<\/strong>. O\u00a0<strong>Briefing\u00a0<\/strong>chega para analisar ap\u00f3s o fim de cada dia de atividades nas redes sociais e na\u00a0<strong>GPTV<\/strong>.<\/p>\n\n\n\n<h2 class=\"wp-block-heading\">GP da It\u00e1lia de F1: veja os hor\u00e1rios no Brasil, Cabo Verde,&nbsp;<a href=\"https:\/\/grandepremio.pt\/\" target=\"_blank\" rel=\"noopener\"><strong>Portugal<\/strong><\/a>, Angola e Mo\u00e7ambique:<\/h2>\n\n\n\n<h3 class=\"wp-block-heading\">Hor\u00e1rios no Brasil*<\/h3>\n\n\n\n<ul id=\"block-04b1bda2-db77-49b7-8a15-ab1e981bbd0f\" class=\"wp-block-list\">\n<li><strong>Corrida: 10:00<\/strong><\/li>\n<\/ul>\n\n\n\n<h3 class=\"wp-block-heading\">Hor\u00e1rios em Portugal e Angola<\/h3>\n\n\n\n<ul id=\"block-e78d748e-6549-4a54-9e51-69367685663a\" class=\"wp-block-list\">\n<li><strong>Corrida: 14:00<\/strong><\/li>\n<\/ul>\n\n\n\n<h3 class=\"wp-block-heading\">Hor\u00e1rios em Cabo Verde<\/h3>\n\n\n\n<ul id=\"block-7b9d835a-23af-4411-943e-453b4766e578\" class=\"wp-block-list\">\n<li><strong>Corrida: 12:00<\/strong><\/li>\n<\/ul>\n\n\n\n<h3 class=\"wp-block-heading\"><strong>Hor\u00e1rios em Mo\u00e7ambique<\/strong><\/h3>\n\n\n\n<ul id=\"block-bbaadcb9-d1e6-402a-b585-42debf37b024\" class=\"wp-block-list\">\n<li><strong>Corrida: 15:00<\/strong><\/li>\n<\/ul>\n\n\n\n<p class=\"wp-block-paragraph\"><em>*Hor\u00e1rios de Bras\u00edlia<\/em><\/p>\n","protected":false},"excerpt":{"rendered":"<p>Pierre Gasly surpreendeu com a pole-position do GP da It\u00e1lia. Al\u00e9m de ser a de estreia dele na F1 \u00e9 a primeira da equipe desde 2009<\/p>\n","protected":false},"author":3,"featured_media":1020313871,"comment_status":"closed","ping_status":"closed","sticky":false,"template":"","format":"standard","meta":{"42wp_featured_image_caption":"Pierre Gasly conuistou a primeira pole da equipe desde 2009","42wp_featured_image_credits":"Alpine","42wp_featured_video":"","42wp_featured_image_hidden":false,"42wp_authors_list":[{"id":47120,"location":""}],"footnotes":""},"categories":[2],"tags":[20491,676,510],"42wp_author":[47120],"class_list":["post-166181","post","type-post","status-publish","format-standard","has-post-thumbnail","hentry","category-f1","tag-alpine","tag-pierre-gasly","tag-pole","42wp_author-pedro-henrique-marum"],"_links":{"self":[{"href":"https:\/\/grandepremio.com\/br\/wp-json\/wp\/v2\/posts\/166181","targetHints":{"allow":["GET"]}}],"collection":[{"href":"https:\/\/grandepremio.com\/br\/wp-json\/wp\/v2\/posts"}],"about":[{"href":"https:\/\/grandepremio.com\/br\/wp-json\/wp\/v2\/types\/post"}],"author":[{"embeddable":true,"href":"https:\/\/grandepremio.com\/br\/wp-json\/wp\/v2\/users\/3"}],"replies":[{"embeddable":true,"href":"https:\/\/grandepremio.com\/br\/wp-json\/wp\/v2\/comments?post=166181"}],"version-history":[{"count":1,"href":"https:\/\/grandepremio.com\/br\/wp-json\/wp\/v2\/posts\/166181\/revisions"}],"predecessor-version":[{"id":166184,"href":"https:\/\/grandepremio.com\/br\/wp-json\/wp\/v2\/posts\/166181\/revisions\/166184"}],"wp:featuredmedia":[{"embeddable":true,"href":"https:\/\/grandepremio.com\/br\/wp-json\/wp\/v2\/media\/1020313871"}],"wp:attachment":[{"href":"https:\/\/grandepremio.com\/br\/wp-json\/wp\/v2\/media?parent=166181"}],"wp:term":[{"taxonomy":"category","embeddable":true,"href":"https:\/\/grandepremio.com\/br\/wp-json\/wp\/v2\/categories?post=166181"},{"taxonomy":"post_tag","embeddable":true,"href":"https:\/\/grandepremio.com\/br\/wp-json\/wp\/v2\/tags?post=166181"},{"taxonomy":"42wp_author","embeddable":true,"href":"https:\/\/grandepremio.com\/br\/wp-json\/wp\/v2\/42wp_author?post=166181"}],"curies":[{"name":"wp","href":"https:\/\/api.w.org\/{rel}","templated":true}]}}