{"id":166201,"date":"2026-09-05T14:06:18","date_gmt":"2026-09-05T17:06:18","guid":{"rendered":"https:\/\/grandepremio.com\/br\/?p=166201"},"modified":"2026-09-05T14:06:19","modified_gmt":"2026-09-05T17:06:19","slug":"alpine-celebra-pole-surpreendente-de-gasly-e-sonha-com-vitoria-na-italia-quem-sabe","status":"publish","type":"post","link":"https:\/\/grandepremio.com\/br\/f1\/alpine-celebra-pole-surpreendente-de-gasly-e-sonha-com-vitoria-na-italia-quem-sabe\/","title":{"rendered":"Alpine celebra pole &#8220;surpreendente&#8221; de Gasly e sonha com vit\u00f3ria na It\u00e1lia: &#8220;Quem sabe?&#8221;"},"content":{"rendered":"\n<p class=\"wp-block-paragraph\">Steve Nielsen, diretor da Alpine, foi s\u00f3 sorrisos neste s\u00e1bado (5). Depois de come\u00e7ar o fim de semana com a not\u00edcia de que Pierre Gasly havia perdido o p\u00f3dio do GP de M\u00f4naco, viu o cen\u00e1rio mudar com a pole do franc\u00eas no GP da It\u00e1lia, um resultado t\u00e3o surpreendente que o deixou animado para sonhar com ainda mais para a corrida de domingo.<\/p>\n\n\n\n<p class=\"wp-block-paragraph\">Em entrevista \u00e0 emissora inglesa <em>Sky Sports<\/em>, o dirigente avaliou que a pole de Gasly foi &#8220;uma boa maneira de se recuperar&#8221; do p\u00f3dio perdido de Monte Carlo. Al\u00e9m disso, explicou que as atualiza\u00e7\u00f5es dos carros t\u00eam mostrado resultados positivos.<\/p>\n\n\n\n<figure class=\"wp-block-embed is-type-video is-provider-youtube wp-block-embed-youtube wp-embed-aspect-16-9 wp-has-aspect-ratio\"><div class=\"wp-block-embed__wrapper\">\n<iframe loading=\"lazy\" title=\"F1 2026: GASLY ALCAN\u00c7A POLE HIST\u00d3RICA NO GP DA IT\u00c1LIA: GRID DE LARGADA [narra\u00e7\u00e3o + Briefing]\" width=\"500\" height=\"281\" src=\"https:\/\/www.youtube.com\/embed\/dRnB30Fg-bM?feature=oembed\" frameborder=\"0\" allow=\"accelerometer; autoplay; clipboard-write; encrypted-media; gyroscope; picture-in-picture; web-share\" referrerpolicy=\"strict-origin-when-cross-origin\" allowfullscreen><\/iframe>\n<\/div><figcaption class=\"wp-element-caption\">GASLY ALCAN\u00c7A POLE HIST\u00d3RICA NO GP DA IT\u00c1LIA F1 2026: GRID DE LARGADA [narra\u00e7\u00e3o + Briefing]<\/figcaption><\/figure>\n\n\n\n<p class=\"wp-block-paragraph\">\u201cQuando penso no clima que estava na equipe quando recebemos o resultado de M\u00f4naco, que vai me incomodar pelo resto da vida, sinceramente, a pole \u00e9 uma \u00f3tima maneira de se recuperar. \u00c9 ador\u00e1vel\u201d, declarou.<\/p>\n\n\n\n<p class=\"wp-block-paragraph\">Apesar da lideran\u00e7a de Gasly no Q1 e da dist\u00e2ncia m\u00ednima para Antonelli no Q2, Nielsen admitiu que n\u00e3o enxergava chance real de ver a Alpine na posi\u00e7\u00e3o de honra. <\/p>\n\n\n\n<p class=\"wp-block-paragraph\">\u201cColocamos uma grande atualiza\u00e7\u00e3o no carro de Pierre em Zandvoort. Essa atualiza\u00e7\u00e3o tamb\u00e9m est\u00e1 no carro de Franco [Colapinto] aqui. N\u00e3o tiramos o melhor resultado desse pacote l\u00e1, \u00e9 um circuito peculiar. Mas viemos para c\u00e1, e o carro est\u00e1 respondendo muito bem. Acertamos as dist\u00e2ncias, acertamos o v\u00e1cuo, os pilotos n\u00e3o cometeram erros, e o tempo de volta claramente est\u00e1 no carro, porque os dois foram bem r\u00e1pidos\u201d, acrescentou.<br><\/p>\n\n\n\n<figure class=\"wp-block-image size-large\"><img loading=\"lazy\" decoding=\"async\" width=\"1024\" height=\"576\" src=\"https:\/\/grandepremio.com\/br\/wp-content\/uploads\/2026\/09\/f1-2026-italia-classificacao-alpine-pierre-gasly-01-2-1024x576.jpg\" alt=\"F1 2026, IT\u00c1LIA, CLASSIFICA\u00c7\u00c3O, ALPINE, PIERRE GASLY\" class=\"wp-image-1020313878\" srcset=\"https:\/\/grandepremio.com\/wp-content\/uploads\/2026\/09\/f1-2026-italia-classificacao-alpine-pierre-gasly-01-2-1024x576.jpg 1024w, https:\/\/grandepremio.com\/wp-content\/uploads\/2026\/09\/f1-2026-italia-classificacao-alpine-pierre-gasly-01-2-300x169.jpg 300w, https:\/\/grandepremio.com\/wp-content\/uploads\/2026\/09\/f1-2026-italia-classificacao-alpine-pierre-gasly-01-2-768x432.jpg 768w, https:\/\/grandepremio.com\/wp-content\/uploads\/2026\/09\/f1-2026-italia-classificacao-alpine-pierre-gasly-01-2-1536x864.jpg 1536w, https:\/\/grandepremio.com\/wp-content\/uploads\/2026\/09\/f1-2026-italia-classificacao-alpine-pierre-gasly-01-2-1200x675.jpg 1200w, https:\/\/grandepremio.com\/wp-content\/uploads\/2026\/09\/f1-2026-italia-classificacao-alpine-pierre-gasly-01-2-150x84.jpg 150w, https:\/\/grandepremio.com\/wp-content\/uploads\/2026\/09\/f1-2026-italia-classificacao-alpine-pierre-gasly-01-2.jpg 1920w\" sizes=\"(max-width: 1024px) 100vw, 1024px\" \/><figcaption class=\"wp-element-caption\">Pierre Gasly largar\u00e1 na pole em Monza (Foto: Alpine)<\/figcaption><\/figure>\n\n\n\n<p class=\"wp-block-paragraph\">Por fim, Nielsen considerou a possibilidade de uma vit\u00f3ria da Alpine no Aut\u00f3dromo de Monza. Na perspectiva do brit\u00e2nico, a equipe pode surpreender mais uma vez e chegar ao topo do p\u00f3dio com uma boa estrat\u00e9gia.<\/p>\n\n\n\n<p class=\"wp-block-paragraph\">&#8220;N\u00e3o esper\u00e1vamos estar na pole-position, mas estamos. Amanh\u00e3, com boas largadas, boa estrat\u00e9gia, boas paradas nos boxes, quem sabe? Vamos tentar vencer&#8221;, completou.<\/p>\n\n\n\n<p class=\"wp-block-paragraph\">O <strong>GRANDE PR\u00caMIO<\/strong> acompanha todas as atividades do <strong>GP da It\u00e1lia<\/strong>, 13\u00aa etapa da temporada 2026, <a href=\"https:\/\/www.grandepremio.com\/br\/ao-vivo\/f1\/\"><strong>AO VIVO E EM<\/strong><\/a> <a href=\"https:\/\/www.grandepremio.com\/br\/ao-vivo\/\"><strong>TEMPO REAL<\/strong><\/a>, <a href=\"https:\/\/www.youtube.com\/@GrandePremio1\/streams\">al\u00e9m de classifica\u00e7\u00e3o e corrida em <strong>SEGUNDA TELA<\/strong> no YouTube<\/a>, em parceria com a <strong>Voz do Esporte<\/strong>. O <strong>Briefing<\/strong> chega para analisar ap\u00f3s o fim de cada dia de atividades nas redes sociais e na <strong>GPTV<\/strong>.<\/p>\n\n\n\n<h2 class=\"wp-block-heading\"><strong>GP da It\u00e1lia de F1: veja os hor\u00e1rios em Brasil, Cabo Verde,<\/strong> <a href=\"https:\/\/grandepremio.pt\/\"><strong>Portugal<\/strong><\/a><strong>, Angola e Mo\u00e7ambique:<\/strong><\/h2>\n\n\n\n<h3 class=\"wp-block-heading\"><strong>Hor\u00e1rios no Brasil*<\/strong><\/h3>\n\n\n\n<ul class=\"wp-block-list\">\n<li><strong>Corrida: 10:00<\/strong><\/li>\n<\/ul>\n\n\n\n<h3 class=\"wp-block-heading\"><strong>Hor\u00e1rios em Portugal e Angola<\/strong><\/h3>\n\n\n\n<ul class=\"wp-block-list\">\n<li><strong>Corrida: 14:00<\/strong><\/li>\n<\/ul>\n\n\n\n<h3 class=\"wp-block-heading\"><strong>Hor\u00e1rios em Cabo Verde<\/strong><\/h3>\n\n\n\n<ul class=\"wp-block-list\">\n<li><strong>Corrida: 12:00<\/strong><\/li>\n<\/ul>\n\n\n\n<h3 class=\"wp-block-heading\"><strong>Hor\u00e1rios em Mo\u00e7ambique<\/strong><\/h3>\n\n\n\n<ul class=\"wp-block-list\">\n<li><strong>Corrida: 15:00<\/strong><\/li>\n<\/ul>\n","protected":false},"excerpt":{"rendered":"<p>Ap\u00f3s a pole de Pierre Gasly, Steve Nielsen, diretor da Alpine, comentou a possibilidade da equipe encerrar a etapa com uma vit\u00f3ria<\/p>\n","protected":false},"author":36,"featured_media":1020313874,"comment_status":"closed","ping_status":"closed","sticky":false,"template":"","format":"standard","meta":{"42wp_featured_image_caption":"Gasly conquistou a primeira pole em Monza","42wp_featured_image_credits":"Reprodu\u00e7\u00e3o\/F1","42wp_featured_video":"","42wp_featured_image_hidden":false,"42wp_authors_list":[{"id":47167,"location":"de Suzano"}],"footnotes":""},"categories":[2],"tags":[20491,676,14077],"42wp_author":[47167],"class_list":["post-166201","post","type-post","status-publish","format-standard","has-post-thumbnail","hentry","category-f1","tag-alpine","tag-pierre-gasly","tag-steve-nielsen","42wp_author-julia-palomares-aro"],"_links":{"self":[{"href":"https:\/\/grandepremio.com\/br\/wp-json\/wp\/v2\/posts\/166201","targetHints":{"allow":["GET"]}}],"collection":[{"href":"https:\/\/grandepremio.com\/br\/wp-json\/wp\/v2\/posts"}],"about":[{"href":"https:\/\/grandepremio.com\/br\/wp-json\/wp\/v2\/types\/post"}],"author":[{"embeddable":true,"href":"https:\/\/grandepremio.com\/br\/wp-json\/wp\/v2\/users\/36"}],"replies":[{"embeddable":true,"href":"https:\/\/grandepremio.com\/br\/wp-json\/wp\/v2\/comments?post=166201"}],"version-history":[{"count":2,"href":"https:\/\/grandepremio.com\/br\/wp-json\/wp\/v2\/posts\/166201\/revisions"}],"predecessor-version":[{"id":166233,"href":"https:\/\/grandepremio.com\/br\/wp-json\/wp\/v2\/posts\/166201\/revisions\/166233"}],"wp:featuredmedia":[{"embeddable":true,"href":"https:\/\/grandepremio.com\/br\/wp-json\/wp\/v2\/media\/1020313874"}],"wp:attachment":[{"href":"https:\/\/grandepremio.com\/br\/wp-json\/wp\/v2\/media?parent=166201"}],"wp:term":[{"taxonomy":"category","embeddable":true,"href":"https:\/\/grandepremio.com\/br\/wp-json\/wp\/v2\/categories?post=166201"},{"taxonomy":"post_tag","embeddable":true,"href":"https:\/\/grandepremio.com\/br\/wp-json\/wp\/v2\/tags?post=166201"},{"taxonomy":"42wp_author","embeddable":true,"href":"https:\/\/grandepremio.com\/br\/wp-json\/wp\/v2\/42wp_author?post=166201"}],"curies":[{"name":"wp","href":"https:\/\/api.w.org\/{rel}","templated":true}]}}