{"id":16621,"date":"2025-10-05T10:09:17","date_gmt":"2025-10-05T13:09:17","guid":{"rendered":"https:\/\/grandepremio.com\/br\/noticias\/heitor-dallagnol-vence-corrida-3-velocitta-amplia-lideranca-formula-4-brasil\/"},"modified":"2025-10-05T10:10:55","modified_gmt":"2025-10-05T13:10:55","slug":"heitor-dallagnol-vence-corrida-3-velocitta-amplia-lideranca-formula-4-brasil","status":"publish","type":"post","link":"https:\/\/grandepremio.com\/br\/f4\/heitor-dallagnol-vence-corrida-3-velocitta-amplia-lideranca-formula-4-brasil\/","title":{"rendered":"Dall\u2019agnol vence corrida 3 no Velocitta e amplia lideran\u00e7a na F\u00f3rmula 4 Brasil"},"content":{"rendered":"\n<p class=\"wp-block-paragraph\"><strong>Heitor Dall\u2019agnol<\/strong> venceu a corrida 3 da <strong>F\u00f3rmula 4 Brasi<\/strong>l, realizada neste domingo (5) no <strong>Velocitta<\/strong>. Largando da segunda posi\u00e7\u00e3o, caiu para terceiro nos metros iniciais, mas se valeu da disputa entre <strong>Filippo Fiorentino<\/strong> e <strong>Pedro Lins<\/strong> na primeira curva para assumir a ponta e caminhar para a vit\u00f3ria.<\/p>\n\n\n\n<p class=\"wp-block-paragraph\">Largando da pole depois de ser o <a href=\"https:\/\/www.grandepremio.com\/br\/f4\/noticias\/pedro-lima-supera-heitor-dallagnol-0s053-vence-corrida-3-f4-brasil-velocitta\/\">mais r\u00e1pido na classifica\u00e7\u00e3o de sexta-feira (3)<\/a>, <strong>Fiorentino <\/strong>foi atacado por <strong>Lins<\/strong>, que saiu de terceiro, na curva 1. <strong>Dall\u2019agnol<\/strong> aproveitou o embate, fez uma tang\u00eancia melhor que a dos rivais e tomou a primeira posi\u00e7\u00e3o. <strong>Fiorentino <\/strong>ainda caiu para quarto.<\/p>\n\n\n\n<p class=\"wp-block-paragraph\">A 22 minutos do fim, <strong>Renzo Barbuy<\/strong> teve problemas na curva <strong>Caipirinha <\/strong>e teve de abandonar. A corrida, no entanto, seguiu com bandeira verde. L\u00e1 na frente, <strong>Pedro Lima<\/strong> e <strong>Lins <\/strong>brigavam pelo segundo lugar e <strong>Dall\u2019agnol <\/strong>aproveitava para abrir uma vantagem de 1s5 na lideran\u00e7a.<\/p>\n\n\n\n<p class=\"wp-block-paragraph\">Sem maiores a\u00e7\u00f5es na pista, <strong>Dall\u2019agnol <\/strong>imprimiu bom ritmo, abriu 5s6 de vantagem e venceu a corrida 3 da <strong>F4 Brasil<\/strong> sem dores de cabe\u00e7a. <strong>Lins <\/strong>segurou a press\u00e3o de Lima e concluiu em segundo.<\/p>\n\n\n\n<figure class=\"wp-block-image size-full\"><img decoding=\"async\" src=\"https:\/\/www.grandepremio.com\/br\/wp-content\/uploads\/2025\/07\/Heitor-Dallagnol-pole-F4-Velocitta-Foto-F4-BR-Magnus-Torquato.jpg\" alt=\"\" class=\"wp-image-993323\"\/><figcaption class=\"wp-element-caption\">Heitor Dall&#8217;agnol venceu as corrida 1 e 3 da F4 Brasil no Velocitta (Foto: F4 BR \/ Magnus Torquato)<\/figcaption><\/figure>\n\n\n\n<p class=\"wp-block-paragraph\">O top-10 da corrida 3 da <strong>F4 Brasil<\/strong> ainda contou com <strong>Fiorentino, Alceu Feldmann, Ethan Nobels, Enricco Abreu, Murilo Rocha, Ciro Sobral<\/strong> e <strong>Rog\u00e9rio Grotta<\/strong>.<\/p>\n\n\n\n<p class=\"wp-block-paragraph\"><strong>\u25b6\ufe0f\u00a0Inscreva-se nos dois canais do GRANDE PR\u00caMIO no YouTube:\u00a0<a href=\"https:\/\/www.youtube.com\/channel\/UC9OlHEgxoaY6QY6nWPoiqQg?sub_confirmation=1\" target=\"_blank\" rel=\"noreferrer noopener\">GP<\/a>\u00a0|\u00a0<a href=\"https:\/\/www.youtube.com\/channel\/UC9csiS6q_C3C0FYhyr1rnFA?sub_confirmation=1\" target=\"_blank\" rel=\"noreferrer noopener\">GP2<\/a><\/strong><\/p>\n\n\n\n<h2 class=\"wp-block-heading\" id=\"h-formula-4-brasil-4\u00aa-etapa-corrida-3-velocitta\"><strong>F\u00f3rmula 4 Brasil, 4\u00aa etapa, corrida 3, Velocitta<\/strong><\/h2>\n\n\n\n<figure class=\"wp-block-table\"><table class=\"has-fixed-layout\"><tbody><tr><td>POS<\/td><td>Piloto<\/td><td>Carro<\/td><td>Equipe<\/td><td>Diff<\/td><\/tr><tr><td>1<\/td><td>HEITOR DALL&#8217;AGNOL<\/td><td>27<\/td><td>TMG RACING<\/td><td>22 voltas<\/td><\/tr><tr><td>2<\/td><td>PEDRO LINS<\/td><td>26<\/td><td>STARRETT BASSANI F4<\/td><td>+6.277<\/td><\/tr><tr><td>3<\/td><td>PEDRO LIMA<\/td><td>188<\/td><td>STARRETT BASSANI F4<\/td><td>+11.668<\/td><\/tr><tr><td>4<\/td><td>FILIPPO FIORENTINO<\/td><td>135<\/td><td>TMG RACING<\/td><td>+13.957<\/td><\/tr><tr><td>5<\/td><td>ETHAN NOBELS<\/td><td>12<\/td><td>CAVALEIRO SPORTS<\/td><td>+14.019<\/td><\/tr><tr><td>6<\/td><td>ALCEU FELDMANN<br>NETO<\/td><td>95<\/td><td>CAVALEIRO SPORTS<\/td><td>+14.361<\/td><\/tr><tr><td>7<\/td><td>ENRICCO ABREU<\/td><td>29<\/td><td>CAVALEIRO SPORTS<\/td><td>+18.418<\/td><\/tr><tr><td>8<\/td><td>MURILO ROCHA<\/td><td>55<\/td><td>STARRETT BASSANI F4<\/td><td>+22.240<\/td><\/tr><tr><td>9<\/td><td>CIRO SOBRAL<\/td><td>71<\/td><td>TMG RACING<\/td><td>+23.606<\/td><\/tr><tr><td>10<\/td><td>CHRISTIAN HELOU<\/td><td>33<\/td><td>STARRETT BASSANI F4<\/td><td>+26.806<\/td><\/tr><tr><td>11<\/td><td>PIETRO MESQUITA<\/td><td>59<\/td><td>TMG RACING<\/td><td>+26.990<\/td><\/tr><tr><td>12<\/td><td>MARCELO HAHN<\/td><td>0<\/td><td>TMG RACING<\/td><td>+27.546<\/td><\/tr><tr><td>13<\/td><td>CADI BAPTISTA<\/td><td>41<\/td><td>TMG RACING<\/td><td>+28.027<\/td><\/tr><tr><td>14<\/td><td>ROGERIO GROTTA<\/td><td>7<\/td><td>CAVALEIRO SPORTS<\/td><td>+40.207<\/td><\/tr><tr><td><\/td><td>RENZO BARBUY<\/td><td>31<\/td><td>STARRETT BASSANI F4<\/td><td>Abandonou<\/td><\/tr><\/tbody><\/table><\/figure>\n","protected":false},"excerpt":{"rendered":"<p>Com performance dominante, Heitor Dall\u2019agnol assumiu a ponta na primeira curva e precisou apenas administrar o ritmo para voltar a vencer na F4 Brasil<\/p>\n","protected":false},"author":0,"featured_media":1001020117,"comment_status":"closed","ping_status":"closed","sticky":false,"template":"","format":"standard","meta":{"42wp_featured_image_caption":"","42wp_featured_image_credits":"","42wp_featured_video":"","42wp_featured_image_hidden":false,"42wp_authors_list":[],"footnotes":""},"categories":[47],"tags":[],"42wp_author":[47149],"class_list":["post-16621","post","type-post","status-publish","format-standard","has-post-thumbnail","hentry","category-f4","42wp_author-bernardo-castro"],"_links":{"self":[{"href":"https:\/\/grandepremio.com\/br\/wp-json\/wp\/v2\/posts\/16621","targetHints":{"allow":["GET"]}}],"collection":[{"href":"https:\/\/grandepremio.com\/br\/wp-json\/wp\/v2\/posts"}],"about":[{"href":"https:\/\/grandepremio.com\/br\/wp-json\/wp\/v2\/types\/post"}],"replies":[{"embeddable":true,"href":"https:\/\/grandepremio.com\/br\/wp-json\/wp\/v2\/comments?post=16621"}],"version-history":[{"count":0,"href":"https:\/\/grandepremio.com\/br\/wp-json\/wp\/v2\/posts\/16621\/revisions"}],"wp:featuredmedia":[{"embeddable":true,"href":"https:\/\/grandepremio.com\/br\/wp-json\/wp\/v2\/media\/1001020117"}],"wp:attachment":[{"href":"https:\/\/grandepremio.com\/br\/wp-json\/wp\/v2\/media?parent=16621"}],"wp:term":[{"taxonomy":"category","embeddable":true,"href":"https:\/\/grandepremio.com\/br\/wp-json\/wp\/v2\/categories?post=16621"},{"taxonomy":"post_tag","embeddable":true,"href":"https:\/\/grandepremio.com\/br\/wp-json\/wp\/v2\/tags?post=16621"},{"taxonomy":"42wp_author","embeddable":true,"href":"https:\/\/grandepremio.com\/br\/wp-json\/wp\/v2\/42wp_author?post=16621"}],"curies":[{"name":"wp","href":"https:\/\/api.w.org\/{rel}","templated":true}]}}