{"id":16646,"date":"2025-10-04T17:32:07","date_gmt":"2025-10-04T20:32:07","guid":{"rendered":"https:\/\/grandepremio.com\/br\/noticias\/cadi-baptista-recupera-largada-ruim-vence-corrida-2-f4-brasil-velocitta\/"},"modified":"2025-10-04T17:32:11","modified_gmt":"2025-10-04T20:32:11","slug":"cadi-baptista-recupera-largada-ruim-vence-corrida-2-f4-brasil-velocitta","status":"publish","type":"post","link":"https:\/\/grandepremio.com\/br\/f4\/cadi-baptista-recupera-largada-ruim-vence-corrida-2-f4-brasil-velocitta\/","title":{"rendered":"Baptista se recupera de largada ruim e vence corrida 2 da F4 Brasil no Velocitta"},"content":{"rendered":"\n<p class=\"wp-block-paragraph\"><strong>Cadi Baptista<\/strong> venceu a corrida 2 da <strong>F\u00f3rmula 4 Brasil<\/strong>, realizada neste s\u00e1bado (4) no <strong>Velocitta<\/strong>. Largando da pole, administrou bem a vantagem e cruzou a linha de chegada com 2s5 de vantagem sobre o segundo colocado <strong>Murilo Rocha<\/strong>. L\u00edder do campeonato, <strong><a href=\"https:\/\/www.grandepremio.com\/br\/f4\/noticias\/heitor-dallagnol-neutraliza-rivais-sobra-velocitta-vence-corrida-1-formula-4-brasil\/\">Heitor Dall\u2019agnol <\/a><\/strong>n\u00e3o ganhou posi\u00e7\u00f5es e finalizou em s\u00e9timo.<\/p>\n\n\n\n<p class=\"wp-block-paragraph\">Na largada, <strong>Baptista <\/strong>saiu mal e perdeu a ponta para <strong>Enricco Abreu <\/strong>nos primeiros metros, mas deu o troco logo na sequ\u00eancia e retomou a lideran\u00e7a na primeira curva. <strong>Cadi <\/strong>manteve a posi\u00e7\u00e3o de forma tranquila e tinha 2s6 de vantagem quando a bandeira amarela foi acionada ap\u00f3s <strong>Renzo Barbuy <\/strong>ser tocado por Pietro Mesquita.<\/p>\n\n\n\n<p class=\"wp-block-paragraph\"><strong>Barbuy <\/strong>rodou na reta principal, bateu no muro e quebrou a suspens\u00e3o dianteira ap\u00f3s o toque de <strong>Pietro Mesquita<\/strong>. A dire\u00e7\u00e3o de provas analisou o incidente, considerou o #59 culpado e o desclassificou da prova.<\/p>\n\n\n\n<p class=\"wp-block-paragraph\">A a\u00e7\u00e3o foi retomada quando faltavam menos de nove minutos para o final. Com pouco tempo de bandeira verde, <strong>Pedro Lins<\/strong> virou em cima de <strong>Murilo Rocha<\/strong> ao tentar contornar a curva 1, rodou e teve de abandonar. Por fim, um novo acidente aconteceu e resultou no abandono de <strong>Rog\u00e9rio Grotta <\/strong>e <strong>Christian Helou<\/strong>. O safety-car, no entanto, n\u00e3o teve de ser acionado.<\/p>\n\n\n\n<figure class=\"wp-block-image size-full\"><img decoding=\"async\" src=\"https:\/\/www.grandepremio.com\/br\/wp-content\/uploads\/2025\/07\/Heitor-Dallagnol-pole-F4-Velocitta-Foto-F4-BR-Magnus-Torquato.jpg\" alt=\"\" class=\"wp-image-993323\"\/><figcaption class=\"wp-element-caption\">Heitor Dall&#8217;agnol foi apagado na corrida 2 (Foto: F4 BR \/ Magnus Torquato)<\/figcaption><\/figure>\n\n\n\n<p class=\"wp-block-paragraph\">A tr\u00eas minutos do fim, <strong>Rocha <\/strong>imprimiu um ritmo forte e ultrapassou <strong>Ethan Nobels<\/strong> e <strong>Pedro Lima<\/strong> e subiu para segundo. L\u00e1 na frente, <strong>Baptista <\/strong>administrou a vantagem e conquistou a primeira vit\u00f3ria na<strong> F4 Brasil<\/strong>.<\/p>\n\n\n\n<p class=\"wp-block-paragraph\"><strong>\u25b6\ufe0f\u00a0Inscreva-se nos dois canais do GRANDE PR\u00caMIO no YouTube:\u00a0<a href=\"https:\/\/www.youtube.com\/channel\/UC9OlHEgxoaY6QY6nWPoiqQg?sub_confirmation=1\" target=\"_blank\" rel=\"noreferrer noopener\">GP<\/a>\u00a0|\u00a0<a href=\"https:\/\/www.youtube.com\/channel\/UC9csiS6q_C3C0FYhyr1rnFA?sub_confirmation=1\" target=\"_blank\" rel=\"noreferrer noopener\">GP2<\/a><\/strong><\/p>\n\n\n\n<h2 class=\"wp-block-heading\" id=\"h-formula-4-brasil-4\u00aa-etapa-corrida-2-velocitta\"><strong>F\u00f3rmula 4 Brasil, 4\u00aa etapa, corrida 2, Velocitta<\/strong><\/h2>\n\n\n\n<figure class=\"wp-block-table\"><table class=\"has-fixed-layout\"><tbody><tr><td>POS<\/td><td>Piloto<\/td><td>Carro<\/td><td>Equipe<\/td><td>Diff<\/td><\/tr><tr><td>1<\/td><td>CADI BAPTISTA<\/td><td>41<\/td><td>TMG RACING<\/td><td>14 voltas<\/td><\/tr><tr><td>2<\/td><td>MURILO ROCHA<\/td><td>55<\/td><td>STARRETT BASSANI F4<\/td><td>+2.551<\/td><\/tr><tr><td>3<\/td><td>PEDRO LIMA<\/td><td>188<\/td><td>STARRETT BASSANI F4<\/td><td>+5.064<\/td><\/tr><tr><td>4<\/td><td>ENRICCO ABREU<\/td><td>29<\/td><td>CAVALEIRO SPORTS<\/td><td>+5.314<\/td><\/tr><tr><td>5<\/td><td>ETHAN NOBELS<\/td><td>12<\/td><td>CAVALEIRO SPORTS<\/td><td>+5.810<\/td><\/tr><tr><td>6<\/td><td>FILIPPO FIORENTINO<\/td><td>135<\/td><td>TMG RACING<\/td><td>+6.677<\/td><\/tr><tr><td>7<\/td><td>HEITOR DALL&#8217;AGNOL<\/td><td>27<\/td><td>TMG RACING<\/td><td>+7.279<\/td><\/tr><tr><td>8<\/td><td>MARCELO HAHN<\/td><td>0<\/td><td>TMG RACING<\/td><td>+14.514<\/td><\/tr><tr><td>9<\/td><td>ALCEU FELDMANN<br>NETO<\/td><td>95<\/td><td>CAVALEIRO SPORTS<\/td><td>+18.360<\/td><\/tr><tr><td><\/td><td>ROGERIO GROTTA<\/td><td>7<\/td><td>CAVALEIRO SPORTS<\/td><td>Abandonou<\/td><\/tr><tr><td><\/td><td>CHRISTIAN HELOU<\/td><td>33<\/td><td>STARRETT BASSANI F4<\/td><td>Abandonou<\/td><\/tr><tr><td><\/td><td>PEDRO LINS<\/td><td>26<\/td><td>STARRETT BASSANI F4<\/td><td>Abandonou<\/td><\/tr><tr><td><\/td><td>RENZO BARBUY<\/td><td>31<\/td><td>STARRETT BASSANI F4<\/td><td>Abandonou<\/td><\/tr><tr><td><\/td><td>CIRO SOBRAL<\/td><td>71<\/td><td>TMG RACING<\/td><td>Abandonou<\/td><\/tr><tr><td><\/td><td>Pietro Mesquita<\/td><td>59<\/td><td>TMG RACING<\/td><td>Desclassificado<\/td><\/tr><\/tbody><\/table><\/figure>\n","protected":false},"excerpt":{"rendered":"<p>Cadi Baptista perdeu a lideran\u00e7a nos metros iniciais, mas n\u00e3o demorou a reagir para retomar a primeira posi\u00e7\u00e3o. Assim, venceu sem maiores problemas no Velocitta<\/p>\n","protected":false},"author":0,"featured_media":1001019894,"comment_status":"closed","ping_status":"closed","sticky":false,"template":"","format":"standard","meta":{"42wp_featured_image_caption":"","42wp_featured_image_credits":"","42wp_featured_video":"","42wp_featured_image_hidden":false,"42wp_authors_list":[],"footnotes":""},"categories":[47],"tags":[],"42wp_author":[47149],"class_list":["post-16646","post","type-post","status-publish","format-standard","has-post-thumbnail","hentry","category-f4","42wp_author-bernardo-castro"],"_links":{"self":[{"href":"https:\/\/grandepremio.com\/br\/wp-json\/wp\/v2\/posts\/16646","targetHints":{"allow":["GET"]}}],"collection":[{"href":"https:\/\/grandepremio.com\/br\/wp-json\/wp\/v2\/posts"}],"about":[{"href":"https:\/\/grandepremio.com\/br\/wp-json\/wp\/v2\/types\/post"}],"replies":[{"embeddable":true,"href":"https:\/\/grandepremio.com\/br\/wp-json\/wp\/v2\/comments?post=16646"}],"version-history":[{"count":0,"href":"https:\/\/grandepremio.com\/br\/wp-json\/wp\/v2\/posts\/16646\/revisions"}],"wp:featuredmedia":[{"embeddable":true,"href":"https:\/\/grandepremio.com\/br\/wp-json\/wp\/v2\/media\/1001019894"}],"wp:attachment":[{"href":"https:\/\/grandepremio.com\/br\/wp-json\/wp\/v2\/media?parent=16646"}],"wp:term":[{"taxonomy":"category","embeddable":true,"href":"https:\/\/grandepremio.com\/br\/wp-json\/wp\/v2\/categories?post=16646"},{"taxonomy":"post_tag","embeddable":true,"href":"https:\/\/grandepremio.com\/br\/wp-json\/wp\/v2\/tags?post=16646"},{"taxonomy":"42wp_author","embeddable":true,"href":"https:\/\/grandepremio.com\/br\/wp-json\/wp\/v2\/42wp_author?post=16646"}],"curies":[{"name":"wp","href":"https:\/\/api.w.org\/{rel}","templated":true}]}}