{"id":16714,"date":"2025-10-03T15:46:11","date_gmt":"2025-10-03T18:46:11","guid":{"rendered":"https:\/\/grandepremio.com\/br\/noticias\/filippo-fiorentino-bate-heitor-dallagnol-classificacao-apertada-garante-pole-f4-brasil-velocitta\/"},"modified":"2025-10-03T15:50:09","modified_gmt":"2025-10-03T18:50:09","slug":"filippo-fiorentino-bate-heitor-dallagnol-classificacao-apertada-garante-pole-f4-brasil-velocitta","status":"publish","type":"post","link":"https:\/\/grandepremio.com\/br\/f4\/filippo-fiorentino-bate-heitor-dallagnol-classificacao-apertada-garante-pole-f4-brasil-velocitta\/","title":{"rendered":"Fiorentino bate Dall\u2019agnol e garante pole em classifica\u00e7\u00e3o apertada da F4 Brasil no Velocitta"},"content":{"rendered":"\n<p class=\"wp-block-paragraph\"><strong><a href=\"https:\/\/www.grandepremio.com\/br\/f4\/noticias\/filippo-fiorentino-cresce-caos-rivais-vence-corrida-1-f4-brasil-velocitta-heitor-dallagnol-5o\/\">Filippo Fiorentino<\/a><\/strong> foi o mais r\u00e1pido durante a classifica\u00e7\u00e3o da <strong>F\u00f3rmula 4 Brasil<\/strong>, que aconteceu nesta sexta-feira (3) no Velocitta. Embora tenha ficado a quase 1s de <strong>Alceu Feldmann<\/strong> no TL2, o #135 reverteu o cen\u00e1rio durante a sess\u00e3o que define o grid de largada, registrou 1min26s417 e superou o l\u00edder do campeonato <strong>Heitor Dall\u2019agnol<\/strong> por m\u00edseros 0s047. <strong>Fiorentino <\/strong>larga da pole nas corridas 1 e 3 do fim de semana.<\/p>\n\n\n\n<p class=\"wp-block-paragraph\"><strong>Dall\u2019agnol<\/strong> teve um bom rendimento no TL1 ao terminar em segundo, mas enfrentou algumas dificuldades no TL2 e concluiu apenas em 11\u00ba a 1s9 do l\u00edder. Mas na classifica\u00e7\u00e3o voltou a ser um candidato \u00e0s primeiras posi\u00e7\u00f5es e enfrentou uma dura disputa contra <strong>Fiorentino <\/strong>e <strong>Pedro Lins<\/strong>. No fim, <strong>Filippo <\/strong>levou a melhor, mas a diferen\u00e7a entre os tr\u00eas primeiros foi de apenas 0s085.<\/p>\n\n\n\n<p class=\"wp-block-paragraph\">Segundo o regulamento desportivo da <strong>F\u00f3rmula 4 Brasil<\/strong>, a classifica\u00e7\u00e3o determina a ordem de largada das corridas 1 e 3. O melhor tempo de cada piloto \u00e9 utilizado para formar o grid da \u00faltima corrida do fim de semana, enquanto o segundo melhor tempo de cada competidor \u00e9 utilizado na forma\u00e7\u00e3o do grid da primeira corrida do s\u00e1bado.<\/p>\n\n\n\n<p class=\"wp-block-paragraph\">Al\u00e9m de ter sido o mais r\u00e1pido no geral com 1min26s417, a segunda melhor volta de Fiorentino (1min26s518) tamb\u00e9m foi melhor que a dos rivais. Portanto, parte da posi\u00e7\u00e3o de honra nas duas provas ao lado de <strong>Dall\u2019agnol<\/strong>, que sai de segundo em ambas.<\/p>\n\n\n\n<figure class=\"wp-block-image size-full\"><img decoding=\"async\" src=\"https:\/\/www.grandepremio.com\/br\/wp-content\/uploads\/2025\/07\/Heitor-Dallagnol-pole-F4-Velocitta-Foto-F4-BR-Magnus-Torquato.jpg\" alt=\"\" class=\"wp-image-993323\"\/><figcaption class=\"wp-element-caption\">Heitor Dall&#8217;agnol vai largar de segundo no Velocitta (Foto: F4 BR \/ Magnus Torquato)<\/figcaption><\/figure>\n\n\n\n<p class=\"wp-block-paragraph\"><strong>\u25b6\ufe0f\u00a0Inscreva-se nos dois canais do GRANDE PR\u00caMIO no YouTube:\u00a0<a href=\"https:\/\/www.youtube.com\/channel\/UC9OlHEgxoaY6QY6nWPoiqQg?sub_confirmation=1\" target=\"_blank\" rel=\"noreferrer noopener\">GP<\/a>\u00a0|\u00a0<a href=\"https:\/\/www.youtube.com\/channel\/UC9csiS6q_C3C0FYhyr1rnFA?sub_confirmation=1\" target=\"_blank\" rel=\"noreferrer noopener\">GP2<\/a><\/strong><\/p>\n\n\n\n<h2 class=\"wp-block-heading\" id=\"h-classificacao-f4-brasil-4\u00aa-etapa-veloccita\"><strong>Classifica\u00e7\u00e3o F4 Brasil, 4\u00aa etapa, Veloccita<\/strong><\/h2>\n\n\n\n<figure class=\"wp-block-table\"><table class=\"has-fixed-layout\"><tbody><tr><td>POS<\/td><td>Piloto<\/td><td>Carro<\/td><td>Equipe<\/td><td>Tempo<\/td><td>Diff<\/td><\/tr><tr><td>1<\/td><td>FILIPPO FIORENTINO<\/td><td>135<\/td><td>TMG RACING<\/td><td>1:26.417<\/td><td><\/td><\/tr><tr><td>2<\/td><td>HEITOR DALL&#8217;AGNOL<\/td><td>27<\/td><td>TMG RACING<\/td><td>1:26.464<\/td><td>+0.047<\/td><\/tr><tr><td>3<\/td><td>PEDRO LINS<\/td><td>26<\/td><td>STARRETT BASSANI F4<\/td><td>1:26.502<\/td><td>+0.085<\/td><\/tr><tr><td>4<\/td><td>PEDRO LIMA<\/td><td>188<\/td><td>STARRETT BASSANI F4<\/td><td>1:26.547<\/td><td>+0.130<\/td><\/tr><tr><td>5<\/td><td>MURILO ROCHA<\/td><td>55<\/td><td>STARRETT BASSANI F4<\/td><td>1:26.610<\/td><td>+0.193<\/td><\/tr><tr><td>6<\/td><td>ETHAN NOBELS<\/td><td>12<\/td><td>CAVALEIRO SPORTS<\/td><td>1:26.694<\/td><td>+0.277<\/td><\/tr><tr><td>7<\/td><td>RENZO BARBUY<\/td><td>31<\/td><td>STARRETT BASSANI F4<\/td><td>1:26.800<\/td><td>+0.383<\/td><\/tr><tr><td>8<\/td><td>ALCEU FELDMANN NETO<\/td><td>95<\/td><td>CAVALEIRO SPORTS<\/td><td>1:26.827<\/td><td>+0.410<\/td><\/tr><tr><td>9<\/td><td>ENRICCO ABREU<\/td><td>29<\/td><td>CAVALEIRO SPORTS<\/td><td>1:26.844<\/td><td>+0.427<\/td><\/tr><tr><td>10<\/td><td>ROGERIO GROTTA<\/td><td>7<\/td><td>CAVALEIRO SPORTS<\/td><td>1:26.856<\/td><td>+0.439<\/td><\/tr><tr><td>11<\/td><td>MARCELO HAHN<\/td><td>0<\/td><td>TMG RACING<\/td><td>1:27.142<\/td><td>+0.725<\/td><\/tr><tr><td>12<\/td><td>CIRO SOBRAL<\/td><td>71<\/td><td>TMG RACING<\/td><td>1:27.192<\/td><td>+0.775<\/td><\/tr><tr><td>13<\/td><td>CHRISTIAN HELOU<\/td><td>33<\/td><td>STARRETT BASSANI F4<\/td><td>1:27.218<\/td><td>+0.801<\/td><\/tr><tr><td>14<\/td><td>CADI BAPTISTA<\/td><td>41<\/td><td>TMG RACING<\/td><td>1:27.265<\/td><td>+0.848<\/td><\/tr><tr><td>15<\/td><td>PIETRO MESQUITA<\/td><td>59<\/td><td>TMG RACING<\/td><td>1:27.349<\/td><td>+0.932<\/td><\/tr><\/tbody><\/table><\/figure>\n","protected":false},"excerpt":{"rendered":"<p>Filippo Fiorentino teve uma dura disputa contra Heitor Dall\u2019agnol e Pedro Lins, mas garantiu a pole para a etapa no Velocitta com a marca de 1min26s417<\/p>\n","protected":false},"author":0,"featured_media":1001016932,"comment_status":"closed","ping_status":"closed","sticky":false,"template":"","format":"standard","meta":{"42wp_featured_image_caption":"","42wp_featured_image_credits":"","42wp_featured_video":"","42wp_featured_image_hidden":false,"42wp_authors_list":[],"footnotes":""},"categories":[47],"tags":[],"42wp_author":[47149],"class_list":["post-16714","post","type-post","status-publish","format-standard","has-post-thumbnail","hentry","category-f4","42wp_author-bernardo-castro"],"_links":{"self":[{"href":"https:\/\/grandepremio.com\/br\/wp-json\/wp\/v2\/posts\/16714","targetHints":{"allow":["GET"]}}],"collection":[{"href":"https:\/\/grandepremio.com\/br\/wp-json\/wp\/v2\/posts"}],"about":[{"href":"https:\/\/grandepremio.com\/br\/wp-json\/wp\/v2\/types\/post"}],"replies":[{"embeddable":true,"href":"https:\/\/grandepremio.com\/br\/wp-json\/wp\/v2\/comments?post=16714"}],"version-history":[{"count":0,"href":"https:\/\/grandepremio.com\/br\/wp-json\/wp\/v2\/posts\/16714\/revisions"}],"wp:featuredmedia":[{"embeddable":true,"href":"https:\/\/grandepremio.com\/br\/wp-json\/wp\/v2\/media\/1001016932"}],"wp:attachment":[{"href":"https:\/\/grandepremio.com\/br\/wp-json\/wp\/v2\/media?parent=16714"}],"wp:term":[{"taxonomy":"category","embeddable":true,"href":"https:\/\/grandepremio.com\/br\/wp-json\/wp\/v2\/categories?post=16714"},{"taxonomy":"post_tag","embeddable":true,"href":"https:\/\/grandepremio.com\/br\/wp-json\/wp\/v2\/tags?post=16714"},{"taxonomy":"42wp_author","embeddable":true,"href":"https:\/\/grandepremio.com\/br\/wp-json\/wp\/v2\/42wp_author?post=16714"}],"curies":[{"name":"wp","href":"https:\/\/api.w.org\/{rel}","templated":true}]}}