{"id":16772,"date":"2025-10-02T12:58:48","date_gmt":"2025-10-02T15:58:48","guid":{"rendered":"https:\/\/grandepremio.com\/br\/noticias\/yuki-tsunoda-diz-compreensao-confianca-carro-red-bull-estao-cada-vez-melhores\/"},"modified":"2025-10-02T13:07:01","modified_gmt":"2025-10-02T16:07:01","slug":"yuki-tsunoda-diz-compreensao-confianca-carro-red-bull-estao-cada-vez-melhores","status":"publish","type":"post","link":"https:\/\/grandepremio.com\/br\/f1\/yuki-tsunoda-diz-compreensao-confianca-carro-red-bull-estao-cada-vez-melhores\/","title":{"rendered":"Tsunoda diz que compreens\u00e3o e confian\u00e7a em carro da Red Bull &#8220;est\u00e3o cada vez melhores&#8221;"},"content":{"rendered":"\n<p class=\"wp-block-paragraph\"><strong>Yuki Tsunoda<\/strong> tra\u00e7ou como meta para a reta final da temporada da <strong>F\u00f3rmula 1<\/strong> manter a evolu\u00e7\u00e3o que apresentou nas \u00faltimas corridas. O japon\u00eas da <strong>Red Bull<\/strong> destacou que est\u00e1 mais confiante e com melhor entendimento do RB21 e mira presen\u00e7as frequentes no Q3 e na zona de pontua\u00e7\u00e3o ap\u00f3s um campeonato marcado por erros e desempenhos abaixo da cr\u00edtica at\u00e9 aqui.<\/p>\n\n\n\n<p class=\"wp-block-paragraph\">Tsunoda avaliou que o segundo semestre tem sido mais consistente em compara\u00e7\u00e3o com a primeira metade do ano, o que o deixa otimista para o que ainda vem pela frente em 2025. Para ele, o progresso com o carro e o ganho de confian\u00e7a s\u00e3o fatores que devem ajud\u00e1-lo a transformar boas classifica\u00e7\u00f5es em resultados s\u00f3lidos.<\/p>\n\n\n\n<p class=\"wp-block-paragraph\">\u201cO que tenho de fazer \u00e9 bastante claro, mas mostrei isso em somente uma corrida at\u00e9 agora. Assim que cheguei para a segunda metade da temporada, senti que o Q3 estava ao alcance, os pontos tamb\u00e9m, ent\u00e3o, pelo menos, estou na dire\u00e7\u00e3o certa. Estou mostrando que consigo melhorar em rela\u00e7\u00e3o ao primeiro semestre\u201d, afirmou Tsunoda.<\/p>\n\n\n\n<p class=\"wp-block-paragraph\">Ap\u00f3s disputar as duas primeiras corridas da temporada pela <strong>Racing Bulls<\/strong>, Tsunoda foi promovido para o time principal a partir do <strong>GP do Jap\u00e3o<\/strong>, mas n\u00e3o atendeu \u00e0s expectativas. Chegou a emendar uma sequ\u00eancia de sete corridas seguidas sem pontuar \u2014 entre <strong>M\u00f4naco<\/strong> e <strong>Hungria<\/strong> \u2014, mas ficou no top-10 em duas das \u00faltimas tr\u00eas provas, incluindo o melhor resultado pela Red Bull com o sexto lugar no <strong>Azerbaij\u00e3o<\/strong>.<\/p>\n\n\n\n<figure class=\"wp-block-image size-large\"><img decoding=\"async\" src=\"https:\/\/www.grandepremio.com\/br\/wp-content\/uploads\/2025\/09\/azerbaijao-2025-f1-classificacao-red-bull-yuki-tsunoda-03-1200x800.jpg\" alt=\"\" class=\"wp-image-1014483\"\/><figcaption class=\"wp-element-caption\">Sexto lugar em Baku foi o melhor resultado de Yuki Tsunoda pela Red Bull (Foto: Red Bull Content Pool)<\/figcaption><\/figure>\n\n\n\n<p class=\"wp-block-paragraph\">O japon\u00eas ressaltou que os avan\u00e7os recentes s\u00e3o fruto do entendimento crescente sobre o carro e da confian\u00e7a acumulada ao longo do ano.<\/p>\n\n\n\n<p class=\"wp-block-paragraph\">\u201cVou seguir fazendo o que estou fazendo. Obviamente quero mais, mas acredito que isso vir\u00e1 com meus esfor\u00e7os e tamb\u00e9m com o quanto conseguir juntar todo os fatores. A confian\u00e7a e o entendimento sobre o carro est\u00e3o cada vez melhores, s\u00f3 preciso colocar tudo junto\u201d, completou.<\/p>\n\n\n\n<p class=\"wp-block-paragraph\">A&nbsp;<strong><a href=\"https:\/\/www.grandepremio.com\/br\/f1\/\" target=\"_blank\" rel=\"noreferrer noopener\"><\/a>F1<\/strong>&nbsp;retorna neste fim de semana, de 3 a 5 de outubro,&nbsp;no&nbsp;<strong>Circuito de<\/strong>&nbsp;<strong><a href=\"https:\/\/www.grandepremio.com\/br\/circuito\/marina-bay\/\" target=\"_blank\" rel=\"noreferrer noopener\">Marina Bay<\/a><\/strong>, palco do&nbsp;<strong>GP de Singapura<\/strong>. O&nbsp;<strong>GRANDE PR\u00caMIO<\/strong>&nbsp;acompanha todas as atividades da 18\u00aa etapa da temporada&nbsp;<strong><a href=\"https:\/\/www.grandepremio.com\/br\/f1\/ao-vivo\" target=\"_blank\" rel=\"noreferrer noopener\">AO VIVO E EM&nbsp;<\/a><a href=\"https:\/\/www.grandepremio.com\/br\/ao-vivo\/\" target=\"_blank\" rel=\"noreferrer noopener\">TEMPO REAL<\/a><\/strong>, al\u00e9m de classifica\u00e7\u00e3o e corrida em&nbsp;<strong><a href=\"https:\/\/www.youtube.com\/@GrandePremio1\/streams\" target=\"_blank\" rel=\"noreferrer noopener\">SEGUNDA TELA no YouTube<\/a><\/strong>, em parceria com a Voz do Esporte. O&nbsp;<strong>Briefing<\/strong>&nbsp;chega para analisar ap\u00f3s o fim de cada dia de atividades nas redes sociais e na GPTV.<\/p>\n\n\n\n<p class=\"wp-block-paragraph\"><strong>GP de Singapura de F1: veja os hor\u00e1rios em Brasil, Cabo Verde,&nbsp;<a href=\"https:\/\/grandepremio.pt\/\" target=\"_blank\" rel=\"noreferrer noopener\">Portugal<\/a>, Angola e Mo\u00e7ambique:<\/strong><\/p>\n\n\n\n<figure class=\"wp-block-table\"><table class=\"has-fixed-layout\"><tbody><tr><td><strong>Sess\u00e3o<\/strong><\/td><td><strong>BRA*<\/strong><\/td><td><strong>CBV<\/strong><\/td><td><strong>POR<\/strong><br><strong>ANG<\/strong><\/td><td><strong>MOZ<\/strong><\/td><\/tr><tr><td>Treino livre 1<\/td><td>06:30<\/td><td>08:30<\/td><td>10:30<\/td><td>11:30<\/td><\/tr><tr><td>Treino livre 2<\/td><td>10:00<\/td><td>12:00<\/td><td>14:00<\/td><td>15:00<\/td><\/tr><tr><td>Treino livre 3<\/td><td>06:30<\/td><td>08:30<\/td><td>10:30<\/td><td>11:30<\/td><\/tr><tr><td>Classifica\u00e7\u00e3o<\/td><td>10:00<\/td><td>12:00<\/td><td>14:00<\/td><td>15:00<\/td><\/tr><tr><td>Corrida<\/td><td>9:00<\/td><td>11:00<\/td><td>13:00<\/td><td>14:00<\/td><\/tr><\/tbody><\/table><\/figure>\n\n\n\n<p class=\"wp-block-paragraph\"><em>*Hor\u00e1rios de Bras\u00edlia<\/em><\/p>\n\n\n\n<p class=\"wp-block-paragraph\"><strong>\u25b6\ufe0f<\/strong>&nbsp;<strong>Inscreva-se nos dois canais do GRANDE PR\u00caMIO no YouTube:&nbsp;<a href=\"https:\/\/www.youtube.com\/channel\/UC9OlHEgxoaY6QY6nWPoiqQg?sub_confirmation=1\" target=\"_blank\" rel=\"noreferrer noopener\">GP<\/a>&nbsp;|&nbsp;<a href=\"https:\/\/www.youtube.com\/channel\/UC9csiS6q_C3C0FYhyr1rnFA?sub_confirmation=1\" target=\"_blank\" rel=\"noreferrer noopener\">GP2<\/a><\/strong><\/p>\n\n\n\n<figure class=\"wp-block-embed is-type-video is-provider-youtube wp-block-embed-youtube wp-embed-aspect-16-9 wp-has-aspect-ratio\"><div class=\"wp-block-embed__wrapper\">\n<iframe loading=\"lazy\" title=\"RED BULL FLERTA COM ALBON. SER\u00c1? E VAI TER BRASILEIRO NA CADILLAC, SIM! | TTGP #199\" width=\"500\" height=\"281\" src=\"https:\/\/www.youtube.com\/embed\/6u7Chr6GfPg?feature=oembed\" frameborder=\"0\" allow=\"accelerometer; autoplay; clipboard-write; encrypted-media; gyroscope; picture-in-picture; web-share\" referrerpolicy=\"strict-origin-when-cross-origin\" allowfullscreen><\/iframe>\n<\/div><\/figure>\n","protected":false},"excerpt":{"rendered":"<p>Yuki Tsunoda destacou melhor entendimento do carro da Red Bull e disse ver melhora no segundo semestre, mas que ainda busca consist\u00eancia para emendar bons resultados<\/p>\n","protected":false},"author":0,"featured_media":1001015110,"comment_status":"closed","ping_status":"closed","sticky":false,"template":"","format":"standard","meta":{"42wp_featured_image_caption":"","42wp_featured_image_credits":"","42wp_featured_video":"","42wp_featured_image_hidden":false,"42wp_authors_list":[],"footnotes":""},"categories":[2],"tags":[26271,5273,147,3630,180,3628,1491,28285,30840,3395,44782,32504,35129,38179,204,3073,44780,3427,42001,597],"42wp_author":[47164],"class_list":["post-16772","post","type-post","status-publish","format-standard","has-post-thumbnail","hentry","category-f1","tag-calendario-f1","tag-classificacao-f1","tag-f1","tag-f1-2025","tag-formula-1","tag-formula-1-2025","tag-grande-premio","tag-grandepremio","tag-horarios-f1","tag-marina-bay","tag-marina-bay-2025","tag-marina-bay-f1","tag-onde-assistir-f1","tag-racing-bulls","tag-red-bull","tag-singapura","tag-singapura-2025","tag-singapura-f1","tag-temporada-2025-f1","tag-yuki-tsunoda","42wp_author-marcos-gil-ribeiro"],"_links":{"self":[{"href":"https:\/\/grandepremio.com\/br\/wp-json\/wp\/v2\/posts\/16772","targetHints":{"allow":["GET"]}}],"collection":[{"href":"https:\/\/grandepremio.com\/br\/wp-json\/wp\/v2\/posts"}],"about":[{"href":"https:\/\/grandepremio.com\/br\/wp-json\/wp\/v2\/types\/post"}],"replies":[{"embeddable":true,"href":"https:\/\/grandepremio.com\/br\/wp-json\/wp\/v2\/comments?post=16772"}],"version-history":[{"count":0,"href":"https:\/\/grandepremio.com\/br\/wp-json\/wp\/v2\/posts\/16772\/revisions"}],"wp:featuredmedia":[{"embeddable":true,"href":"https:\/\/grandepremio.com\/br\/wp-json\/wp\/v2\/media\/1001015110"}],"wp:attachment":[{"href":"https:\/\/grandepremio.com\/br\/wp-json\/wp\/v2\/media?parent=16772"}],"wp:term":[{"taxonomy":"category","embeddable":true,"href":"https:\/\/grandepremio.com\/br\/wp-json\/wp\/v2\/categories?post=16772"},{"taxonomy":"post_tag","embeddable":true,"href":"https:\/\/grandepremio.com\/br\/wp-json\/wp\/v2\/tags?post=16772"},{"taxonomy":"42wp_author","embeddable":true,"href":"https:\/\/grandepremio.com\/br\/wp-json\/wp\/v2\/42wp_author?post=16772"}],"curies":[{"name":"wp","href":"https:\/\/api.w.org\/{rel}","templated":true}]}}