{"id":16776,"date":"2025-10-02T12:02:12","date_gmt":"2025-10-02T15:02:12","guid":{"rendered":"https:\/\/grandepremio.com\/br\/noticias\/haas-revela-abordagem-christian-horner-desvia-acordo-nada-alem-conversa\/"},"modified":"2025-10-02T13:07:42","modified_gmt":"2025-10-02T16:07:42","slug":"haas-revela-abordagem-christian-horner-desvia-acordo-nada-alem-conversa","status":"publish","type":"post","link":"https:\/\/grandepremio.com\/br\/f1\/haas-revela-abordagem-christian-horner-desvia-acordo-nada-alem-conversa\/","title":{"rendered":"Haas revela abordagem de Horner, mas desvia de acordo: &#8220;Nada al\u00e9m de conversa&#8221;"},"content":{"rendered":"\n<p class=\"wp-block-paragraph\"><strong>Ayao Komatsu<\/strong> confirmou nesta quinta-feira (2), em <strong>Singapura<\/strong>, que a <strong>Haas<\/strong> chegou a ser procurada por <strong>Christian Horner<\/strong> para discutir uma poss\u00edvel fun\u00e7\u00e3o dentro da equipe. O chefe do time americano, no entanto, esclareceu que as conversas n\u00e3o tiveram continuidade e foram rapidamente descartadas.<\/p>\n\n\n\n<p class=\"wp-block-paragraph\">A especula\u00e7\u00e3o havia ganhado for\u00e7a na \u00faltima semana, <a href=\"https:\/\/www.grandepremio.com\/br\/f1\/noticias\/christian-horner-faz-acordo-multimilionario-encerra-vinculo-20-anos-red-bull-f1\/\">ap\u00f3s a rescis\u00e3o oficial de Horner com a Red Bull<\/a>. Com o acordo entre as partes permitindo que o brit\u00e2nico retorne \u00e0 <strong>F\u00f3rmula 1<\/strong> j\u00e1 a partir do in\u00edcio de 2026, cresceram rumores de que poderia assumir um cargo de alto escal\u00e3o \u2014 at\u00e9 mesmo como CEO \u2014 em uma escuderia de meio de pelot\u00e3o.<\/p>\n\n\n\n<p class=\"wp-block-paragraph\">Komatsu admitiu que um representante da Haas se reuniu de forma inicial com o ex-chefe da Red Bull, mas refor\u00e7ou que n\u00e3o houve nenhuma perspectiva real de acordo.<\/p>\n\n\n\n<p class=\"wp-block-paragraph\">\u201c\u00c9 verdade que Horner nos procurou e um dos nossos membros teve uma conversa explorat\u00f3ria, digamos assim. Mas foi s\u00f3 isso. Nada vai al\u00e9m disso. N\u00e3o tenho mais nada a dizer sobre o assunto\u201d, afirmou o japon\u00eas.<\/p>\n\n\n\n<figure class=\"wp-block-image size-large\"><img decoding=\"async\" src=\"https:\/\/www.grandepremio.com\/br\/wp-content\/uploads\/2024\/03\/bahrain-2024-corrida-haas-ayao-komatsu-01-1024x682.jpg\" alt=\"\" class=\"wp-image-783280\"\/><figcaption class=\"wp-element-caption\">Ayao Komatsu rejeitou chance de acordo entre Haas e Christian Horner (Foto: Haas)<\/figcaption><\/figure>\n\n\n\n<p class=\"wp-block-paragraph\">Segundo o portal <em>The Race<\/em>, apesar do interesse em voltar ao grid, a inten\u00e7\u00e3o de Horner \u00e9 assumir uma posi\u00e7\u00e3o de maior controle em uma equipe, at\u00e9 mesmo como acionista \u2014 algo que n\u00e3o se encaixa na atual estrutura da Haas. <strong>Gene Haas<\/strong>, dono da escuderia, nunca demonstrou disposi\u00e7\u00e3o em vender parte ou totalidade de sua participa\u00e7\u00e3o, mesmo diante de sondagens feitas ao longo dos anos.<\/p>\n\n\n\n<p class=\"wp-block-paragraph\">Sem espa\u00e7o na Haas, as op\u00e7\u00f5es mais vi\u00e1veis para o futuro de Horner no grid atual s\u00e3o <strong>Alpine<\/strong> ou <strong>Aston Martin<\/strong>. Outra possibilidade mencionada \u00e9 a de auxiliar na cria\u00e7\u00e3o de uma 12\u00aa equipe na F1, em parceria com investidores privados.<\/p>\n\n\n\n<p class=\"wp-block-paragraph\">A&nbsp;<strong><a href=\"https:\/\/www.grandepremio.com\/br\/f1\/\" target=\"_blank\" rel=\"noreferrer noopener\"><\/a>F1<\/strong>&nbsp;retorna neste fim de semana, de 3 a 5 de outubro,&nbsp;no&nbsp;<strong>Circuito de<\/strong>&nbsp;<strong><a href=\"https:\/\/www.grandepremio.com\/br\/circuito\/marina-bay\/\" target=\"_blank\" rel=\"noreferrer noopener\">Marina Bay<\/a><\/strong>, palco do&nbsp;<strong>GP de Singapura<\/strong>. O&nbsp;<strong>GRANDE PR\u00caMIO<\/strong>&nbsp;acompanha todas as atividades da 18\u00aa etapa da temporada&nbsp;<strong><a href=\"https:\/\/www.grandepremio.com\/br\/f1\/ao-vivo\" target=\"_blank\" rel=\"noreferrer noopener\">AO VIVO E EM&nbsp;<\/a><a href=\"https:\/\/www.grandepremio.com\/br\/ao-vivo\/\" target=\"_blank\" rel=\"noreferrer noopener\">TEMPO REAL<\/a><\/strong>, al\u00e9m de classifica\u00e7\u00e3o e corrida em&nbsp;<strong><a href=\"https:\/\/www.youtube.com\/@GrandePremio1\/streams\" target=\"_blank\" rel=\"noreferrer noopener\">SEGUNDA TELA no YouTube<\/a><\/strong>, em parceria com a Voz do Esporte. O&nbsp;<strong>Briefing<\/strong>&nbsp;chega para analisar ap\u00f3s o fim de cada dia de atividades nas redes sociais e na GPTV.<\/p>\n\n\n\n<p class=\"wp-block-paragraph\"><strong>GP de Singapura de F1: veja os hor\u00e1rios em Brasil, Cabo Verde,&nbsp;<a href=\"https:\/\/grandepremio.pt\/\" target=\"_blank\" rel=\"noreferrer noopener\">Portugal<\/a>, Angola e Mo\u00e7ambique:<\/strong><\/p>\n\n\n\n<figure class=\"wp-block-table\"><table class=\"has-fixed-layout\"><tbody><tr><td><strong>Sess\u00e3o<\/strong><\/td><td><strong>BRA*<\/strong><\/td><td><strong>CBV<\/strong><\/td><td><strong>POR<\/strong><br><strong>ANG<\/strong><\/td><td><strong>MOZ<\/strong><\/td><\/tr><tr><td>Treino livre 1<\/td><td>06:30<\/td><td>08:30<\/td><td>10:30<\/td><td>11:30<\/td><\/tr><tr><td>Treino livre 2<\/td><td>10:00<\/td><td>12:00<\/td><td>14:00<\/td><td>15:00<\/td><\/tr><tr><td>Treino livre 3<\/td><td>06:30<\/td><td>08:30<\/td><td>10:30<\/td><td>11:30<\/td><\/tr><tr><td>Classifica\u00e7\u00e3o<\/td><td>10:00<\/td><td>12:00<\/td><td>14:00<\/td><td>15:00<\/td><\/tr><tr><td>Corrida<\/td><td>9:00<\/td><td>11:00<\/td><td>13:00<\/td><td>14:00<\/td><\/tr><\/tbody><\/table><\/figure>\n\n\n\n<p class=\"wp-block-paragraph\"><em>*Hor\u00e1rios de Bras\u00edlia<\/em><\/p>\n\n\n\n<p class=\"wp-block-paragraph\"><strong>\u25b6\ufe0f<\/strong>&nbsp;<strong>Inscreva-se nos dois canais do GRANDE PR\u00caMIO no YouTube:&nbsp;<a href=\"https:\/\/www.youtube.com\/channel\/UC9OlHEgxoaY6QY6nWPoiqQg?sub_confirmation=1\" target=\"_blank\" rel=\"noreferrer noopener\">GP<\/a>&nbsp;|&nbsp;<a href=\"https:\/\/www.youtube.com\/channel\/UC9csiS6q_C3C0FYhyr1rnFA?sub_confirmation=1\" target=\"_blank\" rel=\"noreferrer noopener\">GP2<\/a><\/strong><\/p>\n\n\n\n<figure class=\"wp-block-embed is-type-video is-provider-youtube wp-block-embed-youtube wp-embed-aspect-16-9 wp-has-aspect-ratio\"><div class=\"wp-block-embed__wrapper\">\n<iframe loading=\"lazy\" title=\"RED BULL FLERTA COM ALBON. SER\u00c1? E VAI TER BRASILEIRO NA CADILLAC, SIM! | TTGP #199\" width=\"500\" height=\"281\" src=\"https:\/\/www.youtube.com\/embed\/6u7Chr6GfPg?feature=oembed\" frameborder=\"0\" allow=\"accelerometer; autoplay; clipboard-write; encrypted-media; gyroscope; picture-in-picture; web-share\" referrerpolicy=\"strict-origin-when-cross-origin\" allowfullscreen><\/iframe>\n<\/div><\/figure>\n","protected":false},"excerpt":{"rendered":"<p>Chefe da Haas, Ayao Komatsu confirmou conversa com Christian Horner sobre uma participa\u00e7\u00e3o na equipe, mas destacou que n\u00e3o h\u00e1 qualquer perspectiva de parceria para o futuro<\/p>\n","protected":false},"author":0,"featured_media":1000989863,"comment_status":"closed","ping_status":"closed","sticky":false,"template":"","format":"standard","meta":{"42wp_featured_image_caption":"","42wp_featured_image_credits":"","42wp_featured_video":"","42wp_featured_image_hidden":false,"42wp_authors_list":[],"footnotes":""},"categories":[2],"tags":[20491,309,7499,26271,655,5273,147,3630,180,3628,1491,28285,119,30840,3395,44782,32504,35129,204,3073,44780,3427,42001],"42wp_author":[47164],"class_list":["post-16776","post","type-post","status-publish","format-standard","has-post-thumbnail","hentry","category-f1","tag-alpine","tag-aston-martin","tag-ayao-komatsu","tag-calendario-f1","tag-christian-horner","tag-classificacao-f1","tag-f1","tag-f1-2025","tag-formula-1","tag-formula-1-2025","tag-grande-premio","tag-grandepremio","tag-haas","tag-horarios-f1","tag-marina-bay","tag-marina-bay-2025","tag-marina-bay-f1","tag-onde-assistir-f1","tag-red-bull","tag-singapura","tag-singapura-2025","tag-singapura-f1","tag-temporada-2025-f1","42wp_author-marcos-gil-ribeiro"],"_links":{"self":[{"href":"https:\/\/grandepremio.com\/br\/wp-json\/wp\/v2\/posts\/16776","targetHints":{"allow":["GET"]}}],"collection":[{"href":"https:\/\/grandepremio.com\/br\/wp-json\/wp\/v2\/posts"}],"about":[{"href":"https:\/\/grandepremio.com\/br\/wp-json\/wp\/v2\/types\/post"}],"replies":[{"embeddable":true,"href":"https:\/\/grandepremio.com\/br\/wp-json\/wp\/v2\/comments?post=16776"}],"version-history":[{"count":0,"href":"https:\/\/grandepremio.com\/br\/wp-json\/wp\/v2\/posts\/16776\/revisions"}],"wp:featuredmedia":[{"embeddable":true,"href":"https:\/\/grandepremio.com\/br\/wp-json\/wp\/v2\/media\/1000989863"}],"wp:attachment":[{"href":"https:\/\/grandepremio.com\/br\/wp-json\/wp\/v2\/media?parent=16776"}],"wp:term":[{"taxonomy":"category","embeddable":true,"href":"https:\/\/grandepremio.com\/br\/wp-json\/wp\/v2\/categories?post=16776"},{"taxonomy":"post_tag","embeddable":true,"href":"https:\/\/grandepremio.com\/br\/wp-json\/wp\/v2\/tags?post=16776"},{"taxonomy":"42wp_author","embeddable":true,"href":"https:\/\/grandepremio.com\/br\/wp-json\/wp\/v2\/42wp_author?post=16776"}],"curies":[{"name":"wp","href":"https:\/\/api.w.org\/{rel}","templated":true}]}}