{"id":16826,"date":"2025-10-01T04:45:00","date_gmt":"2025-10-01T07:45:00","guid":{"rendered":"https:\/\/grandepremio.com\/br\/noticias\/felipe-drugovich-abre-portas-para-reserva-f1-desde-que-nao-atrapalhe-formula-e\/"},"modified":"2025-10-01T10:46:48","modified_gmt":"2025-10-01T13:46:48","slug":"felipe-drugovich-abre-portas-para-reserva-f1-desde-que-nao-atrapalhe-formula-e","status":"publish","type":"post","link":"https:\/\/grandepremio.com\/br\/f1\/felipe-drugovich-abre-portas-para-reserva-f1-desde-que-nao-atrapalhe-formula-e\/","title":{"rendered":"Drugovich abre porta para reserva na F1 &#8220;desde que n\u00e3o atrapalhe F\u00f3rmula E&#8221;"},"content":{"rendered":"\n<p class=\"wp-block-paragraph\"><strong>Felipe Drugovich<\/strong> vai competir na pr\u00f3xima temporada da <strong>F\u00f3rmula E <\/strong>pela <strong>Andretti<\/strong>. Como ainda n\u00e3o sabe se vai continuar como piloto reserva da <strong>Aston Martin<\/strong> no ano que vem, o brasileiro ressaltou que o foco ser\u00e1 100% na categoria el\u00e9trica. No entanto, ele n\u00e3o descartou uma chance de ser reserva da <strong>Cadillac<\/strong>, desde que n\u00e3o atrapalhe os compromissos na F-E.<\/p>\n\n\n\n<p class=\"wp-block-paragraph\">Depois de conquistar o t\u00edtulo da <strong>F\u00f3rmula 2,<\/strong> em 2022, o brasileiro se tornou reserva da Aston Martin e participou de diversas atividades com a equipe brit\u00e2nica ao longo dos \u00faltimos anos, embora a t\u00e3o sonhada oportunidade de figurar como um dos protagonistas do grid nunca tenha aparecido. Desta forma, decidiu adquirir experi\u00eancia em outros lugares e se aventurou em corridas de endurance, como as <strong>24 Horas de Le Mans<\/strong> e o <strong>IMSA SportsCar<\/strong>, por exemplo, al\u00e9m de um teste na <strong>Indy<\/strong> com a <strong>Ganassi<\/strong>.<\/p>\n\n\n\n<p class=\"wp-block-paragraph\">Ap\u00f3s testar com a <strong>Maserati<\/strong> em 2023 e em 2024, Drugovich enfim teve a chance de pilotar em um fim de semana de corrida na F\u00f3rmula E, em julho deste ano, quando substituiu <strong>Nyck de Vries<\/strong> na <strong>Mahindra<\/strong>, pois o neerland\u00eas precisou defender a <strong>Toyota<\/strong> nas <strong>6 Horas de S\u00e3o Paulo<\/strong> do <strong>Mundial de Endurance (WEC)<\/strong>. Em um cen\u00e1rio totalmente desafiador devido \u00e0s condi\u00e7\u00f5es clim\u00e1ticas, Felipe se destacou ao terminar a corrida 2 daquela etapa na s\u00e9tima posi\u00e7\u00e3o \u2014 o suficiente para coloc\u00e1-lo na zona de pontos.<\/p>\n\n\n\n<p class=\"wp-block-paragraph\">Questionado sobre como seriam os compromissos com a<strong> F\u00f3rmula 1<\/strong> daqui em diante, j\u00e1 que assinou com a Andretti para disputar a temporada completa da F-E, o paranaense respondeu: &#8220;Para ser sincero, n\u00e3o sei. Isso \u00e9 algo que n\u00e3o \u00e9 decidido t\u00e3o cedo quanto uma vaga em tempo integral\u201d, afirmou.<\/p>\n\n\n\n<figure class=\"wp-block-image size-large\"><img decoding=\"async\" src=\"https:\/\/www.grandepremio.com\/br\/wp-content\/uploads\/2025\/08\/2209040069-1200x800.jpg\" alt=\"\" class=\"wp-image-1002286\"\/><figcaption class=\"wp-element-caption\">Felipe Drugovich ainda n\u00e3o sabe se vai continuar como piloto reserva da Aston Martin em 2026 (Foto: Aston Martin)<\/figcaption><\/figure>\n\n\n\n<p class=\"wp-block-paragraph\">\u201cEnt\u00e3o, acho que preciso esperar um pouco at\u00e9 o final do ano \u2014 ver o que vai acontecer com os outros pilotos tamb\u00e9m, se faz sentido para mim ou n\u00e3o, e se vou me comprometer com outra categoria, al\u00e9m da F\u00f3rmula E. \u00c9 algo em que ainda n\u00e3o pensei muito. Obviamente, existem algumas oportunidades aqui e ali\u201d, salientou.<\/p>\n\n\n\n<p class=\"wp-block-paragraph\">\u201cO foco est\u00e1 totalmente na F\u00f3rmula E neste momento, e quero fazer isto bem, por isso, o que quero dizer com \u2018se faz sentido para mim ou n\u00e3o\u2019 \u00e9, na verdade: vai tirar o foco da F-E ou n\u00e3o? E \u00e9 isso que preciso ponderar\u201d, ressaltou.<\/p>\n\n\n\n<p class=\"wp-block-paragraph\">A Aston Martin ainda n\u00e3o definiu quem ser\u00e3o os pilotos reservas na temporada 2026. Ao <strong>GRANDE PR\u00caMIO<\/strong>, Drugovich disse que tem contrato com o time de <strong>Silverstone<\/strong> at\u00e9 o final de 2025 e que <a href=\"https:\/\/www.grandepremio.com\/br\/formula-e\/noticias\/felipe-drugovich-ve-f1-pagina-virada-diz-chance-formula-e-veio-hora-certa\/\">ele e a equipe ainda n\u00e3o tomaram uma decis\u00e3o sobre uma poss\u00edvel extens\u00e3o<\/a>.<\/p>\n\n\n\n<p class=\"wp-block-paragraph\">Felipe tamb\u00e9m era um dos cotados para assumir uma das vagas na Cadillac, mas a equipe estadunidense optou pela experi\u00eancia de <strong>Sergio P\u00e9rez<\/strong> e <strong>Valtteri Bottas<\/strong>. <strong>Colton Herta<\/strong> foi contratado como piloto de testes e n\u00e3o poder\u00e1 exercer a fun\u00e7\u00e3o de reserva, j\u00e1 que n\u00e3o tem a pontua\u00e7\u00e3o necess\u00e1ria na superlicen\u00e7a. <strong>Graeme Lowdon<\/strong>, chefe do time, falou que <a href=\"https:\/\/www.grandepremio.com\/br\/f1\/noticias\/cadillac-diz-colton-herta-foi-escolhido-merito-reforca-busca-por-piloto-reserva\/\">ainda n\u00e3o come\u00e7ou a busca para preencher o cargo de reserva<\/a>.<\/p>\n\n\n\n<figure class=\"wp-block-image size-large\"><img decoding=\"async\" src=\"https:\/\/www.grandepremio.com\/br\/wp-content\/uploads\/2025\/09\/036A1306_QwaLOf2X_20250713074100-2048x2048-1-1200x800.jpg\" alt=\"\" class=\"wp-image-1011741\"\/><figcaption class=\"wp-element-caption\">Felipe Drugovich reiterou compromisso com F\u00f3rmula E (Foto: F\u00f3rmula E)<\/figcaption><\/figure>\n\n\n\n<p class=\"wp-block-paragraph\">Questionado se estaria disposto a deixar a Aston Martin para se juntar \u00e0 Cadillac, o brasileiro desconversou. \u201cDepende do que me for proposto, das cl\u00e1usulas e de como as coisas v\u00e3o se desenrolar\u201d, declarou.<\/p>\n\n\n\n<p class=\"wp-block-paragraph\">\u201cN\u00e3o quero que nada tenha uma influ\u00eancia negativa no meu campeonato do pr\u00f3ximo ano\u201d, enfatizou.<\/p>\n\n\n\n<p class=\"wp-block-paragraph\">\u201cPortanto, se for algo que fa\u00e7a sentido para mim, que seja bom, saud\u00e1vel e que todos estejam felizes com isso, ent\u00e3o talvez sim. Mas, no momento, acho que ningu\u00e9m sequer pensou nisso ainda\u201d, encerrou o piloto de 25 anos.<\/p>\n\n\n\n<p class=\"wp-block-paragraph\">A&nbsp;<strong><a href=\"https:\/\/www.grandepremio.com\/br\/f1\/\" target=\"_blank\" rel=\"noreferrer noopener\"><\/a>F1<\/strong>&nbsp;retorna neste fim de semana, de 3 a 5 de outubro,&nbsp;no&nbsp;<strong>Circuito de<\/strong>&nbsp;<strong><a href=\"https:\/\/www.grandepremio.com\/br\/circuito\/marina-bay\/\" target=\"_blank\" rel=\"noreferrer noopener\">Marina Bay<\/a><\/strong>, palco do&nbsp;<strong>GP de Singapura<\/strong>. O&nbsp;<strong>GRANDE PR\u00caMIO<\/strong>&nbsp;acompanha todas as atividades da 18\u00aa etapa da temporada&nbsp;<strong><a href=\"https:\/\/www.grandepremio.com\/br\/f1\/ao-vivo\" target=\"_blank\" rel=\"noreferrer noopener\">AO VIVO E EM&nbsp;<\/a><a href=\"https:\/\/www.grandepremio.com\/br\/ao-vivo\/\" target=\"_blank\" rel=\"noreferrer noopener\">TEMPO REAL<\/a><\/strong>, al\u00e9m de classifica\u00e7\u00e3o e corrida em&nbsp;<strong><a href=\"https:\/\/www.youtube.com\/@GrandePremio1\/streams\" target=\"_blank\" rel=\"noreferrer noopener\">SEGUNDA TELA no YouTube<\/a><\/strong>, em parceria com a Voz do Esporte. O&nbsp;<strong>Briefing<\/strong>&nbsp;chega para analisar ap\u00f3s o fim de cada dia de atividades nas redes sociais e na GPTV.<\/p>\n\n\n\n<p class=\"wp-block-paragraph\"><strong>GP de Singapura de F1: veja os hor\u00e1rios em Brasil, Cabo Verde,&nbsp;<a href=\"https:\/\/grandepremio.pt\/\" target=\"_blank\" rel=\"noreferrer noopener\">Portugal<\/a>, Angola e Mo\u00e7ambique:<\/strong><\/p>\n\n\n\n<figure class=\"wp-block-table\"><table class=\"has-fixed-layout\"><tbody><tr><td><strong>Sess\u00e3o<\/strong><\/td><td><strong>BRA*<\/strong><\/td><td><strong>CBV<\/strong><\/td><td><strong>POR<\/strong><br><strong>ANG<\/strong><\/td><td><strong>MOZ<\/strong><\/td><\/tr><tr><td>Treino livre 1<\/td><td>06:30<\/td><td>08:30<\/td><td>10:30<\/td><td>11:30<\/td><\/tr><tr><td>Treino livre 2<\/td><td>10:00<\/td><td>12:00<\/td><td>14:00<\/td><td>15:00<\/td><\/tr><tr><td>Treino livre 3<\/td><td>06:30<\/td><td>08:30<\/td><td>10:30<\/td><td>11:30<\/td><\/tr><tr><td>Classifica\u00e7\u00e3o<\/td><td>10:00<\/td><td>12:00<\/td><td>14:00<\/td><td>15:00<\/td><\/tr><tr><td>Corrida<\/td><td>9:00<\/td><td>11:00<\/td><td>13:00<\/td><td>14:00<\/td><\/tr><\/tbody><\/table><\/figure>\n\n\n\n<p class=\"wp-block-paragraph\"><strong>\u25b6\ufe0f<\/strong>&nbsp;<strong>Inscreva-se nos dois canais do GRANDE PR\u00caMIO no YouTube:&nbsp;<a href=\"https:\/\/www.youtube.com\/channel\/UC9OlHEgxoaY6QY6nWPoiqQg?sub_confirmation=1\" target=\"_blank\" rel=\"noreferrer noopener\">GP<\/a>&nbsp;|&nbsp;<a href=\"https:\/\/www.youtube.com\/channel\/UC9csiS6q_C3C0FYhyr1rnFA?sub_confirmation=1\" target=\"_blank\" rel=\"noreferrer noopener\">GP2<\/a><\/strong><\/p>\n\n\n\n<figure class=\"wp-block-embed is-type-video is-provider-youtube wp-block-embed-youtube wp-embed-aspect-16-9 wp-has-aspect-ratio\"><div class=\"wp-block-embed__wrapper\">\n<iframe loading=\"lazy\" title=\"VERSTAPPEN VENCE NO GT3: MAIS PRESS\u00c3O EM PIASTRI E NORRIS? | Paddock GP #434 [grande premio]\" width=\"500\" height=\"281\" src=\"https:\/\/www.youtube.com\/embed\/mxbuyiNNbbY?feature=oembed\" frameborder=\"0\" allow=\"accelerometer; autoplay; clipboard-write; encrypted-media; gyroscope; picture-in-picture; web-share\" referrerpolicy=\"strict-origin-when-cross-origin\" allowfullscreen><\/iframe>\n<\/div><\/figure>\n","protected":false},"excerpt":{"rendered":"<p>Felipe Drugovich refor\u00e7ou que estar\u00e1 totalmente focado na pr\u00f3xima temporada da F\u00f3rmula E e que ainda n\u00e3o definiu o futuro com a Aston Martin. O brasileiro, no entanto, n\u00e3o descartou ser piloto reserva da Cadillac, desde que n\u00e3o atrapalhe a carreira na categoria el\u00e9trica<\/p>\n","protected":false},"author":0,"featured_media":1001015772,"comment_status":"closed","ping_status":"closed","sticky":false,"template":"","format":"standard","meta":{"42wp_featured_image_caption":"","42wp_featured_image_credits":"","42wp_featured_video":"","42wp_featured_image_hidden":false,"42wp_authors_list":[],"footnotes":""},"categories":[2],"tags":[27776,34186,27487,309,729,39086,41965,5660,8235,41950,969,3775,147,3630,642,11958,160,41966,1024,180,3628,840,350,1491,30103,28285],"42wp_author":[47163],"class_list":["post-16826","post","type-post","status-publish","format-standard","has-post-thumbnail","hentry","category-f1","tag-assistir-f1-ao-vivo","tag-assistir-f1-gratis","tag-assistir-f1-online","tag-aston-martin","tag-cadillac","tag-calendario-f1-2025","tag-calendario-f1-2025-horarios","tag-classificacao","tag-classificacao-da-f1","tag-classificacao-f1-2025","tag-corrida","tag-f-e","tag-f1","tag-f1-2025","tag-f1-ao-vivo","tag-f1-live","tag-f1-tv","tag-f1-tv-2025","tag-felipe-drugovich","tag-formula-1","tag-formula-1-2025","tag-formula-e","tag-gabriel-bortoleto","tag-grande-premio","tag-grande-premio-f1","tag-grandepremio","42wp_author-caio-cavalcante"],"_links":{"self":[{"href":"https:\/\/grandepremio.com\/br\/wp-json\/wp\/v2\/posts\/16826","targetHints":{"allow":["GET"]}}],"collection":[{"href":"https:\/\/grandepremio.com\/br\/wp-json\/wp\/v2\/posts"}],"about":[{"href":"https:\/\/grandepremio.com\/br\/wp-json\/wp\/v2\/types\/post"}],"replies":[{"embeddable":true,"href":"https:\/\/grandepremio.com\/br\/wp-json\/wp\/v2\/comments?post=16826"}],"version-history":[{"count":0,"href":"https:\/\/grandepremio.com\/br\/wp-json\/wp\/v2\/posts\/16826\/revisions"}],"wp:featuredmedia":[{"embeddable":true,"href":"https:\/\/grandepremio.com\/br\/wp-json\/wp\/v2\/media\/1001015772"}],"wp:attachment":[{"href":"https:\/\/grandepremio.com\/br\/wp-json\/wp\/v2\/media?parent=16826"}],"wp:term":[{"taxonomy":"category","embeddable":true,"href":"https:\/\/grandepremio.com\/br\/wp-json\/wp\/v2\/categories?post=16826"},{"taxonomy":"post_tag","embeddable":true,"href":"https:\/\/grandepremio.com\/br\/wp-json\/wp\/v2\/tags?post=16826"},{"taxonomy":"42wp_author","embeddable":true,"href":"https:\/\/grandepremio.com\/br\/wp-json\/wp\/v2\/42wp_author?post=16826"}],"curies":[{"name":"wp","href":"https:\/\/api.w.org\/{rel}","templated":true}]}}