{"id":16904,"date":"2025-09-29T04:15:00","date_gmt":"2025-09-29T07:15:00","guid":{"rendered":"https:\/\/grandepremio.com\/br\/noticias\/marc-marquez-recorda-lesoes-expoe-emocoes-titulo-nao-sabia-que-era-sofrer\/"},"modified":"2025-09-28T06:44:09","modified_gmt":"2025-09-28T09:44:09","slug":"marc-marquez-recorda-lesoes-expoe-emocoes-titulo-nao-sabia-que-era-sofrer","status":"publish","type":"post","link":"https:\/\/grandepremio.com\/br\/motogp\/marc-marquez-recorda-lesoes-expoe-emocoes-titulo-nao-sabia-que-era-sofrer\/","title":{"rendered":"Marc M\u00e1rquez recorda les\u00f5es e exp\u00f5e emo\u00e7\u00f5es ap\u00f3s t\u00edtulo: &#8220;N\u00e3o sabia o que era sofrer&#8221;"},"content":{"rendered":"\n<p class=\"wp-block-paragraph\"><strong>Marc M\u00e1rquez<\/strong> admitiu que n\u00e3o conseguiu conter o choro dentro de seu capacete pelo t\u00edtulo da <strong>MotoGP<\/strong>, o s\u00e9timo na categoria e o nono mundial, veio bem <a href=\"https:\/\/www.grandepremio.com\/br\/motogp\/noticias\/marc-marquez-atesta-renascimento-fecha-hepta-motogp-japao-francesco-bagnaia-vence\">antes de cruzar a linha de chegada em segundo<\/a> no GP do <strong>Jap\u00e3o <\/strong>deste domingo (28).<\/p>\n\n\n\n<p class=\"wp-block-paragraph\">&#8220;Hoje n\u00e3o consegui controlar as emo\u00e7\u00f5es, era dif\u00edcil at\u00e9 ver os pontos de freio&#8221;, falou na coletiva ap\u00f3s a conclus\u00e3o da etapa em <strong>Motegi<\/strong>. A trajet\u00f3ria de Marc na categoria \u00e9 mete\u00f3rica entre 2010 e 2019 com a <strong>Honda<\/strong>, quanto o espanhol vence oito campeonatos desde sua estreia nas 125cc.<\/p>\n\n\n\n<p class=\"wp-block-paragraph\">Quis o destino que um retorno prematuro ap\u00f3s um bra\u00e7o quebrado na temporada 2020 resultaria em mais quatro cirurgias e outras les\u00f5es. Tudo isso fez parte de um aprendizado para Marc ser resiliente e, aos poucos, retomar o caminho das vit\u00f3rias at\u00e9 conseguir um novo t\u00edtulo.<\/p>\n\n\n\n<p class=\"wp-block-paragraph\">&#8220;Seis anos atr\u00e1s, n\u00e3o sabia o que era sofrer, s\u00f3 experimentei a gl\u00f3ria durante toda a minha carreira. \u00c9 verdade que tive algumas les\u00f5es, mas sempre eram de tr\u00eas a quatro meses de recupera\u00e7\u00e3o e, depois, vit\u00f3rias novamente&#8221;, analisou Marc.<\/p>\n\n\n\n<figure class=\"wp-block-image size-large\"><img decoding=\"async\" src=\"https:\/\/www.grandepremio.com\/br\/wp-content\/uploads\/2025\/09\/AFP__20250928__76ZG4RR__v8__HighRes__TopshotMotoPrixJpnMotogp-1200x791.jpg\" alt=\"\" class=\"wp-image-1017247\"\/><figcaption class=\"wp-element-caption\">Marc M\u00e1rquez sofreu com diversas les\u00f5es ao longo de toda a carreira (Foto: AFP)<\/figcaption><\/figure>\n\n\n\n<p class=\"wp-block-paragraph\"><strong>#MoreThanANumber: o t\u00edtulo de\u00a0<a href=\"https:\/\/www.grandepremio.com\/br\/piloto\/marc-marquez\/\" target=\"_blank\" rel=\"noreferrer noopener\">Marc M\u00e1rquez<\/a>\u00a0na MotoGP<\/strong>:<br><strong>\ud83c\udfc6<\/strong><em><strong>\u00a0<\/strong><\/em><strong><a href=\"https:\/\/www.grandepremio.com\/br\/motogp\/noticias\/marc-marquez-conclui-jornada-heroi-japao-iguala-valentino-rossi-7o-titulo-motogp\">Marc M\u00e1rquez conclui \u2018jornada do her\u00f3i\u2019 no Jap\u00e3o e iguala Rossi com 7\u00ba t\u00edtulo na MotoGP<\/a><\/strong><br><strong>\ud83c\udfc6<\/strong>\u00a0<strong><a href=\"https:\/\/www.grandepremio.com\/br\/motogp\/noticias\/michael-jordan-mick-doohan-ronaldo-fenomeno-marc-marquez-entra-rol-grandes-retornos-esporte\">Jordan, Doohan, Ronaldo: Marc M\u00e1rquez entra no rol dos grandes retornos do esporte<\/a><\/strong><br><strong>\ud83c\udfc6<\/strong>\u00a0<a href=\"https:\/\/www.grandepremio.com\/br\/motogp\/noticias\/giacomo-agostini-eddie-lawson-valentino-rossi-casey-stoner-marc-marquez-campeoes-marcas-diferentes\"><strong>Agostini, Lawson, Rossi, Stoner e Marc M\u00e1rquez: os campe\u00f5es por marcas diferentes<\/strong><\/a><br><strong>\ud83c\udfc6<\/strong>\u00a0<a href=\"https:\/\/www.grandepremio.com\/br\/motogp\/noticias\/williams-endres-kelce-curry-marquez-irmaos-duelaram-titulos-esporte\"><strong>Williams, Endres, Kelce, Curry e M\u00e1rquez: os irm\u00e3os que duelaram por t\u00edtulos no esporte<\/strong><\/a><br><strong>\ud83c\udfc6<\/strong>\u00a0<a href=\"https:\/\/www.grandepremio.com\/br\/motogp\/noticias\/fraturas-cirurgias-diplopia-epopeia-marc-marquez-retomar-coroa-motogp\"><strong>Fraturas, cirurgias e diplopia: a epopeia de Marc M\u00e1rquez para retomar coroa da MotoGP<\/strong><\/a><br><strong>\ud83c\udfc6<\/strong>\u00a0<strong>LADO A LADO:\u00a0<a href=\"https:\/\/www.grandepremio.com\/br\/piloto\/valentino-rossi\/\" target=\"_blank\" rel=\"noreferrer noopener\">Valentino Rossi<\/a>\u00a0vs Marc M\u00e1rquez \u2013\u00a0<a href=\"https:\/\/www.grandepremio.com\/br\/grandepremium\/lado-a-lado\/motogp\/materias\/valentino-rossi-x-marc-marquez-2\/\">os n\u00fameros de duas carreiras impressionantes<\/a><\/strong><br><strong>\ud83c\udfc6<\/strong>\u00a0<a href=\"https:\/\/www.grandepremio.com\/br\/galeria\/motogp\/replay-decisao-japao-titulo-mais-precoce-marc-marquez-hepta-motogp\"><strong>GALERIA DE FOTOS: T\u00edtulo mais precoce \u2013 Marc M\u00e1rquez \u00e9 hepta na MotoGP<\/strong><\/a><\/p>\n\n\n\n<p class=\"wp-block-paragraph\">&#8220;Com quatro cirurgias no bra\u00e7o, quebrei outros ossos durante esse per\u00edodo, al\u00e9m de ter tido vis\u00e3o dupla duas vezes, foi superdif\u00edcil. Somos humanos, tenho um talento, outras pessoas tamb\u00e9m tem, estamos apenas tentando fazer o nosso melhor&#8221;, completou.<\/p>\n\n\n\n<p class=\"wp-block-paragraph\"><strong>\u25b6\ufe0f&nbsp;Inscreva-se nos dois canais do GRANDE PR\u00caMIO no YouTube:&nbsp;<a href=\"https:\/\/www.youtube.com\/channel\/UC9OlHEgxoaY6QY6nWPoiqQg?sub_confirmation=1\" target=\"_blank\" rel=\"noreferrer noopener\">GP<\/a>&nbsp;|&nbsp;<a href=\"https:\/\/www.youtube.com\/channel\/UC9csiS6q_C3C0FYhyr1rnFA?sub_confirmation=1\" target=\"_blank\" rel=\"noreferrer noopener\">GP2<\/a><\/strong><\/p>\n\n\n\n<p class=\"wp-block-paragraph\">A&nbsp;<strong><a href=\"https:\/\/grandepremio.com\/motovelocidade\/\" target=\"_blank\" rel=\"noreferrer noopener\">MotoGP<\/a>&nbsp;<\/strong>acelera entre os dias 3 a 5 de outubro, no&nbsp;<strong>GP da Indon\u00e9sia<\/strong>, direto de&nbsp;<strong><a href=\"https:\/\/www.grandepremio.com\/br\/circuito\/mandalika\/\" target=\"_blank\" rel=\"noreferrer noopener\">Mandalika<\/a><\/strong>, 18\u00aa etapa da temporada 2025. O&nbsp;<strong>GRANDE PR\u00caMIO&nbsp;<\/strong>faz a cobertura completa do evento, assim como das outras classes do&nbsp;<strong>Mundial de&nbsp;<a href=\"https:\/\/www.grandepremio.com\/motovelocidade\/\">Motovelocidade<\/a><\/strong><a href=\"https:\/\/www.grandepremio.com\/motovelocidade\/\">&nbsp;<\/a>durante todo o ano.<\/p>\n","protected":false},"excerpt":{"rendered":"<p>Marc M\u00e1rquez lembrou que, at\u00e9 2019, s\u00f3 havia experimentado a gl\u00f3ria da MotoGP, mas les\u00f5es fizeram parte do aprendizado que rendeu o t\u00edtulo da categoria em 2025<\/p>\n","protected":false},"author":0,"featured_media":1001017261,"comment_status":"closed","ping_status":"closed","sticky":false,"template":"","format":"standard","meta":{"42wp_featured_image_caption":"","42wp_featured_image_credits":"","42wp_featured_video":"","42wp_featured_image_hidden":false,"42wp_authors_list":[],"footnotes":""},"categories":[8],"tags":[24853,5214,131,3023,1491,28285,130,5455,43102,1300,2869,78,39739,847,34187,41828],"42wp_author":[47128],"class_list":["post-16904","post","type-post","status-publish","format-standard","has-post-thumbnail","hentry","category-motogp","tag-calendario-motogp","tag-classificacao-motogp","tag-ducati","tag-gp-do-japao","tag-grande-premio","tag-grandepremio","tag-honda","tag-horarios-motogp","tag-japao-2025","tag-marc-marquez","tag-motegi","tag-motogp","tag-motogp-2025","tag-mundial-de-motovelocidade","tag-onde-assistir-motogp","tag-temporada-2025-da-motogp","42wp_author-guilherme-bloisi"],"_links":{"self":[{"href":"https:\/\/grandepremio.com\/br\/wp-json\/wp\/v2\/posts\/16904","targetHints":{"allow":["GET"]}}],"collection":[{"href":"https:\/\/grandepremio.com\/br\/wp-json\/wp\/v2\/posts"}],"about":[{"href":"https:\/\/grandepremio.com\/br\/wp-json\/wp\/v2\/types\/post"}],"replies":[{"embeddable":true,"href":"https:\/\/grandepremio.com\/br\/wp-json\/wp\/v2\/comments?post=16904"}],"version-history":[{"count":0,"href":"https:\/\/grandepremio.com\/br\/wp-json\/wp\/v2\/posts\/16904\/revisions"}],"wp:featuredmedia":[{"embeddable":true,"href":"https:\/\/grandepremio.com\/br\/wp-json\/wp\/v2\/media\/1001017261"}],"wp:attachment":[{"href":"https:\/\/grandepremio.com\/br\/wp-json\/wp\/v2\/media?parent=16904"}],"wp:term":[{"taxonomy":"category","embeddable":true,"href":"https:\/\/grandepremio.com\/br\/wp-json\/wp\/v2\/categories?post=16904"},{"taxonomy":"post_tag","embeddable":true,"href":"https:\/\/grandepremio.com\/br\/wp-json\/wp\/v2\/tags?post=16904"},{"taxonomy":"42wp_author","embeddable":true,"href":"https:\/\/grandepremio.com\/br\/wp-json\/wp\/v2\/42wp_author?post=16904"}],"curies":[{"name":"wp","href":"https:\/\/api.w.org\/{rel}","templated":true}]}}