{"id":16927,"date":"2025-09-28T05:52:42","date_gmt":"2025-09-28T08:52:42","guid":{"rendered":"https:\/\/grandepremio.com\/br\/noticias\/alex-marquez-valoriza-hepta-marc-marquez-apos-lesoes-nao-sabemos-que-ele-passou\/"},"modified":"2025-09-28T05:59:18","modified_gmt":"2025-09-28T08:59:18","slug":"alex-marquez-valoriza-hepta-marc-marquez-apos-lesoes-nao-sabemos-que-ele-passou","status":"publish","type":"post","link":"https:\/\/grandepremio.com\/br\/motogp\/alex-marquez-valoriza-hepta-marc-marquez-apos-lesoes-nao-sabemos-que-ele-passou\/","title":{"rendered":"\u00c1lex valoriza hepta de Marc M\u00e1rquez ap\u00f3s les\u00f5es: &#8220;N\u00e3o sabemos o que ele passou&#8221;"},"content":{"rendered":"\n<p class=\"wp-block-paragraph\"><strong>\u00c1lex M\u00e1rquez<\/strong> n\u00e3o foi p\u00e1reo neste domingo (28) para impedir o t\u00edtulo do irm\u00e3o <strong>Marc<\/strong> na <strong>MotoGP<\/strong>. O piloto da <strong>Gresini<\/strong> <a href=\"https:\/\/www.grandepremio.com\/br\/motogp\/noticias\/marc-marquez-atesta-renascimento-fecha-hepta-motogp-japao-francesco-bagnaia-vence\">terminou apenas na sexta coloca\u00e7\u00e3o<\/a> no GP do <strong>Jap\u00e3o<\/strong>, resultado insuficiente para que a disputa do campeonato seguisse por mais uma etapa.<\/p>\n\n\n\n<p class=\"wp-block-paragraph\">\u00c1lex falou em entrevista ap\u00f3s a corrida japonesa que a posi\u00e7\u00e3o em<strong> Motegi <\/strong>foi a poss\u00edvel com o ritmo que tinha na moto. &#8220;Foi o melhor que poder\u00edamos esperar, demos 100% do que t\u00ednhamos, afinal, nosso fim de semana ficou prejudicado a partir de sexta-feira&#8221;, justificou-se \u00e0 imprensa espanhola.<\/p>\n\n\n\n<p class=\"wp-block-paragraph\">&#8220;Fizemos uma corrida para economizar e n\u00e3o cometer erros. Temos dever de casa a fazer na Indon\u00e9sia, especialmente para come\u00e7ar na sexta-feira com mais intensidade. Agora posso me concentrar nas minhas pr\u00f3prias coisas, tenho trabalho a fazer e uma miss\u00e3o pela frente&#8221;.<\/p>\n\n\n\n<p class=\"wp-block-paragraph\">\u00c1lex se v\u00ea exausto ap\u00f3s a disputa de t\u00edtulo com o irm\u00e3o e deu sinais disso ainda durante o bate-papo com a imprensa. &#8220;N\u00e3o \u00e9 desculpa, mas n\u00e3o foi f\u00e1cil conseguir chegar aqui e ser o \u00fanico que poderia impedir Marc de conquistar o t\u00edtulo. Isso nos pesou um pouco&#8221;, lamentou.<\/p>\n\n\n\n<figure class=\"wp-block-image size-large\"><img decoding=\"async\" src=\"https:\/\/www.grandepremio.com\/br\/wp-content\/uploads\/2025\/09\/G1wEJlAXsAAIBuw-1200x800.jpg\" alt=\"\" class=\"wp-image-1016484\"\/><figcaption class=\"wp-element-caption\">\u00c1lex levou o duelo pelo t\u00edtulo com Marc at\u00e9 a 17\u00aa etapa da MotoGP (Foto: Michelin)<\/figcaption><\/figure>\n\n\n\n<p class=\"wp-block-paragraph\"><strong>#MoreThanANumber: o t\u00edtulo de&nbsp;<a href=\"https:\/\/www.grandepremio.com\/br\/piloto\/marc-marquez\/\" target=\"_blank\" rel=\"noreferrer noopener\">Marc M\u00e1rquez<\/a>&nbsp;na MotoGP<\/strong>:<br><strong>\ud83c\udfc6<\/strong><em><strong>&nbsp;<\/strong><\/em><strong><a href=\"https:\/\/www.grandepremio.com\/br\/motogp\/noticias\/marc-marquez-conclui-jornada-heroi-japao-iguala-valentino-rossi-7o-titulo-motogp\">Marc M\u00e1rquez conclui \u2018jornada do her\u00f3i\u2019 no Jap\u00e3o e iguala Rossi com 7\u00ba t\u00edtulo na MotoGP<\/a><\/strong><br><strong>\ud83c\udfc6<\/strong>&nbsp;<strong><a href=\"https:\/\/www.grandepremio.com\/br\/motogp\/noticias\/michael-jordan-mick-doohan-ronaldo-fenomeno-marc-marquez-entra-rol-grandes-retornos-esporte\">Jordan, Doohan, Ronaldo: Marc M\u00e1rquez entra no rol dos grandes retornos do esporte<\/a><\/strong><br><strong>\ud83c\udfc6<\/strong>&nbsp;<a href=\"https:\/\/www.grandepremio.com\/br\/motogp\/noticias\/giacomo-agostini-eddie-lawson-valentino-rossi-casey-stoner-marc-marquez-campeoes-marcas-diferentes\"><strong>Agostini, Lawson, Rossi, Stoner e Marc M\u00e1rquez: os campe\u00f5es por marcas diferentes<\/strong><\/a><br><strong>\ud83c\udfc6<\/strong>&nbsp;<a href=\"https:\/\/www.grandepremio.com\/br\/motogp\/noticias\/williams-endres-kelce-curry-marquez-irmaos-duelaram-titulos-esporte\"><strong>Williams, Endres, Kelce, Curry e M\u00e1rquez: os irm\u00e3os que duelaram por t\u00edtulos no esporte<\/strong><\/a><br><strong>\ud83c\udfc6<\/strong>&nbsp;<a href=\"https:\/\/www.grandepremio.com\/br\/motogp\/noticias\/fraturas-cirurgias-diplopia-epopeia-marc-marquez-retomar-coroa-motogp\"><strong>Fraturas, cirurgias e diplopia: a epopeia de Marc M\u00e1rquez para retomar coroa da MotoGP<\/strong><\/a><br><strong>\ud83c\udfc6<\/strong>&nbsp;<strong>LADO A LADO:&nbsp;<a href=\"https:\/\/www.grandepremio.com\/br\/piloto\/valentino-rossi\/\" target=\"_blank\" rel=\"noreferrer noopener\">Valentino Rossi<\/a>&nbsp;vs Marc M\u00e1rquez \u2013&nbsp;<a href=\"https:\/\/www.grandepremio.com\/br\/grandepremium\/lado-a-lado\/motogp\/materias\/valentino-rossi-x-marc-marquez-2\/\">os n\u00fameros de duas carreiras impressionantes<\/a><\/strong><br><strong>\ud83c\udfc6<\/strong>&nbsp;<a href=\"https:\/\/www.grandepremio.com\/br\/galeria\/motogp\/replay-decisao-japao-titulo-mais-precoce-marc-marquez-hepta-motogp\"><strong>GALERIA DE FOTOS: T\u00edtulo mais precoce \u2013 Marc M\u00e1rquez \u00e9 hepta na MotoGP<\/strong><\/a><\/p>\n\n\n\n<p class=\"wp-block-paragraph\">&#8220;Queria muito estender o campeonato, chegar \u00e0 Indon\u00e9sia e desaceler\u00e1-lo, mas isso me afetou um pouco. N\u00e3o pilotei como deveria, perdi ritmo e fiquei muito duro o fim de semana todo, tudo piorou&#8221;, confessou.<\/p>\n\n\n\n<p class=\"wp-block-paragraph\">Agora, resta ao #73 da Gresini comemorar mais um t\u00edtulo do irm\u00e3o em fam\u00edlia. O que n\u00e3o deixou de esconder que ficou feliz com o feito do irm\u00e3o. &#8220;Quando Marc cruzou a linha de chegada e vi que ele estava vencendo, senti um vazio no est\u00f4mago, um &#8216;chega'&#8221;.<\/p>\n\n\n\n<p class=\"wp-block-paragraph\">&#8220;Este t\u00edtulo \u00e9 diferente porque \u00e9 a primeira vez que estou na pista com ele. Antes, estava l\u00e1 para as comemora\u00e7\u00f5es correndo em uma categoria diferente. Quando cruzou a linha de chegada, era o irm\u00e3o mais feliz do mundo, porque se algu\u00e9m merece, \u00e9 ele&#8221;. <\/p>\n\n\n\n<p class=\"wp-block-paragraph\">&#8220;Ele \u00e9 quem passou por tudo, n\u00f3s que estamos ao lado dele n\u00e3o sabemos exatamente o que ele passou, fomos c\u00famplices de muitas coisas porque foram momentos dif\u00edceis, mas ele \u00e9 quem mereceu, trabalhou duro&#8221;.<\/p>\n\n\n\n<figure class=\"wp-block-image size-large\"><img decoding=\"async\" src=\"https:\/\/www.grandepremio.com\/br\/wp-content\/uploads\/2025\/09\/G16efhoXYAA_Lgi-1200x800.jpg\" alt=\"\" class=\"wp-image-1017258\"\/><figcaption class=\"wp-element-caption\">Marc M\u00e1rquez alcan\u00e7ou o nono t\u00edtulo mundial em 2025 (Foto: Michelin)<\/figcaption><\/figure>\n\n\n\n<p class=\"wp-block-paragraph\">\u00c1lex tratou de exaltar toda a trajet\u00f3ria de remontada na carreira de Marc at\u00e9 voltar ao topo da MotoGP. &#8220;Eu fui claro sobre isso quando as pessoas duvidaram dele, sabia que ele n\u00e3o estava acabado, s\u00f3 precisava das armas para lutar novamente. Depois de tudo o que passou, seu plano deu certo e foi executado com perfei\u00e7\u00e3o&#8221;.<\/p>\n\n\n\n<p class=\"wp-block-paragraph\"><strong>\u25b6\ufe0f&nbsp;Inscreva-se nos dois canais do GRANDE PR\u00caMIO no YouTube:&nbsp;<a href=\"https:\/\/www.youtube.com\/channel\/UC9OlHEgxoaY6QY6nWPoiqQg?sub_confirmation=1\" target=\"_blank\" rel=\"noreferrer noopener\">GP<\/a>&nbsp;|&nbsp;<a href=\"https:\/\/www.youtube.com\/channel\/UC9csiS6q_C3C0FYhyr1rnFA?sub_confirmation=1\" target=\"_blank\" rel=\"noreferrer noopener\">GP2<\/a><\/strong><\/p>\n\n\n\n<p class=\"wp-block-paragraph\">A&nbsp;<strong><a href=\"https:\/\/grandepremio.com\/motovelocidade\/\" target=\"_blank\" rel=\"noreferrer noopener\">MotoGP<\/a>&nbsp;<\/strong>acelera entre os dias 3 a 5 de outubro, no&nbsp;<strong>GP da Indon\u00e9sia<\/strong>, direto de&nbsp;<strong><a href=\"https:\/\/www.grandepremio.com\/br\/circuito\/mandalika\/\" target=\"_blank\" rel=\"noreferrer noopener\">Mandalika<\/a><\/strong>, 18\u00aa etapa da temporada 2025. O&nbsp;<strong>GRANDE PR\u00caMIO&nbsp;<\/strong>faz a cobertura completa do evento, assim como das outras classes do&nbsp;<strong>Mundial de&nbsp;<a href=\"https:\/\/www.grandepremio.com\/motovelocidade\/\">Motovelocidade<\/a><\/strong><a href=\"https:\/\/www.grandepremio.com\/motovelocidade\/\">&nbsp;<\/a>durante todo o ano.<\/p>\n\n\n\n<figure class=\"wp-block-embed is-type-video is-provider-youtube wp-block-embed-youtube wp-embed-aspect-16-9 wp-has-aspect-ratio\"><div class=\"wp-block-embed__wrapper\">\n<iframe loading=\"lazy\" title=\"A HORA DO V4: YAMAHA P\u00d5E NOVA MOTO PARA JOGO EM MISANO | Paddock Sprint Moto\" width=\"500\" height=\"281\" src=\"https:\/\/www.youtube.com\/embed\/b_g7SpL1N0M?feature=oembed\" frameborder=\"0\" allow=\"accelerometer; autoplay; clipboard-write; encrypted-media; gyroscope; picture-in-picture; web-share\" referrerpolicy=\"strict-origin-when-cross-origin\" allowfullscreen><\/iframe>\n<\/div><\/figure>\n","protected":false},"excerpt":{"rendered":"<p>\u00c1lex M\u00e1rquez foi s\u00f3 elogios ao feito do irm\u00e3o neste domingo (28) no Jap\u00e3o e lamentou a falta de ritmo com a Gresini para poder estender match-point por mais uma etapa na MotoGP<\/p>\n","protected":false},"author":0,"featured_media":1001016817,"comment_status":"closed","ping_status":"closed","sticky":false,"template":"","format":"standard","meta":{"42wp_featured_image_caption":"","42wp_featured_image_credits":"","42wp_featured_video":"","42wp_featured_image_hidden":false,"42wp_authors_list":[],"footnotes":""},"categories":[8],"tags":[2090,24853,5214,131,3023,1491,28285,3504,5455,43102,1300,2869,78,39739,847,34187,41828],"42wp_author":[47128],"class_list":["post-16927","post","type-post","status-publish","format-standard","has-post-thumbnail","hentry","category-motogp","tag-alex-marquez","tag-calendario-motogp","tag-classificacao-motogp","tag-ducati","tag-gp-do-japao","tag-grande-premio","tag-grandepremio","tag-gresini","tag-horarios-motogp","tag-japao-2025","tag-marc-marquez","tag-motegi","tag-motogp","tag-motogp-2025","tag-mundial-de-motovelocidade","tag-onde-assistir-motogp","tag-temporada-2025-da-motogp","42wp_author-guilherme-bloisi"],"_links":{"self":[{"href":"https:\/\/grandepremio.com\/br\/wp-json\/wp\/v2\/posts\/16927","targetHints":{"allow":["GET"]}}],"collection":[{"href":"https:\/\/grandepremio.com\/br\/wp-json\/wp\/v2\/posts"}],"about":[{"href":"https:\/\/grandepremio.com\/br\/wp-json\/wp\/v2\/types\/post"}],"replies":[{"embeddable":true,"href":"https:\/\/grandepremio.com\/br\/wp-json\/wp\/v2\/comments?post=16927"}],"version-history":[{"count":0,"href":"https:\/\/grandepremio.com\/br\/wp-json\/wp\/v2\/posts\/16927\/revisions"}],"wp:featuredmedia":[{"embeddable":true,"href":"https:\/\/grandepremio.com\/br\/wp-json\/wp\/v2\/media\/1001016817"}],"wp:attachment":[{"href":"https:\/\/grandepremio.com\/br\/wp-json\/wp\/v2\/media?parent=16927"}],"wp:term":[{"taxonomy":"category","embeddable":true,"href":"https:\/\/grandepremio.com\/br\/wp-json\/wp\/v2\/categories?post=16927"},{"taxonomy":"post_tag","embeddable":true,"href":"https:\/\/grandepremio.com\/br\/wp-json\/wp\/v2\/tags?post=16927"},{"taxonomy":"42wp_author","embeddable":true,"href":"https:\/\/grandepremio.com\/br\/wp-json\/wp\/v2\/42wp_author?post=16927"}],"curies":[{"name":"wp","href":"https:\/\/api.w.org\/{rel}","templated":true}]}}