{"id":16937,"date":"2025-09-28T03:40:00","date_gmt":"2025-09-28T06:40:00","guid":{"rendered":"https:\/\/grandepremio.com\/br\/noticias\/fraturas-cirurgias-diplopia-epopeia-marc-marquez-retomar-coroa-motogp\/"},"modified":"2025-09-28T03:43:50","modified_gmt":"2025-09-28T06:43:50","slug":"fraturas-cirurgias-diplopia-epopeia-marc-marquez-retomar-coroa-motogp","status":"publish","type":"post","link":"https:\/\/grandepremio.com\/br\/motogp\/fraturas-cirurgias-diplopia-epopeia-marc-marquez-retomar-coroa-motogp\/","title":{"rendered":"Fraturas, cirurgias e diplopia: a epopeia de Marc M\u00e1rquez para retomar coroa da MotoGP"},"content":{"rendered":"\n<p class=\"wp-block-paragraph\"><strong>Marc M\u00e1rquez<\/strong> precisou escalar uma montanha para recolocar o nome na <strong>Torre dos Campe\u00f5es <\/strong>da <strong>MotoGP<\/strong>. Nos 2184 dias que separam a conquista do t\u00edtulo de <strong>2019 <\/strong>e a nona ta\u00e7a mundial <a href=\"https:\/\/www.grandepremio.com\/br\/motogp\/noticias\/marc-marquez-atesta-renascimento-fecha-hepta-motogp-japao-francesco-bagnaia-vence\">alcan\u00e7ada neste domingo (28)<\/a>, o hoje piloto da <strong>Ducati <\/strong>enfrentou uma fratura no bra\u00e7o direito, quatro cirurgias, dois epis\u00f3dios de diplopia e outras les\u00f5es.<\/p>\n\n\n\n<p class=\"wp-block-paragraph\">Ainda que a <strong>Honda <\/strong>tenha perdido progressivamente performance, o intervalo entre os t\u00edtulos \u00e9 muito mais explicado pela condi\u00e7\u00e3o f\u00edsica do <strong>#93<\/strong>, que perdeu quase tr\u00eas anos da carreira na esteira de um tombo na abertura do campeonato de 2020, em <strong>Jerez de la Frontera.<\/strong><\/p>\n\n\n\n<p class=\"wp-block-paragraph\">O irm\u00e3o de \u00c1lex sempre foi um piloto de muitas quedas. Em 2019, por exemplo, o espanhol de <strong>Cervera <\/strong>levou 14 tombos. No ano anterior, foram 23. Em <strong>2017<\/strong>, 27. Mas, apesar dos muitos acidentes, Marc nunca tinha sofrido uma les\u00e3o \u00f3ssea de maior import\u00e2ncia. At\u00e9 aquele 19 de julho de 2020.<\/p>\n\n\n\n<p class=\"wp-block-paragraph\">Depois de uma salvada espetacular na curva 4 de Jerez de la Frontera, o espanhol caiu para 16\u00ba e fazia uma alucinante prova de recupera\u00e7\u00e3o na abertura de uma temporada adiada pela pandemia de <strong>Covid-19<\/strong>. Mas, com quatro voltas para o fim, rodando em terceiro, caiu forte na curva 3 e acabou atingido no bra\u00e7o pela roda da <strong>RC213V<\/strong>.<\/p>\n\n\n\n<figure class=\"wp-block-image size-full\"><img decoding=\"async\" src=\"https:\/\/www.grandepremio.com\/br\/wp-content\/uploads\/2025\/09\/G16elR7W8AAyJVW.jpg\" alt=\"\" class=\"wp-image-1017257\"\/><figcaption class=\"wp-element-caption\">Com a Ducati, Marc M\u00e1rquez recuperou a forma dominante de outrora (Foto: Michelin)<\/figcaption><\/figure>\n\n\n\n<p class=\"wp-block-paragraph\"><strong>\u25b6\ufe0f&nbsp;Inscreva-se nos dois canais do GRANDE PR\u00caMIO no YouTube:&nbsp;<a href=\"https:\/\/www.youtube.com\/channel\/UC9OlHEgxoaY6QY6nWPoiqQg?sub_confirmation=1\" target=\"_blank\" rel=\"noreferrer noopener\">GP<\/a>&nbsp;|&nbsp;<a href=\"https:\/\/www.youtube.com\/channel\/UC9csiS6q_C3C0FYhyr1rnFA?sub_confirmation=1\" target=\"_blank\" rel=\"noreferrer noopener\">GP2<\/a><\/strong><\/p>\n\n\n\n<p class=\"wp-block-paragraph\">No impacto, o mais velho dos irm\u00e3os M\u00e1rquez sofreu uma fratura diafis\u00e1ria transversal no \u00famero direito. Ou seja, quebrou o osso mais longo do membro superior na meio. Dois dias depois, o #93 foi operado em <strong>Barcelona <\/strong>pelo <strong>Dr. Xavier Mir<\/strong>.<\/p>\n\n\n\n<p class=\"wp-block-paragraph\">No entanto, por conta das mudan\u00e7as impostas \u00e0 programa\u00e7\u00e3o por conta da pandemia, o mesmo circuito andaluz receberia um segundo GP no fim de semana, o que levou Marc a decidir voltar para a pista menos de sete dias ap\u00f3s a les\u00e3o.<\/p>\n\n\n\n<p class=\"wp-block-paragraph\">Ainda no hospital, o piloto se p\u00f4s a fazer flex\u00f5es, uma prepara\u00e7\u00e3o para o teste f\u00edsico ao qual seria submetido para ser liberado para competir. Como a <strong>RC213V <\/strong>j\u00e1 estava acertada, Marc optou por pular os treinos de sexta e entrou na pista apenas no s\u00e1bado, mas, antes da classifica\u00e7\u00e3o, ciente de lhe faltava for\u00e7a, abandonou o GP da <strong>Andaluzia<\/strong>.<\/p>\n\n\n\n<p class=\"wp-block-paragraph\">Contudo, o filho de <strong>Roser <\/strong>e <strong>Juli\u00e0 <\/strong>seguiu se preparando para correr em <strong>Brno<\/strong>, no dia 9 de agosto. E a\u00ed que os problemas come\u00e7aram a se acumular. No dia 3, Marc precisou passar por uma nova cirurgia, 13 dias ap\u00f3s a primeira, j\u00e1 que a placa de tit\u00e2nio colocada para estabilizar a fratura foi danificada por estresse.<\/p>\n\n\n\n<p class=\"wp-block-paragraph\">A partir da\u00ed, as coisas foram encaradas com mais calma, e M\u00e1rquez n\u00e3o mais retornou \u00e0 MotoGP. No in\u00edcio de dezembro, entretanto, o j\u00e1 hexacampe\u00e3o da MotoGP precisou de uma terceira interven\u00e7\u00e3o cir\u00fargica, j\u00e1 que o osso n\u00e3o calcificava como deveria.<\/p>\n\n\n\n<figure class=\"wp-block-image size-large\"><img decoding=\"async\" src=\"https:\/\/www.grandepremio.com\/br\/wp-content\/uploads\/2025\/09\/G16eprUWQAATqeN-1200x800.jpg\" alt=\"\" class=\"wp-image-1017256\"\/><figcaption class=\"wp-element-caption\">Marc M\u00e1rquez faz a festa com a Ducati em Motegi (Foto: Michelin)<\/figcaption><\/figure>\n\n\n\n<p class=\"wp-block-paragraph\">Desta vez, M\u00e1rquez trocou de m\u00e9dico e foi operado em Madri, onde passou por uma cirurgia de 8h na qual o <strong>Dr. Samuel Antu\u00f1a<\/strong> fez um enxerto \u00f3sseo, usando um fragmento extra\u00eddo do quadril. Dias depois, o cen\u00e1rio piorou mais um pouco: exames constataram uma infec\u00e7\u00e3o na \u00e1rea fraturada, colocando o piloto em antibi\u00f3ticos por um longo per\u00edodo.<\/p>\n\n\n\n<p class=\"wp-block-paragraph\">Com a nova cirurgia, o campe\u00e3o de <strong>2010 <\/strong>das <strong>125cc <\/strong>e de <strong>2012 <\/strong>da <strong>Moto2 <\/strong>teve esperan\u00e7a de deixar os problemas para tr\u00e1s. Nove meses ap\u00f3s o acidente em Jerez, Marc voltou a subir na RC213V e, 65 dias mais tarde, venceu pela primeira vez: no GP da <strong>Alemanha<\/strong>, um dos circuitos anti-hor\u00e1rios onde sempre foi dominante.<\/p>\n\n\n\n<p class=\"wp-block-paragraph\">S\u00f3 que o per\u00edodo ca\u00f3tico ainda estava longe de acabar. Em 30 de outubro, Marc caiu durante um treino de enduro e acabou sofrendo uma concuss\u00e3o. Dias depois, veio o diagn\u00f3stico de diplopia, um sintoma associado ao trauma na cabe\u00e7a. E um fantasma antigo.<\/p>\n\n\n\n<p class=\"wp-block-paragraph\">Em outubro de 2011, quando ainda estava na <strong>Moto2<\/strong>, o #93 sofreu uma forte queda na Mal\u00e1sia e, depois, com s\u00f3 18 anos, come\u00e7ou a relatar problemas de vis\u00e3o, especialmente no olho esquerdo, uma situa\u00e7\u00e3o m\u00e9dica que o fez perder o GP da <strong>Comunidade Valenciana<\/strong>.<\/p>\n\n\n\n<p class=\"wp-block-paragraph\">Inicialmente, a op\u00e7\u00e3o foi pelo tratamento conservador. Ou seja, basicamente, sentar e esperar. Mas, em janeiro do ano seguinte, M\u00e1rquez foi operado para resolver a paralisia do m\u00fasculo obliquo superior direito, que tinha sido causada por trauma no quarto nervo cranial direito. Apesar do susto, a recupera\u00e7\u00e3o foi plena.<\/p>\n\n\n\n<figure class=\"wp-block-image size-large\"><img decoding=\"async\" src=\"https:\/\/www.grandepremio.com\/br\/wp-content\/uploads\/2023\/11\/https-__repsolmedia.com_repsolmedia_wp-content_uploads_2023_11_JRB0294-scaled-1-1024x682.jpg\" alt=\"\" class=\"wp-image-758964\"\/><figcaption class=\"wp-element-caption\">Marc M\u00e1rquez se despediu da Honda no fim de 2023 (Foto: Repsol)<\/figcaption><\/figure>\n\n\n\n<p class=\"wp-block-paragraph\">Mas, dez anos mais tarde, o problema estava de volta, causando vis\u00e3o dupla \u2015 quando os dois olhos n\u00e3o conseguem convergir para a mesma coisa. Na pr\u00e1tica, o diagn\u00f3stico \u00e9 de estrabismo.<\/p>\n\n\n\n<p class=\"wp-block-paragraph\">O tratamento conservador foi mais uma vez aplicado e, 75 dias ap\u00f3s a queda que originou o problema, M\u00e1rquez p\u00f4de voltar a pilotar. Tudo corria bem at\u00e9 20 de mar\u00e7o, quando Marc teve uma nova concuss\u00e3o na esteira de uma queda forte no warm-up do GP da<strong> Indon\u00e9sia<\/strong>.<\/p>\n\n\n\n<p class=\"wp-block-paragraph\">S\u00f3 141 dias depois do segundo epis\u00f3dio, M\u00e1rquez voltou a lidar com a diplopia. No caso espec\u00edfico, a posi\u00e7\u00e3o para pilotar, quando a pessoa fica olhando para cima, era pior para ele. De novo, o #93 ficou em compasso de espera, mas, mais uma vez, escapou de sequelas permanentes \u2015 o estrabismo por permanecer em casos assim.<\/p>\n\n\n\n<p class=\"wp-block-paragraph\">Superados os problemas de vis\u00e3o, o ent\u00e3o piloto da Honda voltou \u00e0 ativa no in\u00edcio de abril. S\u00f3 que nem tudo eram flores. Ainda incomodado com o bra\u00e7o lesionado quase dois anos antes, Marc optou por uma quarta cirurgia, realizada em 3 de junho de 2022.<\/p>\n\n\n\n<p class=\"wp-block-paragraph\">Na nova opera\u00e7\u00e3o, realizada na <strong>Clinica Mayo<\/strong>, em <strong>Minnesota<\/strong>, nos <strong>Estados Unidos<\/strong>, a equipe liderada pelo <strong>Dr. Joaquin S\u00e1nchez Sotelo <\/strong>fez uma osteotomia, um corte cir\u00fargico do osso, que precisou ser rotacionado em 30\u00ba antes de novamente fixado com placa de tit\u00e2nio e parafusos.<\/p>\n\n\n\n<p class=\"wp-block-paragraph\">Agora, os m\u00e9dicos exigiram cautela, o que o deixou afastado das pistas at\u00e9 31 de agosto, quando voltou a pilotar uma moto em um teste privado. Em 6 de setembro, o reencontro com o prot\u00f3tipo da Honda aconteceu no teste oficial de Misano, com o retorno oficial \u00e0 MotoGP ocorrendo dez dias mais tarde.<\/p>\n\n\n\n<p class=\"wp-block-paragraph\">A nova opera\u00e7\u00e3o permitiu que M\u00e1rquez recuperasse a forma e, mais do que isso, fizesse uma pr\u00e9-temporada normal. 2023 foi o primeiro ano em que Marc p\u00f4de come\u00e7ar o campeonato em plena forma desde a fratura, mas a plenitude durou pouco: no primeiro dia da campanha, um acidente resultou em uma fratura no primeiro metacarpo da m\u00e3o direita, que exigiu cirurgia.<\/p>\n\n\n\n<p class=\"wp-block-paragraph\">A recupera\u00e7\u00e3o desta vez foi r\u00e1pida, mas o esfor\u00e7o do piloto n\u00e3o foi acompanhado pela Honda. A RC213V despencou de n\u00edvel, e nem Marc, que j\u00e1 estava acostumado a compensar defici\u00eancias de um prot\u00f3tipo temperamental, conseguiu fazer m\u00e1gica.<\/p>\n\n\n\n<figure class=\"wp-block-image size-large\"><img decoding=\"async\" src=\"https:\/\/www.grandepremio.com\/br\/wp-content\/uploads\/2025\/09\/AFP__20250928__76ZG4RR__v8__HighRes__TopshotMotoPrixJpnMotogp-1200x791.jpg\" alt=\"\" class=\"wp-image-1017247\"\/><figcaption class=\"wp-element-caption\">Marc M\u00e1rquez sofreu com diversas les\u00f5es ao longo de toda a carreira (Foto: AFP)<\/figcaption><\/figure>\n\n\n\n<p class=\"wp-block-paragraph\">E n\u00e3o por falta de tentativa. O #93 lutou tanto contra a moto que caiu 29 vezes no ano \u2015 o maior n\u00famero de tombos desde a estreia na MotoGP. A situa\u00e7\u00e3o foi t\u00e3o extrema que ele chegou a abandonar o GP da Alemanha depois de sofrer cinco quedas no mesmo fim de semana.<\/p>\n\n\n\n<p class=\"wp-block-paragraph\">Marc insistiu, cobrou e pressionou a Honda por melhora, mas, com a RC213V estagnada, entendeu que o melhor caminho era romper o contrato um ano antes do previsto.<\/p>\n\n\n\n<p class=\"wp-block-paragraph\">Foi assim que um dos maiores vencedores de todos os tempos na MotoGP foi parar na <strong>Gresini<\/strong>. De olho em uma moto da Ducati, onde poderia descobrir sem sombras de d\u00favidas \u2015 dada a for\u00e7a do prot\u00f3tipo italiano \u2015 se ainda era capaz de ser competitivo, Marc se juntou ao irm\u00e3o na equipe de <strong>Nadia Padovani <\/strong>e, pouco a pouco, voltou a ser aquele de antes.<\/p>\n\n\n\n<p class=\"wp-block-paragraph\">Montado na <strong>GP23<\/strong>, a moto do ano anterior, Marc somou tr\u00eas vit\u00f3rias, dez p\u00f3dios e duas poles, fechando o ano na terceira coloca\u00e7\u00e3o do Mundial de Pilotos. A performance foi suficiente para dar a ele a vaga na equipe de f\u00e1brica, mesmo a custa de <strong>Jorge Mart\u00edn<\/strong>, que tinha sido campe\u00e3o.<\/p>\n\n\n\n<p class=\"wp-block-paragraph\">Ao longo deste ano, o mais velho dos M\u00e1rquez n\u00e3o apenas espantou a zica, mas voltou ao auge, fazendo uma das melhores \u2015 talvez a melhor \u2015 temporadas da carreira para igualar Valentino Rossi com sete t\u00edtulos na MotoGP \u2015 nove no Mundial de Motovelocidade.<\/p>\n\n\n\n<p class=\"wp-block-paragraph\">A&nbsp;<strong>MotoGP&nbsp;<\/strong>volta a acelerar entre os dias 3 a 5 de outubro, no&nbsp;GP da <strong>Indon\u00e9sia<\/strong>, direto de <strong>Mandalika<\/strong>, 18\u00aa etapa da temporada 2025. O&nbsp;<strong>GRANDE PR\u00caMIO&nbsp;<\/strong>faz a cobertura completa do evento, assim como das outras classes do&nbsp;Mundial de&nbsp;Motovelocidade&nbsp;durante todo o ano.<\/p>\n\n\n\n<p class=\"wp-block-paragraph\"><strong>\u25b6\ufe0f&nbsp;Inscreva-se nos dois canais do GRANDE PR\u00caMIO no YouTube:&nbsp;<a href=\"https:\/\/www.youtube.com\/channel\/UC9OlHEgxoaY6QY6nWPoiqQg?sub_confirmation=1\" target=\"_blank\" rel=\"noreferrer noopener\">GP<\/a>&nbsp;|&nbsp;<a href=\"https:\/\/www.youtube.com\/channel\/UC9csiS6q_C3C0FYhyr1rnFA?sub_confirmation=1\" target=\"_blank\" rel=\"noreferrer noopener\">GP2<\/a><\/strong><\/p>\n\n\n\n<figure class=\"wp-block-embed is-type-video is-provider-youtube wp-block-embed-youtube wp-embed-aspect-16-9 wp-has-aspect-ratio\"><div class=\"wp-block-embed__wrapper\">\n<iframe loading=\"lazy\" title=\"A HORA DO V4: YAMAHA P\u00d5E NOVA MOTO PARA JOGO EM MISANO | Paddock Sprint Moto\" width=\"500\" height=\"281\" src=\"https:\/\/www.youtube.com\/embed\/b_g7SpL1N0M?feature=oembed\" frameborder=\"0\" allow=\"accelerometer; autoplay; clipboard-write; encrypted-media; gyroscope; picture-in-picture; web-share\" referrerpolicy=\"strict-origin-when-cross-origin\" allowfullscreen><\/iframe>\n<\/div><\/figure>\n","protected":false},"excerpt":{"rendered":"<p>Entre a conquista de 2019 e o t\u00edtulo alcan\u00e7ado neste domingo (28), Marc M\u00e1rquez viveu um leg\u00edtimo calv\u00e1rio, marcado por les\u00f5es, cirurgias e longos afastamentos<\/p>\n","protected":false},"author":0,"featured_media":1001017258,"comment_status":"closed","ping_status":"closed","sticky":false,"template":"","format":"standard","meta":{"42wp_featured_image_caption":"","42wp_featured_image_credits":"","42wp_featured_video":"","42wp_featured_image_hidden":false,"42wp_authors_list":[],"footnotes":""},"categories":[8],"tags":[5214,131,6513,2327,28285,3504,130,24855,24704,132,137,1300,2869,79,78,39739,42042,41956,42032,42033,25819,29345,32257,28766,307,42034,25667,26690,136,2984,41398,172],"42wp_author":[47113],"class_list":["post-16937","post","type-post","status-publish","format-standard","has-post-thumbnail","hentry","category-motogp","tag-classificacao-motogp","tag-ducati","tag-espn","tag-francesco-bagnaia","tag-grandepremio","tag-gresini","tag-honda","tag-japao","tag-jorge-martin","tag-ktm","tag-lcr","tag-marc-marquez","tag-motegi","tag-moto-gp","tag-motogp","tag-motogp-2025","tag-motogp-2025-calendario","tag-motogp-25","tag-motogp-calendario-2025","tag-motogp-classificacao-2025","tag-motogp-hoje","tag-motogp-horario","tag-motogp-sprint","tag-motogp-standings","tag-motor","tag-onde-assistir-motogp-2025","tag-pecco-bagnaia","tag-pilotos-motogp","tag-pramac","tag-sprint","tag-temporada-motogp","tag-yamaha","42wp_author-juliana-tesser"],"_links":{"self":[{"href":"https:\/\/grandepremio.com\/br\/wp-json\/wp\/v2\/posts\/16937","targetHints":{"allow":["GET"]}}],"collection":[{"href":"https:\/\/grandepremio.com\/br\/wp-json\/wp\/v2\/posts"}],"about":[{"href":"https:\/\/grandepremio.com\/br\/wp-json\/wp\/v2\/types\/post"}],"replies":[{"embeddable":true,"href":"https:\/\/grandepremio.com\/br\/wp-json\/wp\/v2\/comments?post=16937"}],"version-history":[{"count":0,"href":"https:\/\/grandepremio.com\/br\/wp-json\/wp\/v2\/posts\/16937\/revisions"}],"wp:featuredmedia":[{"embeddable":true,"href":"https:\/\/grandepremio.com\/br\/wp-json\/wp\/v2\/media\/1001017258"}],"wp:attachment":[{"href":"https:\/\/grandepremio.com\/br\/wp-json\/wp\/v2\/media?parent=16937"}],"wp:term":[{"taxonomy":"category","embeddable":true,"href":"https:\/\/grandepremio.com\/br\/wp-json\/wp\/v2\/categories?post=16937"},{"taxonomy":"post_tag","embeddable":true,"href":"https:\/\/grandepremio.com\/br\/wp-json\/wp\/v2\/tags?post=16937"},{"taxonomy":"42wp_author","embeddable":true,"href":"https:\/\/grandepremio.com\/br\/wp-json\/wp\/v2\/42wp_author?post=16937"}],"curies":[{"name":"wp","href":"https:\/\/api.w.org\/{rel}","templated":true}]}}