{"id":16938,"date":"2025-09-28T03:30:00","date_gmt":"2025-09-28T06:30:00","guid":{"rendered":"https:\/\/grandepremio.com\/br\/noticias\/williams-endres-kelce-curry-marquez-irmaos-duelaram-titulos-esporte\/"},"modified":"2025-09-28T06:55:29","modified_gmt":"2025-09-28T09:55:29","slug":"williams-endres-kelce-curry-marquez-irmaos-duelaram-titulos-esporte","status":"publish","type":"post","link":"https:\/\/grandepremio.com\/br\/motogp\/williams-endres-kelce-curry-marquez-irmaos-duelaram-titulos-esporte\/","title":{"rendered":"Williams, Endres, Kelce, Curry e M\u00e1rquez: os irm\u00e3os que duelaram por t\u00edtulos no esporte"},"content":{"rendered":"\n<p class=\"wp-block-paragraph\"><strong>Marc M\u00e1rquez<\/strong> derrotou o irm\u00e3o <strong>\u00c1lex<\/strong> <a href=\"https:\/\/www.grandepremio.com\/br\/motogp\/noticias\/marc-marquez-atesta-renascimento-fecha-hepta-motogp-japao-francesco-bagnaia-vence\">no GP do Jap\u00e3o deste domingo (28)<\/a> e levou para casa o nono t\u00edtulo no <strong>Mundial de Motovelocidade<\/strong> \u2014 s\u00e9timo na MotoGP. O duelo em fam\u00edlia foi o principal tempero do campeonato desta temporada, com o <strong>#93 <\/strong>na <strong>Ducati<\/strong> levando ampla vantagem sobre o <strong>#73<\/strong> da <strong>Gresini<\/strong>.<\/p>\n\n\n\n<p class=\"wp-block-paragraph\">Na <strong>MotoGP<\/strong>, a batalha fraternal aconteceu pela primeira vez na hist\u00f3ria, por\u00e9m, isso j\u00e1 aconteceu em outros esportes mundo afora. E o <strong>GRANDE PR\u00caMIO<\/strong> conta para voc\u00ea, caro leitor.<\/p>\n\n\n\n<p class=\"wp-block-paragraph\">Talvez o duelo com mais confrontos entre irm\u00e3os em todas as modalidades tenha acontecido entre <strong>Venus <\/strong>e <strong>Serena Williams<\/strong>. As duas se enfrentaram em 31 partidas entre os anos de 1998 a 2020 em torneios profissionais da <strong>WTA<\/strong>, com vantagem para a mais nova, Serena (19 a 12). O primeiro confronto aconteceu nas oitavas de final do <strong>Australian Open<\/strong> de 1998, com vit\u00f3ria por 2 sets a zero para Venus.<\/p>\n\n\n\n<p class=\"wp-block-paragraph\">As irm\u00e3s Williams emplacaram uma sequ\u00eancia de impressionantes cinco finais de campeonatos importantes \u2014 os chamados <strong>Grand Slam<\/strong> \u2014 da WTA entre 2002 e 2003 \u2014 <strong>Roland Garros<\/strong>, <strong>Wimbledon<\/strong>, <strong>US Open<\/strong> em 2002, Australian Open e Roland Garros novamente em 2003 \u2014, todas vencidas por Serena, com o duelo mais duro decidido em 2h22min em <strong>Melbourne Park<\/strong>.<\/p>\n\n\n\n<p class=\"wp-block-paragraph\">A<strong> Austr\u00e1lia<\/strong>, ali\u00e1s, foi o palco da \u00faltima final da fam\u00edlia de tenistas <strong>\u2014<\/strong> fica aqui a recomenda\u00e7\u00e3o do filme <em><strong>&#8220;King Richard: Criando Campe\u00e3s&#8221;<\/strong><\/em>, que conta a hist\u00f3ria da dupla \u2014, em 2017, quando Serena bateu a irm\u00e3 por 2 sets a 0 com um duplo 6-4. O \u00faltimo confronto entre elas aconteceu, contudo, foi nas oitavas de final do <strong>Torneio de Top Seed<\/strong>, em <strong>Kentucky (EUA)<\/strong>, e ainda sob diversas restri\u00e7\u00f5es devido \u00e0 Covid-19, com vit\u00f3ria de Serena por 2 a 1.<\/p>\n\n\n\n<figure class=\"wp-block-image size-full\"><img decoding=\"async\" src=\"https:\/\/www.grandepremio.com\/br\/wp-content\/uploads\/2025\/09\/Serena_Williams_and_Venus_Williams.jpg\" alt=\"\" class=\"wp-image-1015823\"\/><figcaption class=\"wp-element-caption\">Venus e Serena Williams durante o Australian Open (Foto: Reprodu\u00e7\u00e3o)<\/figcaption><\/figure>\n\n\n\n<p class=\"wp-block-paragraph\">No v\u00f4lei masculino, os irm\u00e3os <strong>Gustavo<\/strong> e <strong>Murilo Endres <\/strong>fizeram hist\u00f3ria na sele\u00e7\u00e3o brasileira com diversos t\u00edtulos de <strong>Liga Mundial<\/strong> e um bicampeonato do mundo na sele\u00e7\u00e3o dirigida por <strong>Bernardinho<\/strong>, incluindo uma medalha de prata nos <strong>Jogos Ol\u00edmpicos<\/strong> de 2008, em <strong>Pequim<\/strong>. O confronto entre eles aconteceu bastante tamb\u00e9m em paralelo \u00e0s carreiras em clubes.<\/p>\n\n\n\n<p class=\"wp-block-paragraph\">Na <strong>It\u00e1lia<\/strong>, Gustavo jogava pelo <strong>Sisley Treviso<\/strong> (2004\/09) e bateu o ca\u00e7ula em 11 de 12 partidas disputadas entre eles, com Murilo atuando pelo <strong>Calippo Sport<\/strong> (2005\/06), depois pelo <strong>Modena Volley <\/strong>(2006\/09). Na <strong>Superliga de V\u00f4lei<\/strong> no <strong>Brasil<\/strong>, o primeiro jogo entre eles aconteceu na temporada 2009\/10, com Gustavo repatriado pelo <strong>Pinheiros<\/strong> e Murilo, pelo <strong>Sesi<\/strong>. Vit\u00f3ria do mais velho por 3 sets a 0.<\/p>\n\n\n\n<p class=\"wp-block-paragraph\"><strong>Travis Kelce<\/strong> e <strong>Jason Kelce<\/strong> s\u00e3o exemplos de irm\u00e3os vitoriosos na <strong>NFL<\/strong>. O irm\u00e3o mais velho atuou com sucesso no <strong>Philadelphia Eagles <\/strong>entre as temporadas 2011 e 2023 e teve a oportunidade de duelar em fam\u00edlia no <strong>Super Bowl LVII<\/strong>, quando Travis chegou \u00e0 final com o <strong>Kansas City Chiefs<\/strong>. <\/p>\n\n\n\n<p class=\"wp-block-paragraph\">Vit\u00f3ria do ca\u00e7ula por 38 a 35, conquistando o segundo dos tr\u00eas t\u00edtulos que tem na carreira \u2014 2020, 2023 e 2024 \u2014, al\u00e9m de dois vices nos campeonatos de 2021, derrotado pelo <strong>Tampa Bay Buccaneers<\/strong> e, em 2025, pelo pr\u00f3prio Eagles, num massacre com o placar de 40-22 para o ex-time de Jason, que j\u00e1 havia se aposentado do esporte.<\/p>\n\n\n\n<figure class=\"wp-block-image size-full\"><img decoding=\"async\" src=\"https:\/\/www.grandepremio.com\/br\/wp-content\/uploads\/2025\/09\/travis-jason-kelce.png\" alt=\"\" class=\"wp-image-1015824\"\/><figcaption class=\"wp-element-caption\">Jason e Travis Kelce, lendas da NFL (Foto: Reprodu\u00e7\u00e3o)<\/figcaption><\/figure>\n\n\n\n<p class=\"wp-block-paragraph\">E na <strong>NBA<\/strong>, a fam\u00edlia Curry fez hist\u00f3ria ao ser a primeira a se enfrentar em finais de confer\u00eancia. Isso aconteceu na temporada 2018\/19, quando o craque e um dos maiores de todos os tempos, <strong>Stephen Curry<\/strong>, bateu o irm\u00e3o Seth e avan\u00e7ou para o confronto contra o <strong>Toronto Raptor<\/strong>s, no qual o camisa <strong>#30<\/strong> sairia derrotado.<\/p>\n\n\n\n<p class=\"wp-block-paragraph\">Por\u00e9m, o <strong>Portland Trail Blazers<\/strong>, de <strong>Seth Curry<\/strong>, n\u00e3o foi p\u00e1reo para a sele\u00e7\u00e3o do <strong>Golden State Warriors <\/strong>naquele campeonato e o placar foi de 4 a 0 para o heptacampe\u00e3o de basquete norte-americano, curiosamente, o mesmo n\u00famero de t\u00edtulos de Marc M\u00e1rquez na classe rainha do Mundial de Motovelocidade.<\/p>\n\n\n\n<h2 class=\"wp-block-heading\" id=\"h-mas-site-e-no-futebol-isso-nunca-aconteceu\"><strong><em>Mas site: e no futebol, isso nunca aconteceu?<\/em><\/strong><\/h2>\n\n\n\n<p class=\"wp-block-paragraph\">No esporte mais popular do mundo, s\u00e3o in\u00fameros os casos de irm\u00e3os que dividem a mesma profiss\u00e3o, s\u00f3 que dificilmente eles atuaram um contra o outro. No Brasil, o caso mais famoso de futebol em fam\u00edlia talvez seja <strong>S\u00f3crates<\/strong> e <strong>Ra\u00ed<\/strong>, que fizeram hist\u00f3ria por <strong>Corinthians<\/strong> e <strong>S\u00e3o Paulo<\/strong>, respectivamente, mas nunca se enfrentaram por conta da diferen\u00e7a de idade.<\/p>\n\n\n\n<p class=\"wp-block-paragraph\"><strong>Zico<\/strong> e <strong>Edu Coimbra<\/strong> chegaram a decidir um <strong>Campeonato Carioca<\/strong> na temporada de 1974, atuando pelo <strong>Flamengo<\/strong> contra o <strong>Am\u00e9rica<\/strong>. Por\u00e9m, n\u00e3o foi necessariamente um jogo final, e sim uma partida disputada em um triangular, como previa o regulamento \u00e0 \u00e9poca, junto com o <strong>Vasco<\/strong>. Quem somasse mais pontos seria o campe\u00e3o, e o Galinho levou a melhor contra o irm\u00e3o mais velho, \u00eddolo do Mec\u00e3o, no dia 15 de dezembro daquele ano, 2 a 1 para o Rubro-Negro, gols de Jayme e J\u00fanior.<\/p>\n\n\n\n<figure class=\"wp-block-image size-full\"><img decoding=\"async\" src=\"https:\/\/www.grandepremio.com\/br\/wp-content\/uploads\/2025\/09\/FUVaD2zWUAAboZN.jpg\" alt=\"\" class=\"wp-image-1015826\"\/><figcaption class=\"wp-element-caption\">S\u00f3crates e Ra\u00ed brilharam no futebol brasileiro por Corinthians e S\u00e3o Paulo (Foto: SPFC Pics)<\/figcaption><\/figure>\n\n\n\n<p class=\"wp-block-paragraph\">Na d\u00e9cada de 90, a fam\u00edlia mais famosa de jogadores de futebol, com certeza, era a <strong>De Boer<\/strong>. Os irm\u00e3os Frank e Ronald foram zagueiro e meia, respectivamente, de um <strong>Ajax<\/strong> que fez hist\u00f3ria em 1995 ao ser campe\u00e3o da <strong>Liga dos Campe\u00f5es<\/strong>. Juntos, entraram em campo mais de 400 partidas e depois entraram em campo lado a lado tamb\u00e9m no <strong>Barcelona<\/strong>, <strong>Rangers (ESC)<\/strong>, <strong>Al-Arabi (CAT)<\/strong> e na sele\u00e7\u00e3o da<strong> Holanda<\/strong> nas Copas de 1994 e 1998, derrotada pelo Brasil nos p\u00eanaltis &#8211; quem n\u00e3o se lembra da narra\u00e7\u00e3o ic\u00f4nica de <strong>Galv\u00e3o Bueno<\/strong> nesse dia?<\/p>\n\n\n\n<p class=\"wp-block-paragraph\">Lucas e <strong>Th\u00e9o Hernandez<\/strong> s\u00e3o dois defensores franceses com muitas partidas pela sele\u00e7\u00e3o juntos. A curiosidade? Apenas um deles venceu a <strong>Copa do Mundo<\/strong>. Em 2018, Lucas fez parte dos <em>Les Bleus<\/em> que bateu a <strong>Cro\u00e1cia <\/strong>por 4 a 2, enquanto o irm\u00e3o viu o triunfo de casa, cortado do Mundial por les\u00e3o. Na edi\u00e7\u00e3o seguinte, em 2022, a dupla bateu na trave para fazer hist\u00f3ria no futebol ao ser vice-campe\u00e3o do mundo perdendo para a <strong>Argentina<\/strong> de <strong>Lionel Messi <\/strong>nos p\u00eanaltis.<\/p>\n\n\n\n<figure class=\"wp-block-image size-full\"><img decoding=\"async\" src=\"https:\/\/www.grandepremio.com\/br\/wp-content\/uploads\/2025\/09\/WhatsApp-Image-2023-05-14-at-10.25.38.jpeg\" alt=\"\" class=\"wp-image-1015827\"\/><figcaption class=\"wp-element-caption\">Ronald e Frank de Boer atuaram em mais de 400 partidas junto (Foto: Arquivo)<\/figcaption><\/figure>\n\n\n\n<p class=\"wp-block-paragraph\">A&nbsp;<strong><a href=\"https:\/\/grandepremio.com\/motovelocidade\/\" target=\"_blank\" rel=\"noreferrer noopener\">MotoGP<\/a>&nbsp;<\/strong>volta a acelerar entre os dias 3 a 5 de outubro, no&nbsp;GP da <strong>Indon\u00e9sia<\/strong>, direto de <strong>Mandalika<\/strong>, 18\u00aa etapa da temporada 2025. O&nbsp;<strong>GRANDE PR\u00caMIO&nbsp;<\/strong>faz a cobertura completa do evento, assim como das outras classes do&nbsp;<strong>Mundial de&nbsp;<a href=\"https:\/\/www.grandepremio.com\/motovelocidade\/\">Motovelocidade<\/a><\/strong><a href=\"https:\/\/www.grandepremio.com\/motovelocidade\/\">&nbsp;<\/a>durante todo o ano.<\/p>\n\n\n\n<p class=\"wp-block-paragraph\"><strong>\u25b6\ufe0f&nbsp;Inscreva-se nos dois canais do GRANDE PR\u00caMIO no YouTube:&nbsp;<a href=\"https:\/\/www.youtube.com\/channel\/UC9OlHEgxoaY6QY6nWPoiqQg?sub_confirmation=1\" target=\"_blank\" rel=\"noreferrer noopener\">GP<\/a>&nbsp;|&nbsp;<a href=\"https:\/\/www.youtube.com\/channel\/UC9csiS6q_C3C0FYhyr1rnFA?sub_confirmation=1\" target=\"_blank\" rel=\"noreferrer noopener\">GP2<\/a><\/strong><\/p>\n\n\n\n<figure class=\"wp-block-embed is-type-video is-provider-youtube wp-block-embed-youtube wp-embed-aspect-16-9 wp-has-aspect-ratio\"><div class=\"wp-block-embed__wrapper\">\n<iframe loading=\"lazy\" title=\"A HORA DO V4: YAMAHA P\u00d5E NOVA MOTO PARA JOGO EM MISANO | Paddock Sprint Moto\" width=\"500\" height=\"281\" src=\"https:\/\/www.youtube.com\/embed\/b_g7SpL1N0M?feature=oembed\" frameborder=\"0\" allow=\"accelerometer; autoplay; clipboard-write; encrypted-media; gyroscope; picture-in-picture; web-share\" referrerpolicy=\"strict-origin-when-cross-origin\" allowfullscreen><\/iframe>\n<\/div><\/figure>\n","protected":false},"excerpt":{"rendered":"<p>Os irm\u00e3os M\u00e1rquez dominaram a disputa pelo t\u00edtulo da MotoGP em 2025, com Marc levando a melhor sobre \u00c1lex. Duelos em fam\u00edlias s\u00e3o comuns no esporte e o GRANDE PR\u00caMIO relembra casos emblem\u00e1ticos<\/p>\n","protected":false},"author":0,"featured_media":1001017411,"comment_status":"closed","ping_status":"closed","sticky":false,"template":"","format":"standard","meta":{"42wp_featured_image_caption":"","42wp_featured_image_credits":"","42wp_featured_video":"","42wp_featured_image_hidden":false,"42wp_authors_list":[],"footnotes":""},"categories":[8],"tags":[2090,179,304,783,24853,5214,3539,131,2115,24979,3023,1491,28285,3504,901,5455,43102,1300,2869,78,39739,847,696,34187,2380,41828],"42wp_author":[47128],"class_list":["post-16938","post","type-post","status-publish","format-standard","has-post-thumbnail","hentry","category-motogp","tag-alex-marquez","tag-argentina","tag-barcelona","tag-brasil","tag-calendario-motogp","tag-classificacao-motogp","tag-corinthians","tag-ducati","tag-flamengo","tag-franca","tag-gp-do-japao","tag-grande-premio","tag-grandepremio","tag-gresini","tag-holanda","tag-horarios-motogp","tag-japao-2025","tag-marc-marquez","tag-motegi","tag-motogp","tag-motogp-2025","tag-mundial-de-motovelocidade","tag-nba","tag-onde-assistir-motogp","tag-sao-paulo","tag-temporada-2025-da-motogp","42wp_author-guilherme-bloisi"],"_links":{"self":[{"href":"https:\/\/grandepremio.com\/br\/wp-json\/wp\/v2\/posts\/16938","targetHints":{"allow":["GET"]}}],"collection":[{"href":"https:\/\/grandepremio.com\/br\/wp-json\/wp\/v2\/posts"}],"about":[{"href":"https:\/\/grandepremio.com\/br\/wp-json\/wp\/v2\/types\/post"}],"replies":[{"embeddable":true,"href":"https:\/\/grandepremio.com\/br\/wp-json\/wp\/v2\/comments?post=16938"}],"version-history":[{"count":0,"href":"https:\/\/grandepremio.com\/br\/wp-json\/wp\/v2\/posts\/16938\/revisions"}],"wp:featuredmedia":[{"embeddable":true,"href":"https:\/\/grandepremio.com\/br\/wp-json\/wp\/v2\/media\/1001017411"}],"wp:attachment":[{"href":"https:\/\/grandepremio.com\/br\/wp-json\/wp\/v2\/media?parent=16938"}],"wp:term":[{"taxonomy":"category","embeddable":true,"href":"https:\/\/grandepremio.com\/br\/wp-json\/wp\/v2\/categories?post=16938"},{"taxonomy":"post_tag","embeddable":true,"href":"https:\/\/grandepremio.com\/br\/wp-json\/wp\/v2\/tags?post=16938"},{"taxonomy":"42wp_author","embeddable":true,"href":"https:\/\/grandepremio.com\/br\/wp-json\/wp\/v2\/42wp_author?post=16938"}],"curies":[{"name":"wp","href":"https:\/\/api.w.org\/{rel}","templated":true}]}}