{"id":16972,"date":"2025-09-27T10:01:54","date_gmt":"2025-09-27T13:01:54","guid":{"rendered":"https:\/\/grandepremio.com\/br\/noticias\/fernando-alonso-diz-precisa-todo-cerebro-para-entender-adrian-newey-mesmo-que-use-5\/"},"modified":"2025-09-27T11:53:59","modified_gmt":"2025-09-27T14:53:59","slug":"fernando-alonso-diz-precisa-todo-cerebro-para-entender-adrian-newey-mesmo-que-use-5","status":"publish","type":"post","link":"https:\/\/grandepremio.com\/br\/f1\/fernando-alonso-diz-precisa-todo-cerebro-para-entender-adrian-newey-mesmo-que-use-5\/","title":{"rendered":"Alonso diz que &#8220;precisa de todo o c\u00e9rebro&#8221; para entender Newey: &#8220;Mesmo que ele use 5%&#8221;"},"content":{"rendered":"\n<p class=\"wp-block-paragraph\"><strong>Fernando Alonso<\/strong> exaltou a genialidade e os feitos de <strong>Adrian Newey<\/strong>, personagem com maior n\u00famero de vit\u00f3rias na hist\u00f3ria da <strong>F\u00f3rmula 1<\/strong> e que \u00e9 o respons\u00e1vel pela parte t\u00e9cnica da <strong>Aston Martin<\/strong>. O espanhol ressaltou que o brilhantismo do projetista \u00e9 tamanho que exige utilizar &#8220;toda a capacidade cerebral&#8221; para entend\u00ea-lo em muitas situa\u00e7\u00f5es.<\/p>\n\n\n\n<p class=\"wp-block-paragraph\">Alonso nunca escondeu que tem altas expectativas para 2026, quando a F1 ter\u00e1 um novo regulamento de carro e motor. A temporada pode ser chave para a carreira do espanhol, que ainda ambiciona vencer e ser tricampe\u00e3o na categoria pela Aston Martin, mas que pode pendurar o capacete no fim do pr\u00f3ximo ano \u2014 <a href=\"https:\/\/www.grandepremio.com\/br\/f1\/noticias\/fernando-alonso-fala-deixar-f1-auge-avisa-se-carro-for-bom-2026-pode-ser-ultimo-ano\/\">o que tamb\u00e9m j\u00e1 admitiu<\/a>.<\/p>\n\n\n\n<p class=\"wp-block-paragraph\">Do alto dos 44 anos e dos mais de 400 GPs disputados, Alonso ressaltou que tem aprendido com Newey, que trabalha quase que exclusivamente focado no desenvolvimento do futuro carro da Aston Martin.<\/p>\n\n\n\n<p class=\"wp-block-paragraph\">\u201c\u00c9 um cara incr\u00edvel, o melhor projetista da hist\u00f3ria do nosso esporte, e todos na equipe est\u00e3o aprendendo muito com ele. Tudo o que o Adrian faz, voc\u00ea tenta entender por que ele est\u00e1 fazendo, por que escolheu aquele caminho ou responde de tal jeito. Sempre h\u00e1 algo para aprender&#8221;, disse Alonso ao site da Aston Martin.<\/p>\n\n\n\n<figure class=\"wp-block-image size-large\"><img decoding=\"async\" src=\"https:\/\/www.grandepremio.com\/br\/wp-content\/uploads\/2025\/07\/F12416_102144_V6A0915-1200x800.jpg\" alt=\"\" class=\"wp-image-992921\"\/><figcaption class=\"wp-element-caption\">Fernando Alonso e Adrian Newey (Foto: Aston Martin)<\/figcaption><\/figure>\n\n\n\n<p class=\"wp-block-paragraph\">&#8220;At\u00e9 de uma resposta simples que d\u00e1 \u2014 que pode ser clara para ele, mas ser\u00e1 que \u00e9 para os demais? H\u00e1 momentos em que, para entend\u00ea-lo, voc\u00ea precisa usar toda a capacidade cerebral. Mesmo que o Adrian use s\u00f3 5%, n\u00f3s, pessoas normais, precisamos usar muito mais [risos]\u201d, completou.<\/p>\n\n\n\n<p class=\"wp-block-paragraph\">A entrevista de Alonso foi realizada pela Aston Martin durante um jogo de xadrez. O espanhol, que admitiu n\u00e3o ser um habitual praticante da modalidade, endossou que Newey est\u00e1 sempre um passo adiante. \u201cSim, este \u00e9 um exemplo muito bom. Acho que Adrian seria um excelente jogador de xadrez&#8221;, concluiu.<\/p>\n\n\n\n<p class=\"wp-block-paragraph\">A\u00a0<a href=\"https:\/\/www.grandepremio.com\/br\/f1\/\" target=\"_blank\" rel=\"noreferrer noopener\"><\/a><strong><a href=\"https:\/\/www.grandepremio.com\/br\/f1\/\" target=\"_blank\" rel=\"noreferrer noopener\">F\u00f3rmula 1<\/a><\/strong>\u00a0volta \u00e0 pista no pr\u00f3ximo fim de semana, entre os dias\u00a0<strong>3 e 5 de outubro<\/strong>, para o\u00a0<strong>GP de Singapura<\/strong>, com cobertura completa do\u00a0<strong>GRANDE PR\u00caMIO<\/strong>.<\/p>\n\n\n\n<p class=\"wp-block-paragraph\"><strong>\u25b6\ufe0f<\/strong>\u00a0<strong>Inscreva-se nos dois canais do GRANDE PR\u00caMIO no YouTube:\u00a0<a href=\"https:\/\/www.youtube.com\/channel\/UC9OlHEgxoaY6QY6nWPoiqQg?sub_confirmation=1\" target=\"_blank\" rel=\"noreferrer noopener\">GP<\/a>\u00a0|\u00a0<a href=\"https:\/\/www.youtube.com\/channel\/UC9csiS6q_C3C0FYhyr1rnFA?sub_confirmation=1\" target=\"_blank\" rel=\"noreferrer noopener\">GP2<\/a><\/strong><\/p>\n\n\n\n<figure class=\"wp-block-embed is-type-video is-provider-youtube wp-block-embed-youtube wp-embed-aspect-16-9 wp-has-aspect-ratio\"><div class=\"wp-block-embed__wrapper\">\n<iframe loading=\"lazy\" title=\"\ud83d\udd34MAX VERSTAPPEN ESTREIA E VENCE NO GT3 COM FERRARI EM N\u00dcRBURGRING: ASSISTA \u00c0 CORRIDA | NLS 2025\" width=\"500\" height=\"281\" src=\"https:\/\/www.youtube.com\/embed\/InTBZ186N1s?feature=oembed\" frameborder=\"0\" allow=\"accelerometer; autoplay; clipboard-write; encrypted-media; gyroscope; picture-in-picture; web-share\" referrerpolicy=\"strict-origin-when-cross-origin\" allowfullscreen><\/iframe>\n<\/div><\/figure>\n","protected":false},"excerpt":{"rendered":"<p>Alonso elogia impacto de Newey na Aston Martin, mas admite dificuldade em acompanhar mente brilhante do projetista<\/p>\n","protected":false},"author":0,"featured_media":1000992923,"comment_status":"closed","ping_status":"closed","sticky":false,"template":"","format":"standard","meta":{"42wp_featured_image_caption":"","42wp_featured_image_credits":"","42wp_featured_video":"","42wp_featured_image_hidden":false,"42wp_authors_list":[],"footnotes":""},"categories":[2],"tags":[3547,42606,309,28198,4371,26271,5273,147,3630,29516,176,180,3628,31425,24976,34437,1491,28285,30840,87,35129,42001],"42wp_author":[47155],"class_list":["post-16972","post","type-post","status-publish","format-standard","has-post-thumbnail","hentry","category-f1","tag-adrian-newey","tag-amr25","tag-aston-martin","tag-azerbaijao","tag-baku","tag-calendario-f1","tag-classificacao-f1","tag-f1","tag-f1-2025","tag-f1-2026","tag-fernando-alonso","tag-formula-1","tag-formula-1-2025","tag-formula-1-2026","tag-gp-do-azerbaijao","tag-gp-do-azerbaijao-f1","tag-grande-premio","tag-grandepremio","tag-horarios-f1","tag-lewis-hamilton","tag-onde-assistir-f1","tag-temporada-2025-f1","42wp_author-daniel-balsa"],"_links":{"self":[{"href":"https:\/\/grandepremio.com\/br\/wp-json\/wp\/v2\/posts\/16972","targetHints":{"allow":["GET"]}}],"collection":[{"href":"https:\/\/grandepremio.com\/br\/wp-json\/wp\/v2\/posts"}],"about":[{"href":"https:\/\/grandepremio.com\/br\/wp-json\/wp\/v2\/types\/post"}],"replies":[{"embeddable":true,"href":"https:\/\/grandepremio.com\/br\/wp-json\/wp\/v2\/comments?post=16972"}],"version-history":[{"count":0,"href":"https:\/\/grandepremio.com\/br\/wp-json\/wp\/v2\/posts\/16972\/revisions"}],"wp:featuredmedia":[{"embeddable":true,"href":"https:\/\/grandepremio.com\/br\/wp-json\/wp\/v2\/media\/1000992923"}],"wp:attachment":[{"href":"https:\/\/grandepremio.com\/br\/wp-json\/wp\/v2\/media?parent=16972"}],"wp:term":[{"taxonomy":"category","embeddable":true,"href":"https:\/\/grandepremio.com\/br\/wp-json\/wp\/v2\/categories?post=16972"},{"taxonomy":"post_tag","embeddable":true,"href":"https:\/\/grandepremio.com\/br\/wp-json\/wp\/v2\/tags?post=16972"},{"taxonomy":"42wp_author","embeddable":true,"href":"https:\/\/grandepremio.com\/br\/wp-json\/wp\/v2\/42wp_author?post=16972"}],"curies":[{"name":"wp","href":"https:\/\/api.w.org\/{rel}","templated":true}]}}