{"id":16996,"date":"2025-09-26T19:58:33","date_gmt":"2025-09-26T22:58:33","guid":{"rendered":"https:\/\/grandepremio.com\/br\/noticias\/pedro-lima-bate-heitor-dallagnol-garante-pole-corridas-1-e-3-f4-brasil-velocitta\/"},"modified":"2025-09-26T19:58:35","modified_gmt":"2025-09-26T22:58:35","slug":"pedro-lima-bate-heitor-dallagnol-garante-pole-corridas-1-e-3-f4-brasil-velocitta","status":"publish","type":"post","link":"https:\/\/grandepremio.com\/br\/f4\/pedro-lima-bate-heitor-dallagnol-garante-pole-corridas-1-e-3-f4-brasil-velocitta\/","title":{"rendered":"Lima bate Dall\u2019Agnol e garante pole para corridas 1 e 3 da F4 Brasil no Velocitta"},"content":{"rendered":"\n<p class=\"wp-block-paragraph\"><strong>Pedro Lima<\/strong> foi o mais r\u00e1pido durante a classifica\u00e7\u00e3o da <strong>F\u00f3rmula 4 Brasil<\/strong>, que aconteceu nesta sexta-feira (26) no <strong>Velocitta<\/strong>. Embalado pela boa sess\u00e3o de treinos no dia anterior, foi 0s118 mais r\u00e1pido que <strong>Heitor Dall\u2019Agnol<\/strong> e garantiu a pole-position nas corridas 1 e 3.&nbsp;<\/p>\n\n\n\n<p class=\"wp-block-paragraph\">L\u00edder do campeonato, <strong>Dall\u2019Agnol<\/strong> tinha a pole provis\u00f3ria com 1min26s368. Por\u00e9m, Lima assegurou a ponta ao registrar 1min26s250. Com o feito, fez a pole na<strong> F4 Brasil<\/strong> pela primeira vez e encerrou a sequ\u00eancia da <strong>TMG<\/strong>, que tinha conquistado a posi\u00e7\u00e3o de honra nas duas etapas anteriores com <strong>Ciro Sobral <\/strong>e <strong>Heitor<\/strong>.<\/p>\n\n\n\n<p class=\"wp-block-paragraph\">Segundo o regulamento desportivo, a classifica\u00e7\u00e3o determina a ordem de largada das corridas longas da etapa, de 30 minutos mais uma volta. O melhor tempo de cada piloto serve para ordenar o grid da terceira e \u00faltima prova da rodada, no domingo, enquanto o combinado das segundas voltas mais r\u00e1pidas define o alinhamento para corrida 1.\u00a0<\/p>\n\n\n\n<p class=\"wp-block-paragraph\">Portanto, <strong>Lima <\/strong>e <strong>Dall\u2019Agnol<\/strong> formam a primeira fila nas corridas 1 e 3, enquanto a terceira posi\u00e7\u00e3o em ambas as provas ser\u00e1 de <strong>Pedro Lins<\/strong>. Rival mais pr\u00f3ximo de <strong>Heitor <\/strong>na briga pelo t\u00edtulo, <strong>Murilo Rocha<\/strong> larga de s\u00e9timo e sexto.<\/p>\n\n\n\n<figure class=\"wp-block-image size-full\"><img decoding=\"async\" src=\"https:\/\/www.grandepremio.com\/br\/wp-content\/uploads\/2025\/07\/Heitor-Dallagnol-pole-F4-Velocitta-Foto-F4-BR-Magnus-Torquato.jpg\" alt=\"\" class=\"wp-image-993323\"\/><figcaption class=\"wp-element-caption\">Heitor Dall&#8217;agnol ficou com o segundo lugar na classifica\u00e7\u00e3o no Velocitta (Foto: F4 BR \/ Magnus Torquato)<\/figcaption><\/figure>\n\n\n\n<h2 class=\"wp-block-heading\" id=\"h-grid-corrida-1-formula-4-velocitta\"><strong>GRID CORRIDA 1 F\u00d3RMULA 4, VELOCITTA<\/strong><\/h2>\n\n\n\n<figure class=\"wp-block-table\"><table class=\"has-fixed-layout\"><tbody><tr><td>POS<\/td><td>Piloto<\/td><td>Carro<\/td><td>Equipe<\/td><td>Tempo<\/td><td>Diff<\/td><\/tr><tr><td>1<\/td><td>PEDRO LIMA<\/td><td>188<\/td><td>BASSANI RACING<\/td><td>1:26.290<\/td><td><\/td><\/tr><tr><td>2<\/td><td>HEITOR DALL&#8217;AGNOL<\/td><td>27<\/td><td>TMG RACING<\/td><td>1:26.463<\/td><td>+0.173<\/td><\/tr><tr><td>3<\/td><td>PEDRO LINS<\/td><td>26<\/td><td>BASSANI RACING<\/td><td>1:26.513<\/td><td>+0.223<\/td><\/tr><tr><td>4<\/td><td>PIETRO MESQUITA<\/td><td>59<\/td><td>TMG RACING<\/td><td>1:26.517<\/td><td>+0.227<\/td><\/tr><tr><td>5<\/td><td>ALCEU FELDMANN NETO<\/td><td>95<\/td><td>CAVALEIRO SPORTS<\/td><td>1:26.576<\/td><td>+0.286<\/td><\/tr><tr><td>6<\/td><td>FILIPPO FIORENTINO<\/td><td>135<\/td><td>TMG RACING<\/td><td>1:26.650<\/td><td>+0.360<\/td><\/tr><tr><td>7<\/td><td>MURILO ROCHA<\/td><td>55<\/td><td>BASSANI RACING<\/td><td>1:26.708<\/td><td>+0.418<\/td><\/tr><tr><td>8<\/td><td>ETHAN NOBELS<\/td><td>12<\/td><td>CAVALEIRO SPORTS<\/td><td>1:26.723<\/td><td>+0.433<\/td><\/tr><tr><td>9<\/td><td>ROG\u00c9RIO GROTTA<\/td><td>7<\/td><td>CAVALEIRO SPORTS<\/td><td>1:26.839<\/td><td>+0.549<\/td><\/tr><tr><td>10<\/td><td>CELO HAHN<\/td><td>0<\/td><td>TMG RACING<\/td><td>1:26.848<\/td><td>+0.558<\/td><\/tr><tr><td>11<\/td><td>CIRO SOBRAL<\/td><td>71<\/td><td>TMG RACING<\/td><td>1:26.912<\/td><td>+0.622<\/td><\/tr><tr><td>12<\/td><td>RENZO BARBUY<\/td><td>31<\/td><td>BASSANI RACING<\/td><td>1:26.957<\/td><td>+0.667<\/td><\/tr><tr><td>13<\/td><td>CADI BAPTISTA<\/td><td>41<\/td><td>TMG RACING<\/td><td>1:26.979<\/td><td>+0.689<\/td><\/tr><tr><td>14<\/td><td>ENRICCO ABREU<\/td><td>29<\/td><td>CAVALEIRO SPORTS<\/td><td>1:27.128<\/td><td>+0.838<\/td><\/tr><tr><td>15<\/td><td>CHRISTIAN HELOU<\/td><td>33<\/td><td>BASSANI RACING<\/td><td>1:27.326<\/td><td>+1.036<\/td><\/tr><\/tbody><\/table><\/figure>\n\n\n\n<p class=\"wp-block-paragraph\"><strong>GRID CORRIDA 3 F\u00d3RMULA 4, VELOCITTA<\/strong><\/p>\n\n\n\n<figure class=\"wp-block-table\"><table class=\"has-fixed-layout\"><tbody><tr><td>POS<\/td><td>Piloto<\/td><td>Carro<\/td><td>Equipe<\/td><td>Tempo<\/td><td>Diff<\/td><\/tr><tr><td>1<\/td><td>PEDRO LIMA<\/td><td>188<\/td><td>BASSANI RACING<\/td><td>1:26.350<\/td><td><\/td><\/tr><tr><td>2<\/td><td>HEITOR DALL&#8217;AGNOL<\/td><td>27<\/td><td>TMG RACING<\/td><td>1:26.368<\/td><td>+0.018<\/td><\/tr><tr><td>3<\/td><td>PEDRO LINS<\/td><td>26<\/td><td>BASSANI RACING<\/td><td>1:26.414<\/td><td>+0.064<\/td><\/tr><tr><td>4<\/td><td>ALCEU FELDMANN NETO<\/td><td>95<\/td><td>CAVALEIRO SPORTS<\/td><td>1:26.439<\/td><td>+0.089<\/td><\/tr><tr><td>5<\/td><td>PIETRO MESQUITA<\/td><td>59<\/td><td>TMG RACING<\/td><td>1:26.486<\/td><td>+0.136<\/td><\/tr><tr><td>6<\/td><td>MURILO ROCHA<\/td><td>55<\/td><td>BASSANI RACING<\/td><td>1:26.514<\/td><td>+0.164<\/td><\/tr><tr><td>7<\/td><td>ROG\u00c9RIO GROTTA<\/td><td>7<\/td><td>CAVALEIRO SPORTS<\/td><td>1:26.574<\/td><td>+0.224<\/td><\/tr><tr><td>8<\/td><td>FILIPPO FIORENTINO<\/td><td>135<\/td><td>TMG RACING<\/td><td>1:26.582<\/td><td>+0.232<\/td><\/tr><tr><td>9<\/td><td>ETHAN NOBELS<\/td><td>12<\/td><td>CAVALEIRO SPORTS<\/td><td>1:26.676<\/td><td>+0.326<\/td><\/tr><tr><td>10<\/td><td>ENRICCO ABREU<\/td><td>29<\/td><td>CAVALEIRO SPORTS<\/td><td>1:26.732<\/td><td>+0.382<\/td><\/tr><tr><td>11<\/td><td>CELO HAHN<\/td><td>0<\/td><td>TMG RACING<\/td><td>1:26.845<\/td><td>+0.495<\/td><\/tr><tr><td>12<\/td><td>CIRO SOBRAL<\/td><td>71<\/td><td>TMG RACING<\/td><td>1:26.883<\/td><td>+0.533<\/td><\/tr><tr><td>13<\/td><td>CADI BAPTISTA<\/td><td>41<\/td><td>TMG RACING<\/td><td>1:26.884<\/td><td>+0.534<\/td><\/tr><tr><td>14<\/td><td>RENZO BARBUY<\/td><td>31<\/td><td>BASSANI RACING<\/td><td>1:26.951<\/td><td>+0.601<\/td><\/tr><tr><td>15<\/td><td>CHRISTIAN HELOU<\/td><td>33<\/td><td>BASSANI RACING<\/td><td>1:27.183<\/td><td>+0.833<\/td><\/tr><\/tbody><\/table><\/figure>\n","protected":false},"excerpt":{"rendered":"<p>Pedro Lima superou conquistou a primeira pole na F4 Brasil e encerrou a sequ\u00eancia da TMG ao desbancar Heitor Dall\u2019Agnol na classifica\u00e7\u00e3o no Velocitta<\/p>\n","protected":false},"author":0,"featured_media":1001016668,"comment_status":"closed","ping_status":"closed","sticky":false,"template":"","format":"standard","meta":{"42wp_featured_image_caption":"","42wp_featured_image_credits":"","42wp_featured_video":"","42wp_featured_image_hidden":false,"42wp_authors_list":[],"footnotes":""},"categories":[47],"tags":[],"42wp_author":[47149],"class_list":["post-16996","post","type-post","status-publish","format-standard","has-post-thumbnail","hentry","category-f4","42wp_author-bernardo-castro"],"_links":{"self":[{"href":"https:\/\/grandepremio.com\/br\/wp-json\/wp\/v2\/posts\/16996","targetHints":{"allow":["GET"]}}],"collection":[{"href":"https:\/\/grandepremio.com\/br\/wp-json\/wp\/v2\/posts"}],"about":[{"href":"https:\/\/grandepremio.com\/br\/wp-json\/wp\/v2\/types\/post"}],"replies":[{"embeddable":true,"href":"https:\/\/grandepremio.com\/br\/wp-json\/wp\/v2\/comments?post=16996"}],"version-history":[{"count":0,"href":"https:\/\/grandepremio.com\/br\/wp-json\/wp\/v2\/posts\/16996\/revisions"}],"wp:featuredmedia":[{"embeddable":true,"href":"https:\/\/grandepremio.com\/br\/wp-json\/wp\/v2\/media\/1001016668"}],"wp:attachment":[{"href":"https:\/\/grandepremio.com\/br\/wp-json\/wp\/v2\/media?parent=16996"}],"wp:term":[{"taxonomy":"category","embeddable":true,"href":"https:\/\/grandepremio.com\/br\/wp-json\/wp\/v2\/categories?post=16996"},{"taxonomy":"post_tag","embeddable":true,"href":"https:\/\/grandepremio.com\/br\/wp-json\/wp\/v2\/tags?post=16996"},{"taxonomy":"42wp_author","embeddable":true,"href":"https:\/\/grandepremio.com\/br\/wp-json\/wp\/v2\/42wp_author?post=16996"}],"curies":[{"name":"wp","href":"https:\/\/api.w.org\/{rel}","templated":true}]}}