{"id":17021,"date":"2025-09-26T04:07:23","date_gmt":"2025-09-26T07:07:23","guid":{"rendered":"https:\/\/grandepremio.com\/br\/noticias\/marco-bezzecchi-rouba-cena-lidera-dia-treinos-motogp-japao-marc-marquez-3\/"},"modified":"2025-09-26T04:20:07","modified_gmt":"2025-09-26T07:20:07","slug":"marco-bezzecchi-rouba-cena-lidera-dia-treinos-motogp-japao-marc-marquez-3","status":"publish","type":"post","link":"https:\/\/grandepremio.com\/br\/motogp\/marco-bezzecchi-rouba-cena-lidera-dia-treinos-motogp-japao-marc-marquez-3\/","title":{"rendered":"Bezzecchi rouba cena e lidera dia de treinos da MotoGP no Jap\u00e3o. Marc M\u00e1rquez \u00e9 3\u00ba"},"content":{"rendered":"\n<p class=\"wp-block-paragraph\"><strong>Marco Bezzecchi<\/strong> roubou o protagonismo das <strong>Ducati<\/strong> e fechou o dia de treinos da<strong> <a href=\"https:\/\/www.grandepremio.com\/br\/motogp\/\">MotoGP<\/a><\/strong> no topo da tabela de tempos em <strong>Motegi<\/strong>. O piloto da<strong> Aprilia<\/strong> repetiu o bom desempenho da temporada, cravou <strong>1min43s193<\/strong> no rel\u00f3gio e garantiu a vaga direta para o <strong>Q2<\/strong> da classifica\u00e7\u00e3o.<\/p>\n\n\n\n<p class=\"wp-block-paragraph\"><strong>Pedro Acosta<\/strong>, <strong>Marc M\u00e1rquez<\/strong>,<strong> Joan Mir<\/strong>, <strong>Fabio Di Giannantonio<\/strong>,<strong> Luca Marini<\/strong>, <strong>Francesco Bagnaia<\/strong>, <strong>Fabio Quartararo<\/strong>, <strong>Ra\u00fal Fern\u00e1ndez<\/strong> e <strong>Johann Zarco<\/strong> fecharam o grupo dos dez primeiros e classificados para a fase seguinte da defini\u00e7\u00e3o do grid.<\/p>\n\n\n\n<p class=\"wp-block-paragraph\">Vice-l\u00edder do <strong>Mundial de Pilotos<\/strong>, <strong>\u00c1lex M\u00e1rquez<\/strong> caiu durante a sess\u00e3o e n\u00e3o conseguiu registrar um giro r\u00e1pido para avan\u00e7ar, aumentando ainda mais as chances de Marc confirmar o nono t\u00edtulo mundial e s\u00e9timo t\u00edtulo da MotoGP no fim de semana.<\/p>\n\n\n\n<p class=\"wp-block-paragraph\">A&nbsp;<strong><a href=\"https:\/\/grandepremio.com\/motovelocidade\/\" target=\"_blank\" rel=\"noreferrer noopener\">MotoGP<\/a>&nbsp;<\/strong>acelera entre os dias 26 a 28 de setembro, no&nbsp;<strong>GP do Jap\u00e3o<\/strong>, direto de&nbsp;<strong><a href=\"https:\/\/www.grandepremio.com\/br\/circuito\/motegi\/\" target=\"_blank\" rel=\"noreferrer noopener\">Motegi<\/a><\/strong>, 17\u00aa etapa da temporada 2025. O&nbsp;<strong>GRANDE PR\u00caMIO&nbsp;<\/strong>faz a cobertura completa do evento, assim como das outras classes do&nbsp;<strong>Mundial de&nbsp;<a href=\"https:\/\/www.grandepremio.com\/motovelocidade\/\">Motovelocidade<\/a><\/strong><a href=\"https:\/\/www.grandepremio.com\/motovelocidade\/\">&nbsp;<\/a>durante todo o ano.<\/p>\n\n\n\n<p class=\"wp-block-paragraph\">\u23f0&nbsp;<strong><a href=\"https:\/\/www.grandepremio.com\/br\/motogp\/noticias\/quais-horarios-gp-japao-motogp-2025\/\">Quais os hor\u00e1rios do GP do Jap\u00e3o da MotoGP 2025<\/a><\/strong><br>\ud83d\udcfa&nbsp;<strong><a href=\"https:\/\/www.grandepremio.com\/br\/motogp\/noticias\/onde-assistir-ao-vivo-gp-japao-motogp-2025\/\">Onde assistir&nbsp;<\/a><a href=\"https:\/\/formula1aovivo.com\/\" target=\"_blank\" rel=\"noreferrer noopener\">ao vivo<\/a><a href=\"https:\/\/www.grandepremio.com\/br\/motogp\/noticias\/onde-assistir-ao-vivo-gp-japao-motogp-2025\/\">&nbsp;ao GP do Jap\u00e3o de MotoGP 2025<\/a><\/strong><\/p>\n\n\n\n<figure class=\"wp-block-image size-full\"><img decoding=\"async\" src=\"https:\/\/www.grandepremio.com\/br\/wp-content\/uploads\/2025\/09\/AFP__20250926__76TW3RD__v1__MidRes__MotoPrixJpnMotogp.jpg\" alt=\"\" class=\"wp-image-1016381\"\/><figcaption class=\"wp-element-caption\">\u00c1lex M\u00e1rquez (Foto: AFP)<\/figcaption><\/figure>\n\n\n\n<h2 class=\"wp-block-heading\" id=\"h-confira-como-foi-o-treino-da-motogp-em-motegi\"><strong>Confira como foi o treino da MotoGP em Motegi:<\/strong><\/h2>\n\n\n\n<p class=\"wp-block-paragraph\">O clima parcialmente nublado do TL1&nbsp;n\u00e3o mudou, mas tamb\u00e9m n\u00e3o prejudicou a defini\u00e7\u00e3o do <strong>Q1<\/strong> e&nbsp;<strong>Q2<\/strong>&nbsp;da classe rainha do&nbsp;<strong>Mundial de&nbsp;<a href=\"https:\/\/www.grandepremio.com\/motovelocidade\/\" target=\"_blank\" rel=\"noreferrer noopener\">Motovelocidade<\/a><\/strong>. No in\u00edcio das atividades, os term\u00f4metros marcavam 27\u00baC no ar e 37\u00baC no asfalto e 64% de umidade relativa, com ventos de 10 km\/h.<\/p>\n\n\n\n<p class=\"wp-block-paragraph\">A grande novidade do fim de semana \u00e9 o match-point de&nbsp;<a href=\"https:\/\/www.grandepremio.com\/br\/piloto\/marc-marquez\/\" target=\"_blank\" rel=\"noreferrer noopener\">Marc M\u00e1rquez<\/a>&nbsp;pelo s\u00e9timo t\u00edtulo da&nbsp;<a href=\"https:\/\/grandepremio.com\/motovelocidade\/\" target=\"_blank\" rel=\"noreferrer noopener\">MotoGP<\/a>&nbsp;e nono t\u00edtulo mundial do&nbsp;<strong>Mundial de Motovelocidade<\/strong>. Para isso, o&nbsp;<strong>#93<\/strong>&nbsp;precisa registrar uma diferen\u00e7a de tr\u00eas pontos ou mais para o irm\u00e3o mais novo,&nbsp;<strong><a href=\"https:\/\/www.grandepremio.com\/br\/piloto\/alex-marquez\/\" target=\"_blank\" rel=\"noreferrer noopener\">\u00c1lex M\u00e1rquez<\/a><\/strong>, que \u00e9 o vice-l\u00edder.<\/p>\n\n\n\n<p class=\"wp-block-paragraph\">Nos primeiros minutos da sess\u00e3o, Zarco apareceu com a <strong>Honda<\/strong> e abriu a lista dos provisoriamente classificados ao Q2 ao registrar 1min44s429. Logo em seguida, Bagnaia recolheu aos boxes ap\u00f3s detectar problemas na moto, enquanto Mart\u00edn perdeu o controle da <strong>RS-GP 25<\/strong> e sofreu uma queda, provocando a primeira bandeira amarela da atividade.<\/p>\n\n\n\n\n\n\n\n<p class=\"wp-block-paragraph\"><strong>\u25b6\ufe0f&nbsp;Inscreva-se nos dois canais do GRANDE PR\u00caMIO no YouTube:&nbsp;<a href=\"https:\/\/www.youtube.com\/channel\/UC9OlHEgxoaY6QY6nWPoiqQg?sub_confirmation=1\" target=\"_blank\" rel=\"noreferrer noopener\">GP<\/a>&nbsp;|&nbsp;<a href=\"https:\/\/www.youtube.com\/channel\/UC9csiS6q_C3C0FYhyr1rnFA?sub_confirmation=1\" target=\"_blank\" rel=\"noreferrer noopener\">GP2<\/a><\/strong><\/p>\n\n\n\n<p class=\"wp-block-paragraph\"><strong>Ferm\u00edn Aldeguer<\/strong> saltou para primeiro com um giro de 1min44s423, apenas <strong>0s006<\/strong> do tempo de Zarco, liderando o treino nos primeiros 15 minutos em Motegi. Mir, <strong>Franco Morbidelli<\/strong> e <strong>Miguel Oliveira<\/strong> completavam o <strong>top-5<\/strong>.<\/p>\n\n\n\n<p class=\"wp-block-paragraph\">Marc M\u00e1rquez, Bagnaia, Quartararo, Mart\u00edn e outros pilotos do grid ajustaram as motos e voltaram \u00e0 pista para abrir as voltas r\u00e1pidas. Quem apareceu primeiro foi Di Giannantonio, que aproveitou a for\u00e7a da <strong>GP25<\/strong> para marcar 1min44s294 e assumir a lideran\u00e7a da tabela.<\/p>\n\n\n\n<p class=\"wp-block-paragraph\">Pouco depois, os tempos despencaram em Motegi: Quartararo saltou para a ponta com 1min44s044, enquanto Bezzecchi e Acosta tamb\u00e9m se colocaram na disputa, levando <strong>Aprilia<\/strong> e <strong>KTM <\/strong>ao <strong>top-3<\/strong> quando restavam 32 minutos de atividade.<\/p>\n\n\n\n\n\n\n\n<p class=\"wp-block-paragraph\"><strong>\u25b6\ufe0f&nbsp;Inscreva-se nos dois canais do GRANDE PR\u00caMIO no YouTube:&nbsp;<a href=\"https:\/\/www.youtube.com\/channel\/UC9OlHEgxoaY6QY6nWPoiqQg?sub_confirmation=1\" target=\"_blank\" rel=\"noreferrer noopener\">GP<\/a>&nbsp;|&nbsp;<a href=\"https:\/\/www.youtube.com\/channel\/UC9csiS6q_C3C0FYhyr1rnFA?sub_confirmation=1\" target=\"_blank\" rel=\"noreferrer noopener\">GP2<\/a><\/strong><\/p>\n\n\n\n<p class=\"wp-block-paragraph\">Bagnaia e Marc M\u00e1rquez continuavam registrando tempos abaixo do esperado, com o #93 em 13\u00ba lugar e o italiano na 14\u00aa posi\u00e7\u00e3o.<\/p>\n\n\n\n<p class=\"wp-block-paragraph\">As quedas passaram a se multiplicar em Motegi. Primeiro, Mart\u00edn voltou a escorregar e foi parar na brita da curva 7, permanecendo fora do Q2. Minutos depois, \u00c1lex M\u00e1rquez tamb\u00e9m perdeu o controle na curva 9 e acabou no ch\u00e3o, sem garantir um tempo dentro do top-10.<\/p>\n\n\n\n<p class=\"wp-block-paragraph\">Os incidentes geraram uma verdadeira corrida contra o tempo para que os pilotos pudessem marcar voltas r\u00e1pidas para avan\u00e7ar na classifica\u00e7\u00e3o.<\/p>\n\n\n\n\n\n\n\n<p class=\"wp-block-paragraph\">Com pneus novos, Bagnaia voltou a mostrar a boa forma do TL1 e subiu para sexto ao marcar 1min44s150. Logo depois, Marini colocou a Honda no topo da tabela com 1min43s884, mas perdeu a lideran\u00e7a na sequ\u00eancia para Bezzecchi, que virou 1min43s623, e depois para Acosta, com 1min43s557.<\/p>\n\n\n\n<p class=\"wp-block-paragraph\">Nos \u00faltimos minutos, Marc M\u00e1rquez apareceu no \u00faltimo suspiro e garantiu sua vaga no Q2 com 1min43s360, em terceiro, enquanto Bagnaia ficou com o sexto melhor tempo, ao contr\u00e1rio de \u00c1lex M\u00e1rquez, que ficou pelo caminho e vai disputar o Q1 junto de outros nomes como Mart\u00edn, <strong>Ai Ogura<\/strong>, <strong>Enea Bastianini<\/strong> e Morbidelli. <\/p>\n\n\n\n<p class=\"wp-block-paragraph\">Quem brilhou foi Bezzecchi, que roubou a cena ao assumir a lideran\u00e7a da tabela no fim e colocar a Aprilia no topo com 1min43s193, dando mais uma amostra da excelente temporada com a casa de <strong>Noale<\/strong> na MotoGP.<\/p>\n\n\n\n<h2 class=\"wp-block-heading\" id=\"h-motogp-2025-gp-do-japao-motegi-horarios-do-fim-de-semana\"><strong>MotoGP 2025, GP do Jap\u00e3o, Motegi, Hor\u00e1rios do fim de semana:<\/strong><\/h2>\n\n\n\n<figure class=\"wp-block-table\"><table class=\"has-fixed-layout\"><tbody><tr><td><strong>DIA<\/strong><\/td><td><strong>CATEGORIA<\/strong><\/td><td><strong>SESS\u00c3O<\/strong><\/td><td><strong>BRA*<\/strong><\/td><td><strong>POR<\/strong><\/td><\/tr><tr><td><strong>Sexta<\/strong>\/<strong>S\u00e1bado<\/strong><\/td><td>MotoGP<\/td><td>Classifica\u00e7\u00e3o<\/td><td>22:50<\/td><td>02:50<\/td><\/tr><tr><td><strong>S\u00e1bado<\/strong><\/td><td>Moto3<\/td><td>Classifica\u00e7\u00e3o<\/td><td>00:45<\/td><td>04:45<\/td><\/tr><tr><td><strong>S\u00e1bado<\/strong><\/td><td>Moto2<\/td><td>Classifica\u00e7\u00e3o<\/td><td>01:40<\/td><td>05:40<\/td><\/tr><tr><td><strong>S\u00e1bado<\/strong><\/td><td>MotoGP<\/td><td>Sprint<\/td><td>03:00<\/td><td>07:00<\/td><\/tr><tr><td><strong>S\u00e1bado<\/strong>\/<strong>Domingo<\/strong><\/td><td>MotoGP<\/td><td>Warm-Up<\/td><td>21:40<\/td><td>01:40<\/td><\/tr><tr><td><strong>S\u00e1bado<\/strong>\/<strong>Domingo<\/strong><\/td><td>Moto3<\/td><td>GP \u2013 17 voltas<\/td><td>23:00<\/td><td>03:00<\/td><\/tr><tr><td><strong>Domingo<\/strong><\/td><td>Moto2<\/td><td>GP \u2013 19 voltas<\/td><td>00:15<\/td><td>04:15<\/td><\/tr><tr><td><strong>Domingo<\/strong><\/td><td>MotoGP<\/td><td>GP \u2013 24 voltas<\/td><td>02:00<\/td><td>06:00<\/td><\/tr><\/tbody><\/table><\/figure>\n\n\n\n<p class=\"wp-block-paragraph\"><em>*Hor\u00e1rios de Bras\u00edlia<\/em><\/p>\n\n\n\n<h2 class=\"wp-block-heading\" id=\"h-motogp-2025-gp-do-japao-motegi-resultado-final\"><strong>MotoGP 2025, GP do Jap\u00e3o, Motegi, Resultado Final:<\/strong><\/h2>\n\n\n\n<figure class=\"wp-block-table\"><table class=\"has-fixed-layout\"><tbody><tr><td>POS<\/td><td>Piloto<\/td><td>Equipe<\/td><td>Tempo<\/td><td>Diff<\/td><\/tr><tr><td>1<\/td><td>M BEZZECCHI<\/td><td>Aprilia<\/td><td>1:43.193<\/td><td>&nbsp;<\/td><\/tr><tr><td>2<\/td><td>P ACOSTA<\/td><td>KTM<\/td><td>1:43.329<\/td><td>+0.136<\/td><\/tr><tr><td>3<\/td><td>M M\u00c1RQUEZ<\/td><td>Ducati<\/td><td>1:43.360<\/td><td>+0.167<\/td><\/tr><tr><td>4<\/td><td>J MIR<\/td><td>Honda<\/td><td>1:43.361<\/td><td>+0.168<\/td><\/tr><tr><td>5<\/td><td>F DI GIANNANTONIO<\/td><td>VR46 Ducati<\/td><td>1:43.391<\/td><td>+0.198<\/td><\/tr><tr><td>6<\/td><td>L MARINI<\/td><td>Honda<\/td><td>1:43.503<\/td><td>+0.310<\/td><\/tr><tr><td>7<\/td><td>F BAGNAIA<\/td><td>Ducati<\/td><td>1:43.539<\/td><td>+0.346<\/td><\/tr><tr><td>8<\/td><td>F QUARTARARO<\/td><td>Yamaha<\/td><td>1:43.594<\/td><td>+0.401<\/td><\/tr><tr><td>9<\/td><td>R FERN\u00c1NDEZ<\/td><td>Trackhouse Aprilia<\/td><td>1:43.666<\/td><td>+0.473<\/td><\/tr><tr><td>10<\/td><td>J ZARCO<\/td><td>LCR Honda<\/td><td>1:43.734<\/td><td>+0.541<\/td><\/tr><tr><td>11<\/td><td>F ALDEGUER<\/td><td>Gresini Ducati<\/td><td>1:43.742<\/td><td>+0.549<\/td><\/tr><tr><td>12<\/td><td>E BASTIANINI<\/td><td>Tech3 KTM<\/td><td>1:43.743<\/td><td>+0.550<\/td><\/tr><tr><td>13<\/td><td>J MART\u00cdN<\/td><td>Aprilia<\/td><td>1:43.784<\/td><td>+0.591<\/td><\/tr><tr><td>14<\/td><td>A OGURA<\/td><td>Trackhouse Aprilia<\/td><td>1:43.784<\/td><td>+0.591<\/td><\/tr><tr><td>15<\/td><td>A M\u00c1RQUEZ<\/td><td>Gresini Ducati<\/td><td>1:43.784<\/td><td>+0.591<\/td><\/tr><tr><td>16<\/td><td>F MORBIDELLI<\/td><td>VR46 Ducati<\/td><td>1:43.828<\/td><td>+0.635<\/td><\/tr><tr><td>17<\/td><td>B BINDER<\/td><td>KTM<\/td><td>1:43.855<\/td><td>+0.662<\/td><\/tr><tr><td>18<\/td><td>S CHANTRA<\/td><td>LCR Honda<\/td><td>1:43.911<\/td><td>+0.718<\/td><\/tr><tr><td>19<\/td><td>A RINS<\/td><td>Yamaha<\/td><td>1:44.013<\/td><td>+0.820<\/td><\/tr><tr><td>20<\/td><td>J MILLER<\/td><td>Pramac Yamaha<\/td><td>1:44.113<\/td><td>+0.920<\/td><\/tr><tr><td>21<\/td><td>T NAKAGAMI<\/td><td>LCR Honda<\/td><td>1:44.202<\/td><td>+1.009<\/td><\/tr><tr><td>22<\/td><td>M OLIVEIRA<\/td><td>Pramac Yamaha<\/td><td>1:44.654<\/td><td>+1.461<\/td><\/tr><tr><td>23<\/td><td>M VI\u00d1ALES<\/td><td>Tech3 KTM<\/td><td>1:44.801<\/td><td>+1.608<\/td><\/tr><\/tbody><\/table><\/figure>\n","protected":false},"excerpt":{"rendered":"<p>Marco Bezzecchi tomou protagonismo da Ducati nos \u00faltimos minutos para liderar treino que definiu os dez classificados para o Q2 em Motegi. Vice-l\u00edder do Mundial, \u00c1lex M\u00e1rquez caiu e vai disputar o Q1<\/p>\n","protected":false},"author":0,"featured_media":1001003115,"comment_status":"closed","ping_status":"closed","sticky":false,"template":"","format":"standard","meta":{"42wp_featured_image_caption":"","42wp_featured_image_credits":"","42wp_featured_video":"","42wp_featured_image_hidden":false,"42wp_authors_list":[],"footnotes":""},"categories":[8],"tags":[2090,133,24853,5214,131,110,2327,3023,1491,28285,3504,5455,24704,132,1300,2287,2869,78,39739,847,34187,27587,41828,172],"42wp_author":[47128,47161],"class_list":["post-17021","post","type-post","status-publish","format-standard","has-post-thumbnail","hentry","category-motogp","tag-alex-marquez","tag-aprilia","tag-calendario-motogp","tag-classificacao-motogp","tag-ducati","tag-fabio-quartararo","tag-francesco-bagnaia","tag-gp-do-japao","tag-grande-premio","tag-grandepremio","tag-gresini","tag-horarios-motogp","tag-jorge-martin","tag-ktm","tag-marc-marquez","tag-marco-bezzecchi","tag-motegi","tag-motogp","tag-motogp-2025","tag-mundial-de-motovelocidade","tag-onde-assistir-motogp","tag-pedro-acosta","tag-temporada-2025-da-motogp","tag-yamaha","42wp_author-guilherme-bloisi","42wp_author-kaio-esteves"],"_links":{"self":[{"href":"https:\/\/grandepremio.com\/br\/wp-json\/wp\/v2\/posts\/17021","targetHints":{"allow":["GET"]}}],"collection":[{"href":"https:\/\/grandepremio.com\/br\/wp-json\/wp\/v2\/posts"}],"about":[{"href":"https:\/\/grandepremio.com\/br\/wp-json\/wp\/v2\/types\/post"}],"replies":[{"embeddable":true,"href":"https:\/\/grandepremio.com\/br\/wp-json\/wp\/v2\/comments?post=17021"}],"version-history":[{"count":0,"href":"https:\/\/grandepremio.com\/br\/wp-json\/wp\/v2\/posts\/17021\/revisions"}],"wp:featuredmedia":[{"embeddable":true,"href":"https:\/\/grandepremio.com\/br\/wp-json\/wp\/v2\/media\/1001003115"}],"wp:attachment":[{"href":"https:\/\/grandepremio.com\/br\/wp-json\/wp\/v2\/media?parent=17021"}],"wp:term":[{"taxonomy":"category","embeddable":true,"href":"https:\/\/grandepremio.com\/br\/wp-json\/wp\/v2\/categories?post=17021"},{"taxonomy":"post_tag","embeddable":true,"href":"https:\/\/grandepremio.com\/br\/wp-json\/wp\/v2\/tags?post=17021"},{"taxonomy":"42wp_author","embeddable":true,"href":"https:\/\/grandepremio.com\/br\/wp-json\/wp\/v2\/42wp_author?post=17021"}],"curies":[{"name":"wp","href":"https:\/\/api.w.org\/{rel}","templated":true}]}}