{"id":17031,"date":"2025-09-25T23:48:22","date_gmt":"2025-09-26T02:48:22","guid":{"rendered":"https:\/\/grandepremio.com\/br\/noticias\/fabio-quartararo-pede-mudancas-volta-pressionar-yamaha-motogp-2026\/"},"modified":"2025-09-25T23:51:54","modified_gmt":"2025-09-26T02:51:54","slug":"fabio-quartararo-pede-mudancas-volta-pressionar-yamaha-motogp-2026","status":"publish","type":"post","link":"https:\/\/grandepremio.com\/br\/motogp\/fabio-quartararo-pede-mudancas-volta-pressionar-yamaha-motogp-2026\/","title":{"rendered":"Quartararo pede mudan\u00e7as e volta a pressionar Yamaha: &#8220;2026 vai definir futuro&#8221;"},"content":{"rendered":"\n<p class=\"wp-block-paragraph\"><strong>Fabio Quartararo<\/strong> viveu todas as fases poss\u00edveis com a <strong>Yamaha<\/strong> na <strong>MotoGP<\/strong>. Do t\u00edtulo at\u00e9 as \u00faltimas posi\u00e7\u00f5es do grid, o franc\u00eas experimentou de tudo. Para a temporada 2026, por\u00e9m, espera que a moto da montadora japonesa apresente um pouco mais de competitividade.<\/p>\n\n\n\n<p class=\"wp-block-paragraph\">Recentemente, Quartararo saiu do teste de <strong>Misano <\/strong>com poucas expectativas em rela\u00e7\u00e3o \u00e0s mudan\u00e7as feitas pela Yamaha, especialmente o novo motor V4. \u00c0s v\u00e9speras do <strong>GP do Jap\u00e3o<\/strong>, o campe\u00e3o mundial de 2021 decidiu pressionar a marca que defende.<\/p>\n\n\n\n<p class=\"wp-block-paragraph\">&#8220;N\u00e3o acho que preciso botar press\u00e3o neles, pois a moto usada em 2026 vai definir meu futuro. Acho que querem me manter, mas v\u00e3o precisar saber o que fazer&#8221;, disse ao site <em>GPOne<\/em>.<\/p>\n\n\n\n<p class=\"wp-block-paragraph\">&#8220;N\u00e3o estou for\u00e7ando muito, apenas esperando. Claramente, estamos apenas no come\u00e7o, mas espero que possam providenciar algumas mudan\u00e7as em \u00e1reas onde mais estamos sofrendo&#8221;, completou.<\/p>\n\n\n\n<figure class=\"wp-block-image size-large\"><img decoding=\"async\" src=\"https:\/\/www.grandepremio.com\/br\/wp-content\/uploads\/2025\/09\/MotoGP-2025-Japao-Iwata-Yamaha-Fabio-Quartararo-Alex-Rins-1200x800.jpg\" alt=\"\" class=\"wp-image-1015975\"\/><figcaption class=\"wp-element-caption\">Fabio Quartararo ainda n\u00e3o definiu futuro al\u00e9m de 2026 (Foto: Yamaha)<\/figcaption><\/figure>\n\n\n\n<p class=\"wp-block-paragraph\"><strong>\u25b6\ufe0f\u00a0Inscreva-se nos dois canais do GRANDE PR\u00caMIO no YouTube:\u00a0<a href=\"https:\/\/www.youtube.com\/channel\/UC9OlHEgxoaY6QY6nWPoiqQg?sub_confirmation=1\" target=\"_blank\" rel=\"noreferrer noopener\">GP<\/a>\u00a0|\u00a0<a href=\"https:\/\/www.youtube.com\/channel\/UC9csiS6q_C3C0FYhyr1rnFA?sub_confirmation=1\" target=\"_blank\" rel=\"noreferrer noopener\">GP2<\/a><\/strong><\/p>\n\n\n\n<p class=\"wp-block-paragraph\">A Yamaha j\u00e1 realizou uma primeira etapa com o novo motor V4, em San Marino, sob comando de <strong>Augusto Fern\u00e1ndez<\/strong>. O piloto de testes espanhol vai voltar a correr na reta final da temporada 2025, com participa\u00e7\u00f5es na <strong>Mal\u00e1sia <\/strong>e em <strong>Val\u00eancia<\/strong>.<\/p>\n\n\n\n<p class=\"wp-block-paragraph\">A&nbsp;<strong><a href=\"https:\/\/grandepremio.com\/motovelocidade\/\" target=\"_blank\" rel=\"noreferrer noopener\">MotoGP<\/a>&nbsp;<\/strong>volta a acelerar entre os dias 26 a 28 de setembro, no&nbsp;<strong>GP do Jap\u00e3o<\/strong>, direto de&nbsp;<strong><a href=\"https:\/\/www.grandepremio.com\/br\/circuito\/motegi\/\" target=\"_blank\" rel=\"noreferrer noopener\">Motegi<\/a><\/strong>, 17\u00aa etapa da temporada 2025. O&nbsp;<strong>GRANDE PR\u00caMIO&nbsp;<\/strong>faz a cobertura completa do evento, assim como das outras classes do&nbsp;<strong>Mundial de&nbsp;<a href=\"https:\/\/www.grandepremio.com\/motovelocidade\/\">Motovelocidade<\/a><\/strong><a href=\"https:\/\/www.grandepremio.com\/motovelocidade\/\">&nbsp;<\/a>durante todo o ano.<\/p>\n\n\n\n<p class=\"wp-block-paragraph\">\u23f0&nbsp;<strong><a href=\"https:\/\/www.grandepremio.com\/br\/motogp\/noticias\/quais-horarios-gp-japao-motogp-2025\/\">Quais os hor\u00e1rios do GP do Jap\u00e3o da MotoGP 2025<\/a><\/strong><br>\ud83d\udcfa&nbsp;<strong><a href=\"https:\/\/www.grandepremio.com\/br\/motogp\/noticias\/onde-assistir-ao-vivo-gp-japao-motogp-2025\/\">Onde assistir&nbsp;<\/a><a href=\"https:\/\/formula1aovivo.com\/\" target=\"_blank\" rel=\"noreferrer noopener\">ao vivo<\/a><a href=\"https:\/\/www.grandepremio.com\/br\/motogp\/noticias\/onde-assistir-ao-vivo-gp-japao-motogp-2025\/\">&nbsp;ao GP do Jap\u00e3o de MotoGP 2025<\/a><\/strong><\/p>\n\n\n\n<figure class=\"wp-block-embed is-type-video is-provider-youtube wp-block-embed-youtube wp-embed-aspect-16-9 wp-has-aspect-ratio\"><div class=\"wp-block-embed__wrapper\">\n<iframe loading=\"lazy\" title=\"A HORA DO V4: YAMAHA P\u00d5E NOVA MOTO PARA JOGO EM MISANO | Paddock Sprint Moto\" width=\"500\" height=\"281\" src=\"https:\/\/www.youtube.com\/embed\/b_g7SpL1N0M?feature=oembed\" frameborder=\"0\" allow=\"accelerometer; autoplay; clipboard-write; encrypted-media; gyroscope; picture-in-picture; web-share\" referrerpolicy=\"strict-origin-when-cross-origin\" allowfullscreen><\/iframe>\n<\/div><\/figure>\n","protected":false},"excerpt":{"rendered":"<p>Fabio Quartararo voltou a demonstrar insatisfa\u00e7\u00e3o com a Yamaha e declarou que a pr\u00f3xima temporada vai definir se fica ou n\u00e3o na montadora japonesa ou se procura alguma outra equipe no grid da MotoGP<\/p>\n","protected":false},"author":0,"featured_media":1001005503,"comment_status":"closed","ping_status":"closed","sticky":false,"template":"","format":"standard","meta":{"42wp_featured_image_caption":"","42wp_featured_image_credits":"","42wp_featured_video":"","42wp_featured_image_hidden":false,"42wp_authors_list":[],"footnotes":""},"categories":[8],"tags":[5214,110,3023,28285,24855,2869,79,78,39739,42042,41956,42032,42033,25819,29345,28766,42034,26690,29727,41398,172],"42wp_author":[47135],"class_list":["post-17031","post","type-post","status-publish","format-standard","has-post-thumbnail","hentry","category-motogp","tag-classificacao-motogp","tag-fabio-quartararo","tag-gp-do-japao","tag-grandepremio","tag-japao","tag-motegi","tag-moto-gp","tag-motogp","tag-motogp-2025","tag-motogp-2025-calendario","tag-motogp-25","tag-motogp-calendario-2025","tag-motogp-classificacao-2025","tag-motogp-hoje","tag-motogp-horario","tag-motogp-standings","tag-onde-assistir-motogp-2025","tag-pilotos-motogp","tag-resultados-motogp","tag-temporada-motogp","tag-yamaha","42wp_author-pedro-luis-cuenca"],"_links":{"self":[{"href":"https:\/\/grandepremio.com\/br\/wp-json\/wp\/v2\/posts\/17031","targetHints":{"allow":["GET"]}}],"collection":[{"href":"https:\/\/grandepremio.com\/br\/wp-json\/wp\/v2\/posts"}],"about":[{"href":"https:\/\/grandepremio.com\/br\/wp-json\/wp\/v2\/types\/post"}],"replies":[{"embeddable":true,"href":"https:\/\/grandepremio.com\/br\/wp-json\/wp\/v2\/comments?post=17031"}],"version-history":[{"count":0,"href":"https:\/\/grandepremio.com\/br\/wp-json\/wp\/v2\/posts\/17031\/revisions"}],"wp:featuredmedia":[{"embeddable":true,"href":"https:\/\/grandepremio.com\/br\/wp-json\/wp\/v2\/media\/1001005503"}],"wp:attachment":[{"href":"https:\/\/grandepremio.com\/br\/wp-json\/wp\/v2\/media?parent=17031"}],"wp:term":[{"taxonomy":"category","embeddable":true,"href":"https:\/\/grandepremio.com\/br\/wp-json\/wp\/v2\/categories?post=17031"},{"taxonomy":"post_tag","embeddable":true,"href":"https:\/\/grandepremio.com\/br\/wp-json\/wp\/v2\/tags?post=17031"},{"taxonomy":"42wp_author","embeddable":true,"href":"https:\/\/grandepremio.com\/br\/wp-json\/wp\/v2\/42wp_author?post=17031"}],"curies":[{"name":"wp","href":"https:\/\/api.w.org\/{rel}","templated":true}]}}