{"id":17032,"date":"2025-09-25T23:36:50","date_gmt":"2025-09-26T02:36:50","guid":{"rendered":"https:\/\/grandepremio.com\/br\/noticias\/francesco-bagnaia-mostra-ritmo-lidera-tl1-motogp-japao-marc-marquez-3\/"},"modified":"2025-09-26T05:25:15","modified_gmt":"2025-09-26T08:25:15","slug":"francesco-bagnaia-mostra-ritmo-lidera-tl1-motogp-japao-marc-marquez-3","status":"publish","type":"post","link":"https:\/\/grandepremio.com\/br\/motogp\/francesco-bagnaia-mostra-ritmo-lidera-tl1-motogp-japao-marc-marquez-3\/","title":{"rendered":"Bagnaia mostra ritmo e lidera TL1 da MotoGP no Jap\u00e3o. Marc M\u00e1rquez \u00e9 3\u00ba"},"content":{"rendered":"\n<p class=\"wp-block-paragraph\">Em busca de rea\u00e7\u00e3o na reta final da <strong>MotoGP 2025<\/strong>, <strong>Francesco Bagnaia<\/strong> mostrou sinais de recupera\u00e7\u00e3o, superou os advers\u00e1rios e liderou o <strong>TL1<\/strong> da <strong>MotoGP<\/strong> em <strong>Motegi<\/strong>.<\/p>\n\n\n\n<p class=\"wp-block-paragraph\">Na sess\u00e3o disputada na noite desta quinta-feira (25) no <strong>Brasil<\/strong> \u2014 manh\u00e3 de sexta-feira (26) no <strong>Jap\u00e3o<\/strong> \u2014 o <strong>#<\/strong>63 cravou<strong> 1min44s857<\/strong> nos 10 minutos finais para tomar a lideran\u00e7a de <strong>Marc M\u00e1rquez<\/strong> e fechar a primeira sess\u00e3o do fim de semana em primeiro.<\/p>\n\n\n\n<p class=\"wp-block-paragraph\">Al\u00e9m de Bagnaia, <strong>Jorge Mart\u00edn<\/strong>, Marc M\u00e1rquez, <strong>Fabio Di Giannantonio<\/strong>, <strong>Luca Marini<\/strong>, <strong>Franco Morbidelli<\/strong>, <strong>Pedro Acosta<\/strong>, <strong>Jack Miller<\/strong>, <strong>Somkiat Chantra<\/strong>, e <strong>Miguel Oliveira<\/strong> foram os dez primeiros no circuito japon\u00eas.<\/p>\n\n\n\n<p class=\"wp-block-paragraph\">A&nbsp;<strong><a href=\"https:\/\/grandepremio.com\/motovelocidade\/\" target=\"_blank\" rel=\"noreferrer noopener\">MotoGP<\/a>&nbsp;<\/strong>volta a acelerar entre os dias 26 a 28 de setembro, no&nbsp;<strong>GP do Jap\u00e3o<\/strong>, direto de&nbsp;<strong><a href=\"https:\/\/www.grandepremio.com\/br\/circuito\/motegi\/\" target=\"_blank\" rel=\"noreferrer noopener\">Motegi<\/a><\/strong>, 17\u00aa etapa da temporada 2025. O&nbsp;<strong>GRANDE PR\u00caMIO&nbsp;<\/strong>faz a cobertura completa do evento, assim como das outras classes do&nbsp;<strong>Mundial de&nbsp;<a href=\"https:\/\/www.grandepremio.com\/motovelocidade\/\">Motovelocidade<\/a><\/strong><a href=\"https:\/\/www.grandepremio.com\/motovelocidade\/\">&nbsp;<\/a>durante todo o ano.<\/p>\n\n\n\n<p class=\"wp-block-paragraph\">\u23f0&nbsp;<strong><a href=\"https:\/\/www.grandepremio.com\/br\/motogp\/noticias\/quais-horarios-gp-japao-motogp-2025\/\">Quais os hor\u00e1rios do GP do Jap\u00e3o da MotoGP 2025<\/a><\/strong><br>\ud83d\udcfa&nbsp;<strong><a href=\"https:\/\/www.grandepremio.com\/br\/motogp\/noticias\/onde-assistir-ao-vivo-gp-japao-motogp-2025\/\">Onde assistir&nbsp;<\/a><a href=\"https:\/\/formula1aovivo.com\/\" target=\"_blank\" rel=\"noreferrer noopener\">ao vivo<\/a><a href=\"https:\/\/www.grandepremio.com\/br\/motogp\/noticias\/onde-assistir-ao-vivo-gp-japao-motogp-2025\/\">&nbsp;ao GP do Jap\u00e3o de MotoGP 2025<\/a><\/strong><\/p>\n\n\n\n\n\n\n\n<h2 class=\"wp-block-heading\" id=\"h-confira-como-foi-o-treino-livre-1-da-motogp-em-motegi\"><strong>Confira como foi o Treino Livre 1 da MotoGP em Motegi:<\/strong><\/h2>\n\n\n\n<p class=\"wp-block-paragraph\">O clima surgiu parcialmente nublado, mas n\u00e3o prejudicou o primeiro dia de atividades da&nbsp;<a href=\"https:\/\/grandepremio.com\/motovelocidade\/\" target=\"_blank\" rel=\"noreferrer noopener\">MotoGP<\/a>&nbsp;na pista japonesa. Os term\u00f4metros marcavam 29\u00baC no ar e 40\u00baC no asfalto, al\u00e9m de ventos de 3 km\/h e 55% de umidade relativa.<\/p>\n\n\n\n<p class=\"wp-block-paragraph\">A grande novidade do fim de semana \u00e9 o match-point de Marc M\u00e1rquez pelo s\u00e9timo t\u00edtulo da MotoGP e nono t\u00edtulo mundial do <strong>Mundial de Motovelocidade<\/strong>. Para isso, o <strong>#93<\/strong> precisa registrar uma diferen\u00e7a de tr\u00eas pontos ou mais para o irm\u00e3o mais novo, <strong>\u00c1lex M\u00e1rquez<\/strong>, que \u00e9 o vice-l\u00edder. <\/p>\n\n\n\n\n\n\n\n<p class=\"wp-block-paragraph\"><strong>\u25b6\ufe0f&nbsp;Inscreva-se nos dois canais do GRANDE PR\u00caMIO no YouTube:&nbsp;<a href=\"https:\/\/www.youtube.com\/channel\/UC9OlHEgxoaY6QY6nWPoiqQg?sub_confirmation=1\" target=\"_blank\" rel=\"noreferrer noopener\">GP<\/a>&nbsp;|&nbsp;<a href=\"https:\/\/www.youtube.com\/channel\/UC9csiS6q_C3C0FYhyr1rnFA?sub_confirmation=1\" target=\"_blank\" rel=\"noreferrer noopener\">GP2<\/a><\/strong><\/p>\n\n\n\n<p class=\"wp-block-paragraph\">Assim que a luz verde pintou, os pilotos sa\u00edram das respectivas garagens para iniciar o fim de semana na&nbsp;<a href=\"https:\/\/grandepremio.com\/motovelocidade\/\" target=\"_blank\" rel=\"noreferrer noopener\">MotoGP<\/a>&nbsp;para os 45 minutos de sess\u00e3o.&nbsp;Bagnaia puxou a fila com uma volta r\u00e1pida de&nbsp;1min45s365, seguido por <strong>Marco Bezzecchi<\/strong>, Fern\u00e1ndez e Acosta nos primeiros minutos.<\/p>\n\n\n\n<p class=\"wp-block-paragraph\">N\u00e3o demorou muito para Motegi registrar os primeiros incidentes do fim de semana. As v\u00edtimas foram Bezzecchi e Fern\u00e1ndez, que perderam o controle das Aprilia e foram parar na caixa de brita nas curvas 11 e 8, respectivamente.<\/p>\n\n\n\n<p class=\"wp-block-paragraph\">Na sequ\u00eancia, Morbidelli colocou a <strong>VR46<\/strong> na ponta ao cravar uma volta r\u00e1pida em 1min45s346, mas Bagnaia colocou a <strong>Ducati<\/strong> de f\u00e1brica na frente mais uma vez, com 1min44s967. Enquanto isso, Marc M\u00e1rquez aparecia <strong>0s2<\/strong> atr\u00e1s, com o terceiro melhor tempo da tabela de tempos.<\/p>\n\n\n\n\n\n\n\n<p class=\"wp-block-paragraph\"><strong>\u25b6\ufe0f&nbsp;Inscreva-se nos dois canais do GRANDE PR\u00caMIO no YouTube:&nbsp;<a href=\"https:\/\/www.youtube.com\/channel\/UC9OlHEgxoaY6QY6nWPoiqQg?sub_confirmation=1\" target=\"_blank\" rel=\"noreferrer noopener\">GP<\/a>&nbsp;|&nbsp;<a href=\"https:\/\/www.youtube.com\/channel\/UC9csiS6q_C3C0FYhyr1rnFA?sub_confirmation=1\" target=\"_blank\" rel=\"noreferrer noopener\">GP2<\/a><\/strong><\/p>\n\n\n\n<p class=\"wp-block-paragraph\">Os pilotos foram aos boxes e, ap\u00f3s os \u00faltimos ajustes, retornaram \u00e0 pista para os 25 minutos finais do TL1 da MotoGP. A lideran\u00e7a seguiu com Bagnaia na frente at\u00e9 que, faltando 18 minutos para o t\u00e9rmino, Bezzecchi caiu novamente, desta vez na curva 5 \u2014 o que provocou mais uma bandeira amarela.<\/p>\n\n\n\n<p class=\"wp-block-paragraph\">Faltando 15 minutos para o fim, Marc M\u00e1rquez apareceu para subir para primeiro com 1min44s959, <strong>0s008 <\/strong>mais r\u00e1pido que o companheiro de Ducati. Por\u00e9m, Bagnaia ainda teve energia para recuperar o primeiro posto.<\/p>\n\n\n\n<p class=\"wp-block-paragraph\">O italiano deu sinais de sobrevida e cravou<strong> 1min44s857<\/strong> nos 10 minutos finais para tomar a lideran\u00e7a do #93 fechar a primeira sess\u00e3o do fim de semana na ponta. Mart\u00edn ainda teve tempo de aparecer e se colocar na segunda posi\u00e7\u00e3o para fechar a atividade em Motegi.<\/p>\n\n\n\n<h2 class=\"wp-block-heading\" id=\"h-motogp-2025-gp-do-japao-motegi-horarios-do-fim-de-semana\"><strong>MotoGP 2025, GP do Jap\u00e3o, Motegi, Hor\u00e1rios do fim de semana:<\/strong><\/h2>\n\n\n\n<figure class=\"wp-block-table\"><table class=\"has-fixed-layout\"><tbody><tr><td><strong>DIA<\/strong><\/td><td><strong>CATEGORIA<\/strong><\/td><td><strong>SESS\u00c3O<\/strong><\/td><td><strong>BRA*<\/strong><\/td><td><strong>POR<\/strong><\/td><\/tr><tr><td><strong>Sexta<\/strong><\/td><td>Moto3<\/td><td>Treino<\/td><td>01:15<\/td><td>05:15<\/td><\/tr><tr><td><strong>Sexta<\/strong><\/td><td>Moto2<\/td><td>Treino<\/td><td>02:05<\/td><td>06:05<\/td><\/tr><tr><td><strong>Sexta<\/strong><\/td><td>MotoGP<\/td><td>Treino<\/td><td>03:00<\/td><td>07:00<\/td><\/tr><tr><td><strong>Sexta<\/strong>\/<strong>S\u00e1bado<\/strong><\/td><td>MotoGP<\/td><td>Classifica\u00e7\u00e3o<\/td><td>22:50<\/td><td>02:50<\/td><\/tr><tr><td><strong>S\u00e1bado<\/strong><\/td><td>Moto3<\/td><td>Classifica\u00e7\u00e3o<\/td><td>00:45<\/td><td>04:45<\/td><\/tr><tr><td><strong>S\u00e1bado<\/strong><\/td><td>Moto2<\/td><td>Classifica\u00e7\u00e3o<\/td><td>01:40<\/td><td>05:40<\/td><\/tr><tr><td><strong>S\u00e1bado<\/strong><\/td><td>MotoGP<\/td><td>Sprint<\/td><td>03:00<\/td><td>07:00<\/td><\/tr><tr><td><strong>S\u00e1bado<\/strong>\/<strong>Domingo<\/strong><\/td><td>MotoGP<\/td><td>Warm-Up<\/td><td>21:40<\/td><td>01:40<\/td><\/tr><tr><td><strong>S\u00e1bado<\/strong>\/<strong>Domingo<\/strong><\/td><td>Moto3<\/td><td>GP \u2013 17 voltas<\/td><td>23:00<\/td><td>03:00<\/td><\/tr><tr><td><strong>Domingo<\/strong><\/td><td>Moto2<\/td><td>GP \u2013 19 voltas<\/td><td>00:15<\/td><td>04:15<\/td><\/tr><tr><td><strong>Domingo<\/strong><\/td><td>MotoGP<\/td><td>GP \u2013 24 voltas<\/td><td>02:00<\/td><td>06:00<\/td><\/tr><\/tbody><\/table><\/figure>\n\n\n\n<p class=\"wp-block-paragraph\"><em>*Hor\u00e1rios de Bras\u00edlia<\/em><\/p>\n\n\n\n<h2 class=\"wp-block-heading\" id=\"h-motogp-2025-tl1-gp-do-japao-motegi-resultado-final\"><strong><em>MotoGP 2025, TL1, GP do Jap\u00e3o, Motegi, Resultado Final:<\/em><\/strong><\/h2>\n\n\n\n<figure class=\"wp-block-table\"><table class=\"has-fixed-layout\"><tbody><tr><td>POS<\/td><td>Piloto<\/td><td>Equipe<\/td><td>Tempo<\/td><td>Diff<\/td><\/tr><tr><td>1<\/td><td>F BAGNAIA<\/td><td>Ducati<\/td><td>1:44.857<\/td><td>&nbsp;<\/td><\/tr><tr><td>2<\/td><td>J MART\u00cdN<\/td><td>Aprilia<\/td><td>1:44.950<\/td><td>+0.093<\/td><\/tr><tr><td>3<\/td><td>M M\u00c1RQUEZ<\/td><td>Ducati<\/td><td>1:44.959<\/td><td>+0.102<\/td><\/tr><tr><td>4<\/td><td>F DI GIANNANTONIO<\/td><td>VR46 Ducati<\/td><td>1:45.128<\/td><td>+0.271<\/td><\/tr><tr><td>5<\/td><td>L MARINI<\/td><td>Honda<\/td><td>1:45.159<\/td><td>+0.302<\/td><\/tr><tr><td>6<\/td><td>F MORBIDELLI<\/td><td>VR46 Ducati<\/td><td>1:45.162<\/td><td>+0.305<\/td><\/tr><tr><td>7<\/td><td>P ACOSTA<\/td><td>KTM<\/td><td>1:45.200<\/td><td>+0.343<\/td><\/tr><tr><td>8<\/td><td>J MILLER<\/td><td>Pramac Yamaha<\/td><td>1:45.227<\/td><td>+0.370<\/td><\/tr><tr><td>9<\/td><td>S CHANTRA<\/td><td>LCR Honda<\/td><td>1:45.278<\/td><td>+0.421<\/td><\/tr><tr><td>10<\/td><td>M OLIVEIRA<\/td><td>Pramac Yamaha<\/td><td>1:45.357<\/td><td>+0.500<\/td><\/tr><tr><td>11<\/td><td>M BEZZECCHI<\/td><td>Aprilia<\/td><td>1:45.372<\/td><td>+0.515<\/td><\/tr><tr><td>12<\/td><td>J MIR<\/td><td>Honda<\/td><td>1:45.423<\/td><td>+0.566<\/td><\/tr><tr><td>13<\/td><td>J ZARCO<\/td><td>LCR Honda<\/td><td>1:45.499<\/td><td>+0.642<\/td><\/tr><tr><td>14<\/td><td>R FERN\u00c1NDEZ<\/td><td>Trackhouse Aprilia<\/td><td>1:45.500<\/td><td>+0.643<\/td><\/tr><tr><td>15<\/td><td>A M\u00c1RQUEZ<\/td><td>Gresini Ducati<\/td><td>1:45.500<\/td><td>+0.643<\/td><\/tr><tr><td>16<\/td><td>F QUARTARARO<\/td><td>Yamaha<\/td><td>1:45.517<\/td><td>+0.660<\/td><\/tr><tr><td>17<\/td><td>T NAKAGAMI<\/td><td>LCR Honda<\/td><td>1:45.688<\/td><td>+0.831<\/td><\/tr><tr><td>18<\/td><td>A OGURA<\/td><td>Trackhouse Aprilia<\/td><td>1:45.731<\/td><td>+0.874<\/td><\/tr><tr><td>19<\/td><td>B BINDER<\/td><td>KTM<\/td><td>1:45.750<\/td><td>+0.893<\/td><\/tr><tr><td>20<\/td><td>F ALDEGUER<\/td><td>Gresini Ducati<\/td><td>1:45.759<\/td><td>+0.902<\/td><\/tr><tr><td>21<\/td><td>M VI\u00d1ALES<\/td><td>Tech3 KTM<\/td><td>1:45.817<\/td><td>+0.960<\/td><\/tr><tr><td>22<\/td><td>A RINS<\/td><td>Yamaha<\/td><td>1:45.865<\/td><td>+1.008<\/td><\/tr><tr><td>23<\/td><td>E BASTIANINI<\/td><td>Tech3 KTM<\/td><td>1:45.866<\/td><td>+1.009<\/td><\/tr><\/tbody><\/table><\/figure>\n","protected":false},"excerpt":{"rendered":"<p>Francesco Bagnaia deu primeiro sinal de rea\u00e7\u00e3o, bateu Marc M\u00e1rquez e liderou o TL1 da MotoGP em Motegi. Jorge Mart\u00edn apareceu no fim e conseguiu segundo melhor tempo<\/p>\n","protected":false},"author":0,"featured_media":1001016508,"comment_status":"closed","ping_status":"closed","sticky":false,"template":"","format":"standard","meta":{"42wp_featured_image_caption":"","42wp_featured_image_credits":"","42wp_featured_video":"","42wp_featured_image_hidden":false,"42wp_authors_list":[],"footnotes":""},"categories":[8],"tags":[24853,5214,131,2327,3023,1491,28285,5455,1300,2869,78,39739,847,34187,41828],"42wp_author":[47128,47161],"class_list":["post-17032","post","type-post","status-publish","format-standard","has-post-thumbnail","hentry","category-motogp","tag-calendario-motogp","tag-classificacao-motogp","tag-ducati","tag-francesco-bagnaia","tag-gp-do-japao","tag-grande-premio","tag-grandepremio","tag-horarios-motogp","tag-marc-marquez","tag-motegi","tag-motogp","tag-motogp-2025","tag-mundial-de-motovelocidade","tag-onde-assistir-motogp","tag-temporada-2025-da-motogp","42wp_author-guilherme-bloisi","42wp_author-kaio-esteves"],"_links":{"self":[{"href":"https:\/\/grandepremio.com\/br\/wp-json\/wp\/v2\/posts\/17032","targetHints":{"allow":["GET"]}}],"collection":[{"href":"https:\/\/grandepremio.com\/br\/wp-json\/wp\/v2\/posts"}],"about":[{"href":"https:\/\/grandepremio.com\/br\/wp-json\/wp\/v2\/types\/post"}],"replies":[{"embeddable":true,"href":"https:\/\/grandepremio.com\/br\/wp-json\/wp\/v2\/comments?post=17032"}],"version-history":[{"count":0,"href":"https:\/\/grandepremio.com\/br\/wp-json\/wp\/v2\/posts\/17032\/revisions"}],"wp:featuredmedia":[{"embeddable":true,"href":"https:\/\/grandepremio.com\/br\/wp-json\/wp\/v2\/media\/1001016508"}],"wp:attachment":[{"href":"https:\/\/grandepremio.com\/br\/wp-json\/wp\/v2\/media?parent=17032"}],"wp:term":[{"taxonomy":"category","embeddable":true,"href":"https:\/\/grandepremio.com\/br\/wp-json\/wp\/v2\/categories?post=17032"},{"taxonomy":"post_tag","embeddable":true,"href":"https:\/\/grandepremio.com\/br\/wp-json\/wp\/v2\/tags?post=17032"},{"taxonomy":"42wp_author","embeddable":true,"href":"https:\/\/grandepremio.com\/br\/wp-json\/wp\/v2\/42wp_author?post=17032"}],"curies":[{"name":"wp","href":"https:\/\/api.w.org\/{rel}","templated":true}]}}