{"id":17042,"date":"2025-09-25T12:57:17","date_gmt":"2025-09-25T15:57:17","guid":{"rendered":"https:\/\/grandepremio.com\/br\/noticias\/ex-formula-1-revela-projecao-pessimista-adrian-newey-aston-martin-2026\/"},"modified":"2025-09-25T16:16:58","modified_gmt":"2025-09-25T19:16:58","slug":"ex-formula-1-revela-projecao-pessimista-adrian-newey-aston-martin-2026","status":"publish","type":"post","link":"https:\/\/grandepremio.com\/br\/f1\/ex-formula-1-revela-projecao-pessimista-adrian-newey-aston-martin-2026\/","title":{"rendered":"Ex-F1 revela proje\u00e7\u00e3o pessimista de Newey para Aston Martin em 2026"},"content":{"rendered":"\n<p class=\"wp-block-paragraph\"><strong>Riccardo Patrese<\/strong> revelou ter ouvido de <strong>Adrian Newey<\/strong> uma avalia\u00e7\u00e3o pouco animadora sobre o futuro imediato da <strong>Aston Martin<\/strong>. Segundo o ex-piloto de <strong>F\u00f3rmula 1<\/strong>, o projetista brit\u00e2nico deixou claro que a equipe n\u00e3o estar\u00e1 pronta para disputar vit\u00f3rias em 2026, ano da estreia do novo regulamento, e tamb\u00e9m n\u00e3o tem condi\u00e7\u00f5es de atrair um piloto do calibre de <strong>Max Verstappen<\/strong>, <a href=\"https:\/\/www.grandepremio.com\/br\/f1\/noticias\/aston-martin-aciona-fundo-arabe-mira-oferta-r-17-bilhao-3-anos-max-verstappen\/\">que esteve na mira da forma\u00e7\u00e3o de <strong>Silverstone<\/strong><\/a>.<\/p>\n\n\n\n<p class=\"wp-block-paragraph\">Newey assumiu o projeto da Aston Martin j\u00e1 mirando 2026, quando a equipe passar\u00e1 a contar com motores <strong>Honda<\/strong>. O foco est\u00e1 voltado para o novo carro, e n\u00e3o no modelo da atual temporada \u2014 <a href=\"https:\/\/www.grandepremio.com\/br\/f1\/noticias\/aston-martin-defende-adrian-newey-explica-temporada-apagada-f1-foco-2026\/\">como deixou claro o chefe <strong>Andy Cowell<\/strong><\/a>.<\/p>\n\n\n\n<p class=\"wp-block-paragraph\">Patrese contou que se encontrou com Newey no Vestival de Velocidade, realizado em <strong>Goodwood<\/strong>, e recebeu uma an\u00e1lise direta do engenheiro, que deixou a <strong>Red Bull<\/strong> para assumir o comando t\u00e9cnico da <strong>Aston Martin<\/strong>.<\/p>\n\n\n\n<p class=\"wp-block-paragraph\">\u201cConversei com Adrian em Goodwood, e ele disse que no ano que vem n\u00e3o estar\u00e3o prontos, ent\u00e3o \u00e9 melhor n\u00e3o criar expectativas\u201d, relatou Patrese ao site <em>Racing Tipster<\/em>.<\/p>\n\n\n\n<figure class=\"wp-block-image size-large\"><img decoding=\"async\" src=\"https:\/\/www.grandepremio.com\/br\/wp-content\/uploads\/2025\/05\/monaco-2025-f1-quinta-feira-aston-martin-adrian-newey-02-1200x800.jpg\" alt=\"\" class=\"wp-image-971006\"\/><figcaption class=\"wp-element-caption\">Adrian Newey come\u00e7ou os trabalhos na Aston Martin em mar\u00e7o (Foto: Aston Martin)<\/figcaption><\/figure>\n\n\n\n<p class=\"wp-block-paragraph\">\u201cSe depois aparecerem prontos, vai ser at\u00e9 melhor para ele. Mas me pareceu honesto quando disse que n\u00e3o teriam condi\u00e7\u00f5es de brigar pelo campeonato\u201d, emendou.<\/p>\n\n\n\n<p class=\"wp-block-paragraph\">A declara\u00e7\u00e3o pode ser um balde de \u00e1gua fria nas expectativas da Aston Martin, que recebeu grande investimento feito por <strong>Lawrence Stroll<\/strong> nos \u00faltimos anos. Com novas instala\u00e7\u00f5es, a chegada de <strong>Enrico Cardile<\/strong> como diretor-t\u00e9cnico e a experi\u00eancia de <strong>Fernando Alonso<\/strong>, a equipe re\u00fane pe\u00e7as importantes para ser competitiva. Mas, como indicou Newey, o caminho at\u00e9 se tornar candidata ao t\u00edtulo pode ser mais longo do que se imaginava.<\/p>\n\n\n\n<p class=\"wp-block-paragraph\">Ainda segundo Patrese, o projetista reconheceu que, apesar das grandes aspira\u00e7\u00f5es, o time brit\u00e2nico n\u00e3o tem condi\u00e7\u00f5es de atrair Verstappen, nome sonhado por Stroll para comandar o projeto.<\/p>\n\n\n\n<p class=\"wp-block-paragraph\">\u201cTamb\u00e9m disse que n\u00e3o estariam prontos para receber Verstappen no pr\u00f3ximo ano, porque n\u00e3o acredita que possam oferecer um carro capaz de vencer. Isso foi o que me contou. Depois veremos o que acontece. Adrian sabe da for\u00e7a de Verstappen, e se o carro tiver potencial de ganhar o campeonato, a\u00ed sim pode ser uma op\u00e7\u00e3o para a Aston Martin\u201d, concluiu.<\/p>\n\n\n\n<p class=\"wp-block-paragraph\">A&nbsp;<a href=\"https:\/\/www.grandepremio.com\/br\/f1\/\" target=\"_blank\" rel=\"noreferrer noopener\"><\/a><strong><a href=\"https:\/\/www.grandepremio.com\/br\/f1\/\" target=\"_blank\" rel=\"noreferrer noopener\">F\u00f3rmula 1<\/a><\/strong>&nbsp;ter\u00e1 um fim de semana de descanso at\u00e9 a pr\u00f3xima etapa da temporada. Carros e pilotos voltam \u00e0s pistas entre os dias&nbsp;<strong>3 e 5 de outubro<\/strong>, para o&nbsp;<strong>GP de Singapura<\/strong>, com cobertura completa do&nbsp;<strong>GRANDE PR\u00caMIO<\/strong>.<\/p>\n\n\n\n<p class=\"wp-block-paragraph\"><strong>\u25b6\ufe0f<\/strong>&nbsp;<strong>Inscreva-se nos dois canais do GRANDE PR\u00caMIO no YouTube:&nbsp;<a href=\"https:\/\/www.youtube.com\/channel\/UC9OlHEgxoaY6QY6nWPoiqQg?sub_confirmation=1\" target=\"_blank\" rel=\"noreferrer noopener\">GP<\/a>&nbsp;|&nbsp;<a href=\"https:\/\/www.youtube.com\/channel\/UC9csiS6q_C3C0FYhyr1rnFA?sub_confirmation=1\" target=\"_blank\" rel=\"noreferrer noopener\">GP2<\/a><\/strong><\/p>\n\n\n\n<figure class=\"wp-block-embed is-type-video is-provider-youtube wp-block-embed-youtube wp-embed-aspect-16-9 wp-has-aspect-ratio\"><div class=\"wp-block-embed__wrapper\">\n<iframe loading=\"lazy\" title=\"ALGU\u00c9M AINDA ACREDITA NA FERRARI? E NORRIS MOSTRA MEDO DA RED BULL | Paddock Sprint\" width=\"500\" height=\"281\" src=\"https:\/\/www.youtube.com\/embed\/qDsapauvsXk?feature=oembed\" frameborder=\"0\" allow=\"accelerometer; autoplay; clipboard-write; encrypted-media; gyroscope; picture-in-picture; web-share\" referrerpolicy=\"strict-origin-when-cross-origin\" allowfullscreen><\/iframe>\n<\/div><\/figure>\n","protected":false},"excerpt":{"rendered":"<p>Ricardo Patrese revelou papo com Adrian Newey em Goodwood onde projetista teria admitido que Aston Martin n\u00e3o estar\u00e1 pronta para competir por vit\u00f3rias em 2026 e, consequentemente, ainda \u00e9 incapaz de atrair Max Verstappen<\/p>\n","protected":false},"author":0,"featured_media":1000984741,"comment_status":"closed","ping_status":"closed","sticky":false,"template":"","format":"standard","meta":{"42wp_featured_image_caption":"","42wp_featured_image_credits":"","42wp_featured_video":"","42wp_featured_image_hidden":false,"42wp_authors_list":[],"footnotes":""},"categories":[2],"tags":[3547,309,26271,5273,25590,147,3630,176,180,3628,1491,28285,30840,454,203,35129,42001],"42wp_author":[47164],"class_list":["post-17042","post","type-post","status-publish","format-standard","has-post-thumbnail","hentry","category-f1","tag-adrian-newey","tag-aston-martin","tag-calendario-f1","tag-classificacao-f1","tag-enrico-cardile","tag-f1","tag-f1-2025","tag-fernando-alonso","tag-formula-1","tag-formula-1-2025","tag-grande-premio","tag-grandepremio","tag-horarios-f1","tag-lawrence-stroll","tag-max-verstappen","tag-onde-assistir-f1","tag-temporada-2025-f1","42wp_author-marcos-gil-ribeiro"],"_links":{"self":[{"href":"https:\/\/grandepremio.com\/br\/wp-json\/wp\/v2\/posts\/17042","targetHints":{"allow":["GET"]}}],"collection":[{"href":"https:\/\/grandepremio.com\/br\/wp-json\/wp\/v2\/posts"}],"about":[{"href":"https:\/\/grandepremio.com\/br\/wp-json\/wp\/v2\/types\/post"}],"replies":[{"embeddable":true,"href":"https:\/\/grandepremio.com\/br\/wp-json\/wp\/v2\/comments?post=17042"}],"version-history":[{"count":0,"href":"https:\/\/grandepremio.com\/br\/wp-json\/wp\/v2\/posts\/17042\/revisions"}],"wp:featuredmedia":[{"embeddable":true,"href":"https:\/\/grandepremio.com\/br\/wp-json\/wp\/v2\/media\/1000984741"}],"wp:attachment":[{"href":"https:\/\/grandepremio.com\/br\/wp-json\/wp\/v2\/media?parent=17042"}],"wp:term":[{"taxonomy":"category","embeddable":true,"href":"https:\/\/grandepremio.com\/br\/wp-json\/wp\/v2\/categories?post=17042"},{"taxonomy":"post_tag","embeddable":true,"href":"https:\/\/grandepremio.com\/br\/wp-json\/wp\/v2\/tags?post=17042"},{"taxonomy":"42wp_author","embeddable":true,"href":"https:\/\/grandepremio.com\/br\/wp-json\/wp\/v2\/42wp_author?post=17042"}],"curies":[{"name":"wp","href":"https:\/\/api.w.org\/{rel}","templated":true}]}}