{"id":17055,"date":"2025-09-25T08:05:23","date_gmt":"2025-09-25T11:05:23","guid":{"rendered":"https:\/\/grandepremio.com\/br\/noticias\/alex-marquez-celebra-gresini-merece-moto-ano-trabalho-incrivel\/"},"modified":"2025-09-25T08:06:25","modified_gmt":"2025-09-25T11:06:25","slug":"alex-marquez-celebra-gresini-merece-moto-ano-trabalho-incrivel","status":"publish","type":"post","link":"https:\/\/grandepremio.com\/br\/motogp\/alex-marquez-celebra-gresini-merece-moto-ano-trabalho-incrivel\/","title":{"rendered":"\u00c1lex M\u00e1rquez celebra e diz que Gresini \u201cmerece\u201d moto do ano: \u201cTrabalho incr\u00edvel\u201d"},"content":{"rendered":"\n<p class=\"wp-block-paragraph\"><strong>\u00c1lex M\u00e1rquez<\/strong> se disse \u201cespecialmente superfeliz\u201d com o fato de que a <strong>Gresini <\/strong>ter\u00e1 uma moto do ano da <strong>Ducati <\/strong>na temporada <strong>2026 <\/strong>da <strong>MotoGP<\/strong>. O espanhol destacou que a equipe italiana faz um \u201ctrabalho incr\u00edvel\u201d com a casa de <strong>Borgo Panigale <\/strong>e merece reconhecimento.<\/p>\n\n\n\n<p class=\"wp-block-paragraph\">Na semana passada, a equipe de <strong>Faenza <\/strong>confirmou o acordo com a Ducati para que \u00c1lex tenha uma moto do ano. Assim, o <strong>#73<\/strong> vai pular da <strong>GP24 <\/strong>atual para a <strong>GP26 <\/strong>\u2015 a nova moto, contudo, n\u00e3o deve ser uma grande evolu\u00e7\u00e3o, j\u00e1 que o desenvolvimento na MotoGP est\u00e1 congelado para o pr\u00f3ximo ano por causa da chegada de um novo regulamento.<\/p>\n\n\n\n<p class=\"wp-block-paragraph\">\u201cEstou superfeliz por mim, mas especialmente superfeliz pela equipe\u201d, disse \u00c1lex. \u201cEles merecem. Acho que se olharmos para a hist\u00f3ria da Ducati com a Gresini, eles fizeram um trabalho incr\u00edvel todos os anos\u201d, acrescentou.<\/p>\n\n\n\n<p class=\"wp-block-paragraph\">\u201cTodo ano eles conseguiram vit\u00f3rias. Ent\u00e3o merecem\u201d, defendeu. \u201cEste ano, os meus resultados tamb\u00e9m ajudaram a que tivessem aquela moto para o pr\u00f3ximo ano\u201d, opinou.<\/p>\n\n\n\n<figure class=\"wp-block-image size-full\"><img decoding=\"async\" src=\"https:\/\/www.grandepremio.com\/br\/wp-content\/uploads\/2025\/07\/AFP__20250711__66HM8WZ__v1__MidRes__MotoPrixGerMotogpPractice.jpg\" alt=\"\" class=\"wp-image-990770\"\/><figcaption class=\"wp-element-caption\">\u00c1lex M\u00e1rquez foi premiado pela Ducati com moto do ano para 2026 (Foto: AFP)<\/figcaption><\/figure>\n\n\n\n<p class=\"wp-block-paragraph\"><strong>\u25b6\ufe0f&nbsp;Inscreva-se nos dois canais do GRANDE PR\u00caMIO no YouTube:&nbsp;<a href=\"https:\/\/www.youtube.com\/channel\/UC9OlHEgxoaY6QY6nWPoiqQg?sub_confirmation=1\" target=\"_blank\" rel=\"noreferrer noopener\">GP<\/a>&nbsp;|&nbsp;<a href=\"https:\/\/www.youtube.com\/channel\/UC9csiS6q_C3C0FYhyr1rnFA?sub_confirmation=1\" target=\"_blank\" rel=\"noreferrer noopener\">GP2<\/a><\/strong><\/p>\n\n\n\n<p class=\"wp-block-paragraph\">\u00c1lex destacou o empenho de <strong>Nadia Padovani<\/strong>, dona da Gresini, em conseguir a moto oficial e agradeceu <strong>Gigi Dall\u2019Igna<\/strong>, chefe da Ducati Corse, pela oportunidade.<\/p>\n\n\n\n<p class=\"wp-block-paragraph\">\u201cA Nadia me ajudou muito e estava lutando muito para ter aquela moto de f\u00e1brica. Ent\u00e3o obrigado \u00e0 Ducati e, especialmente, a Gigi, porque eles tornaram isso real\u201d, agradeceu. \u201cTemos todos os materiais para fazer um bom trabalho em 2026, mas, antes de mais nada, temos de terminar essa temporada de uma boa maneira\u201d, frisou.<\/p>\n\n\n\n<p class=\"wp-block-paragraph\">Questionado sobre como ser\u00e1 a nova realidade com uma moto do ano, \u00c1lex respondeu: \u201cCom certeza, vai mudar um pouco a nossa abordagem durante os testes\u201d.<\/p>\n\n\n\n<p class=\"wp-block-paragraph\">\u201cTeremos mais coisas para testar, mais coisas em que trabalhar. Ent\u00e3o teremos de trabalhar em dobro\u201d, apontou. \u201cEste ano, os testes foram super f\u00e1ceis. S\u00f3 t\u00ednhamos de extrair performance, n\u00e3o t\u00ednhamos nada para testar e tudo mais. Mas gosto desse trabalho, de testar coisas, ajudar a Ducati a melhorar. Ser\u00e1 uma oportunidade realmente importante para mim e para a equipe, e vamos tentar extrair potencial disso\u201d, completou.<\/p>\n\n\n\n<p class=\"wp-block-paragraph\">A&nbsp;<strong><a href=\"https:\/\/grandepremio.com\/motovelocidade\/\" target=\"_blank\" rel=\"noreferrer noopener\">MotoGP<\/a>&nbsp;<\/strong>volta a acelerar entre os dias 26 a 28 de setembro, no&nbsp;<strong>GP do Jap\u00e3o<\/strong>, direto de&nbsp;<strong><a href=\"https:\/\/www.grandepremio.com\/br\/circuito\/motegi\/\" target=\"_blank\" rel=\"noreferrer noopener\">Motegi<\/a><\/strong>, 17\u00aa etapa da temporada 2025. O&nbsp;<strong>GRANDE PR\u00caMIO&nbsp;<\/strong>faz a cobertura completa do evento, assim como das outras classes do&nbsp;<strong>Mundial de&nbsp;<a href=\"https:\/\/www.grandepremio.com\/motovelocidade\/\">Motovelocidade<\/a><\/strong><a href=\"https:\/\/www.grandepremio.com\/motovelocidade\/\">&nbsp;<\/a>durante todo o ano.<\/p>\n\n\n\n<p class=\"wp-block-paragraph\">\u23f0&nbsp;<strong><a href=\"https:\/\/www.grandepremio.com\/br\/motogp\/noticias\/quais-horarios-gp-japao-motogp-2025\/\">Quais os hor\u00e1rios do GP do Jap\u00e3o da MotoGP 2025<\/a><\/strong><br>\ud83d\udcfa&nbsp;<strong><a href=\"https:\/\/www.grandepremio.com\/br\/motogp\/noticias\/onde-assistir-ao-vivo-gp-japao-motogp-2025\/\">Onde assistir&nbsp;<\/a><a href=\"https:\/\/formula1aovivo.com\/\" target=\"_blank\" rel=\"noreferrer noopener\">ao vivo<\/a><a href=\"https:\/\/www.grandepremio.com\/br\/motogp\/noticias\/onde-assistir-ao-vivo-gp-japao-motogp-2025\/\">&nbsp;ao GP do Jap\u00e3o de MotoGP 2025<\/a><\/strong><\/p>\n\n\n\n<figure class=\"wp-block-embed is-type-video is-provider-youtube wp-block-embed-youtube wp-embed-aspect-16-9 wp-has-aspect-ratio\"><div class=\"wp-block-embed__wrapper\">\n<iframe loading=\"lazy\" title=\"A HORA DO V4: YAMAHA P\u00d5E NOVA MOTO PARA JOGO EM MISANO | Paddock Sprint Moto\" width=\"500\" height=\"281\" src=\"https:\/\/www.youtube.com\/embed\/b_g7SpL1N0M?feature=oembed\" frameborder=\"0\" allow=\"accelerometer; autoplay; clipboard-write; encrypted-media; gyroscope; picture-in-picture; web-share\" referrerpolicy=\"strict-origin-when-cross-origin\" allowfullscreen><\/iframe>\n<\/div><\/figure>\n","protected":false},"excerpt":{"rendered":"<p>\u00c1lex M\u00e1rquez se disse superfeliz com o acordo que garantiu a ele uma moto do ano na temporada 2026 da MotoGP, mas sublinhou que fica ainda mais contente pela Gresini<\/p>\n","protected":false},"author":0,"featured_media":1001012141,"comment_status":"closed","ping_status":"closed","sticky":false,"template":"","format":"standard","meta":{"42wp_featured_image_caption":"","42wp_featured_image_credits":"","42wp_featured_video":"","42wp_featured_image_hidden":false,"42wp_authors_list":[],"footnotes":""},"categories":[8],"tags":[5214,131,6513,2327,28285,3504,130,24855,24704,132,137,1300,2869,79,78,39739,42042,41956,42032,42033,25819,29345,32257,28766,307,42034,25667,26690,136,2984,41398,172],"42wp_author":[47113],"class_list":["post-17055","post","type-post","status-publish","format-standard","has-post-thumbnail","hentry","category-motogp","tag-classificacao-motogp","tag-ducati","tag-espn","tag-francesco-bagnaia","tag-grandepremio","tag-gresini","tag-honda","tag-japao","tag-jorge-martin","tag-ktm","tag-lcr","tag-marc-marquez","tag-motegi","tag-moto-gp","tag-motogp","tag-motogp-2025","tag-motogp-2025-calendario","tag-motogp-25","tag-motogp-calendario-2025","tag-motogp-classificacao-2025","tag-motogp-hoje","tag-motogp-horario","tag-motogp-sprint","tag-motogp-standings","tag-motor","tag-onde-assistir-motogp-2025","tag-pecco-bagnaia","tag-pilotos-motogp","tag-pramac","tag-sprint","tag-temporada-motogp","tag-yamaha","42wp_author-juliana-tesser"],"_links":{"self":[{"href":"https:\/\/grandepremio.com\/br\/wp-json\/wp\/v2\/posts\/17055","targetHints":{"allow":["GET"]}}],"collection":[{"href":"https:\/\/grandepremio.com\/br\/wp-json\/wp\/v2\/posts"}],"about":[{"href":"https:\/\/grandepremio.com\/br\/wp-json\/wp\/v2\/types\/post"}],"replies":[{"embeddable":true,"href":"https:\/\/grandepremio.com\/br\/wp-json\/wp\/v2\/comments?post=17055"}],"version-history":[{"count":0,"href":"https:\/\/grandepremio.com\/br\/wp-json\/wp\/v2\/posts\/17055\/revisions"}],"wp:featuredmedia":[{"embeddable":true,"href":"https:\/\/grandepremio.com\/br\/wp-json\/wp\/v2\/media\/1001012141"}],"wp:attachment":[{"href":"https:\/\/grandepremio.com\/br\/wp-json\/wp\/v2\/media?parent=17055"}],"wp:term":[{"taxonomy":"category","embeddable":true,"href":"https:\/\/grandepremio.com\/br\/wp-json\/wp\/v2\/categories?post=17055"},{"taxonomy":"post_tag","embeddable":true,"href":"https:\/\/grandepremio.com\/br\/wp-json\/wp\/v2\/tags?post=17055"},{"taxonomy":"42wp_author","embeddable":true,"href":"https:\/\/grandepremio.com\/br\/wp-json\/wp\/v2\/42wp_author?post=17055"}],"curies":[{"name":"wp","href":"https:\/\/api.w.org\/{rel}","templated":true}]}}