{"id":17072,"date":"2025-09-25T02:54:31","date_gmt":"2025-09-25T05:54:31","guid":{"rendered":"https:\/\/grandepremio.com\/br\/noticias\/marc-marquez-flexibilidade-estilo-pilotagem-pontos-fortes\/"},"modified":"2025-09-25T06:43:45","modified_gmt":"2025-09-25T09:43:45","slug":"marc-marquez-flexibilidade-estilo-pilotagem-pontos-fortes","status":"publish","type":"post","link":"https:\/\/grandepremio.com\/br\/motogp\/marc-marquez-flexibilidade-estilo-pilotagem-pontos-fortes\/","title":{"rendered":"Marc M\u00e1rquez v\u00ea flexibilidade do estilo de pilotagem como \u201cum dos meus pontos fortes\u201d"},"content":{"rendered":"\n<p class=\"wp-block-paragraph\"><strong>Marc M\u00e1rquez<\/strong> apontou para a capacidade de adaptar o estilo de pilotagem a diferentes acertos e situa\u00e7\u00f5es como um de seus \u201cpontos fortes\u201d. O <strong>#93<\/strong> avaliou que a caracter\u00edstica \u00e9 importante ao longo das 22 etapas da temporada.<\/p>\n\n\n\n<p class=\"wp-block-paragraph\">Ao longo da temporada, M\u00e1rquez mostrou um encaixe perfeito com a <strong>GP25<\/strong>, algo que n\u00e3o aconteceu com <strong>Francesco Bagnaia <\/strong>e <strong>Fabio Di Giannantonio<\/strong>, que foram muito mais irregulares no campeonato.<\/p>\n\n\n\n<p class=\"wp-block-paragraph\">Assim, Marc chega ao GP do <strong>Jap\u00e3o <\/strong>deste fim de semana com 512 pontos no <strong>Mundial de Motovelocidade <\/strong>e, com 182 de frente para <strong>\u00c1lex M\u00e1rquez<\/strong>, tem a chance de definir o t\u00edtulo com cinco etapas de anteced\u00eancia, uma vez que precisa de apenas tr\u00eas pontos mais para fechar a conta.<\/p>\n\n\n\n<p class=\"wp-block-paragraph\">\u201cSim, um dos meus pontos fortes \u00e9 o estilo de pilotagem\u201d, disse Marc. \u201c\u00c9 como se, \u00e0s vezes, por exemplo, na Catalunha, na terceira volta do TL1, j\u00e1 fim [1min]39s1 e a\u00ed, durante o fim de semana, n\u00e3o consegui melhorar\u201d, seguiu.<\/p>\n\n\n\n<figure class=\"wp-block-image size-full\"><img decoding=\"async\" src=\"https:\/\/www.grandepremio.com\/br\/wp-content\/uploads\/2025\/09\/marc-marquez.jpg\" alt=\"\" class=\"wp-image-1008926\"\/><figcaption class=\"wp-element-caption\">Marc M\u00e1rquez destacou capacidade de adaptar estilo de pilotagem (Foto: Ducati)<\/figcaption><\/figure>\n\n\n\n<p class=\"wp-block-paragraph\"><strong>\u25b6\ufe0f&nbsp;Inscreva-se nos dois canais do GRANDE PR\u00caMIO no YouTube:&nbsp;<a href=\"https:\/\/www.youtube.com\/channel\/UC9OlHEgxoaY6QY6nWPoiqQg?sub_confirmation=1\" target=\"_blank\" rel=\"noreferrer noopener\">GP<\/a>&nbsp;|&nbsp;<a href=\"https:\/\/www.youtube.com\/channel\/UC9csiS6q_C3C0FYhyr1rnFA?sub_confirmation=1\" target=\"_blank\" rel=\"noreferrer noopener\">GP2<\/a><\/strong><\/p>\n\n\n\n<p class=\"wp-block-paragraph\">\u201cTenho essa facilidade de guiar de uma maneira diferente, com um acerto diferente, mas encontrando o mesmo tempo de volta. Tirando proveito dos meus pontos fortes no estilo de pilotagem e dos pontos fortes da moto\u201d, indicou. \u201cIsso \u00e9 algo muito importante ao longo dos 22 fins de semana de corrida\u201d, ponderou.<\/p>\n\n\n\n<p class=\"wp-block-paragraph\">A&nbsp;<strong><a href=\"https:\/\/grandepremio.com\/motovelocidade\/\" target=\"_blank\" rel=\"noreferrer noopener\">MotoGP<\/a>&nbsp;<\/strong>volta a acelerar entre os dias 26 a 28 de setembro, no&nbsp;<strong>GP do Jap\u00e3o<\/strong>, direto de&nbsp;<strong><a href=\"https:\/\/www.grandepremio.com\/br\/circuito\/motegi\/\" target=\"_blank\" rel=\"noreferrer noopener\">Motegi<\/a><\/strong>, 17\u00aa etapa da temporada 2025. O&nbsp;<strong>GRANDE PR\u00caMIO&nbsp;<\/strong>faz a cobertura completa do evento, assim como das outras classes do&nbsp;<strong>Mundial de&nbsp;<a href=\"https:\/\/www.grandepremio.com\/motovelocidade\/\">Motovelocidade<\/a><\/strong><a href=\"https:\/\/www.grandepremio.com\/motovelocidade\/\">&nbsp;<\/a>durante todo o ano.<\/p>\n\n\n\n<p class=\"wp-block-paragraph\">\u23f0&nbsp;<strong><a href=\"https:\/\/www.grandepremio.com\/br\/motogp\/noticias\/quais-horarios-gp-japao-motogp-2025\/\">Quais os hor\u00e1rios do GP do Jap\u00e3o da MotoGP 2025<\/a><\/strong><br>\ud83d\udcfa&nbsp;<strong><a href=\"https:\/\/www.grandepremio.com\/br\/motogp\/noticias\/onde-assistir-ao-vivo-gp-japao-motogp-2025\/\">Onde assistir&nbsp;<\/a><a href=\"https:\/\/formula1aovivo.com\/\" target=\"_blank\" rel=\"noreferrer noopener\">ao vivo<\/a><a href=\"https:\/\/www.grandepremio.com\/br\/motogp\/noticias\/onde-assistir-ao-vivo-gp-japao-motogp-2025\/\">&nbsp;ao GP do Jap\u00e3o de MotoGP 2025<\/a><\/strong><\/p>\n\n\n\n<figure class=\"wp-block-embed is-type-video is-provider-youtube wp-block-embed-youtube wp-embed-aspect-16-9 wp-has-aspect-ratio\"><div class=\"wp-block-embed__wrapper\">\n<iframe loading=\"lazy\" title=\"A HORA DO V4: YAMAHA P\u00d5E NOVA MOTO PARA JOGO EM MISANO | Paddock Sprint Moto\" width=\"500\" height=\"281\" src=\"https:\/\/www.youtube.com\/embed\/b_g7SpL1N0M?feature=oembed\" frameborder=\"0\" allow=\"accelerometer; autoplay; clipboard-write; encrypted-media; gyroscope; picture-in-picture; web-share\" referrerpolicy=\"strict-origin-when-cross-origin\" allowfullscreen><\/iframe>\n<\/div><\/figure>\n","protected":false},"excerpt":{"rendered":"<p>Marc M\u00e1rquez reconheceu que tem a facilidade de encontrar o mesmo tempo de volta, mesmo que precise guiar de maneiras diferentes<\/p>\n","protected":false},"author":0,"featured_media":1001010319,"comment_status":"closed","ping_status":"closed","sticky":false,"template":"","format":"standard","meta":{"42wp_featured_image_caption":"","42wp_featured_image_credits":"","42wp_featured_video":"","42wp_featured_image_hidden":false,"42wp_authors_list":[],"footnotes":""},"categories":[8],"tags":[5214,131,6513,2327,28285,3504,130,24855,24704,132,137,1300,2869,79,78,39739,42042,41956,42032,42033,25819,29345,32257,28766,307,42034,25667,26690,136,2984,41398,172],"42wp_author":[47113],"class_list":["post-17072","post","type-post","status-publish","format-standard","has-post-thumbnail","hentry","category-motogp","tag-classificacao-motogp","tag-ducati","tag-espn","tag-francesco-bagnaia","tag-grandepremio","tag-gresini","tag-honda","tag-japao","tag-jorge-martin","tag-ktm","tag-lcr","tag-marc-marquez","tag-motegi","tag-moto-gp","tag-motogp","tag-motogp-2025","tag-motogp-2025-calendario","tag-motogp-25","tag-motogp-calendario-2025","tag-motogp-classificacao-2025","tag-motogp-hoje","tag-motogp-horario","tag-motogp-sprint","tag-motogp-standings","tag-motor","tag-onde-assistir-motogp-2025","tag-pecco-bagnaia","tag-pilotos-motogp","tag-pramac","tag-sprint","tag-temporada-motogp","tag-yamaha","42wp_author-juliana-tesser"],"_links":{"self":[{"href":"https:\/\/grandepremio.com\/br\/wp-json\/wp\/v2\/posts\/17072","targetHints":{"allow":["GET"]}}],"collection":[{"href":"https:\/\/grandepremio.com\/br\/wp-json\/wp\/v2\/posts"}],"about":[{"href":"https:\/\/grandepremio.com\/br\/wp-json\/wp\/v2\/types\/post"}],"replies":[{"embeddable":true,"href":"https:\/\/grandepremio.com\/br\/wp-json\/wp\/v2\/comments?post=17072"}],"version-history":[{"count":0,"href":"https:\/\/grandepremio.com\/br\/wp-json\/wp\/v2\/posts\/17072\/revisions"}],"wp:featuredmedia":[{"embeddable":true,"href":"https:\/\/grandepremio.com\/br\/wp-json\/wp\/v2\/media\/1001010319"}],"wp:attachment":[{"href":"https:\/\/grandepremio.com\/br\/wp-json\/wp\/v2\/media?parent=17072"}],"wp:term":[{"taxonomy":"category","embeddable":true,"href":"https:\/\/grandepremio.com\/br\/wp-json\/wp\/v2\/categories?post=17072"},{"taxonomy":"post_tag","embeddable":true,"href":"https:\/\/grandepremio.com\/br\/wp-json\/wp\/v2\/tags?post=17072"},{"taxonomy":"42wp_author","embeddable":true,"href":"https:\/\/grandepremio.com\/br\/wp-json\/wp\/v2\/42wp_author?post=17072"}],"curies":[{"name":"wp","href":"https:\/\/api.w.org\/{rel}","templated":true}]}}