{"id":17073,"date":"2025-09-25T01:57:26","date_gmt":"2025-09-25T04:57:26","guid":{"rendered":"https:\/\/grandepremio.com\/br\/noticias\/marc-marquez-encarar-match-point-japao-mesmo-jeito-sempre\/"},"modified":"2025-09-25T06:43:56","modified_gmt":"2025-09-25T09:43:56","slug":"marc-marquez-encarar-match-point-japao-mesmo-jeito-sempre","status":"publish","type":"post","link":"https:\/\/grandepremio.com\/br\/motogp\/marc-marquez-encarar-match-point-japao-mesmo-jeito-sempre\/","title":{"rendered":"Marc M\u00e1rquez fala em encarar match-point no Jap\u00e3o \u201cdo mesmo jeito de sempre\u201d"},"content":{"rendered":"\n<p class=\"wp-block-paragraph\"><strong>Marc M\u00e1rquez<\/strong> n\u00e3o pensa em mudar o estilo de trabalho para o GP do <strong>Jap\u00e3o <\/strong>deste domingo (28). O <strong>#93<\/strong> mira encarar o fim de semana em <strong>Motegi <\/strong>\u201cdo mesmo jeito de sempre\u201d.<\/p>\n\n\n\n<p class=\"wp-block-paragraph\">A passagem pelo territ\u00f3rio japon\u00eas, por\u00e9m, \u00e9 diferente de todas as outras. Afinal, o espanhol chega ao <strong>Jap\u00e3o <\/strong>com o primeiro match-point do nono t\u00edtulo no <strong>Mundial de Motovelocidade<\/strong> \u2015 o s\u00e9timo na classe rainha.<\/p>\n\n\n\n<p class=\"wp-block-paragraph\">Com 512 pontos no <strong>Mundial de Pilotos<\/strong>, Marc tem 182 de frente para <strong>\u00c1lex M\u00e1rquez<\/strong>, o vice-l\u00edder e o \u00fanico ainda com chances matem\u00e1ticas de t\u00edtulo. No entanto, o mais velho dos irm\u00e3os de <strong>Cervera <\/strong>precisa de s\u00f3 mais tr\u00eas pontos para fechar a conta com cinco etapas de anteced\u00eancia.<\/p>\n\n\n\n<p class=\"wp-block-paragraph\">\u201cChegamos aqui depois de outra \u00f3tima corrida em <strong>Misano <\/strong>e, no geral, de um teste positivo\u201d, disse Marc. \u201cSer\u00e1 uma semana especial. A atmosfera no Jap\u00e3o \u00e9 sempre \u00fanica, e eu realmente gosto da pista\u201d, seguiu.<\/p>\n\n\n\n<figure class=\"wp-block-image size-full\"><img decoding=\"async\" src=\"https:\/\/www.grandepremio.com\/br\/wp-content\/uploads\/2025\/09\/AFP__20250905__73J92EV__v1__MidRes__MotoPrixEspCatalunyaPractice.jpg\" alt=\"\" class=\"wp-image-1009579\"\/><figcaption class=\"wp-element-caption\">Marc M\u00e1rquez pode conquistar o t\u00edtulo neste domingo (Foto: AFP)<\/figcaption><\/figure>\n\n\n\n<p class=\"wp-block-paragraph\"><strong>\u25b6\ufe0f&nbsp;Inscreva-se nos dois canais do GRANDE PR\u00caMIO no YouTube:&nbsp;<a href=\"https:\/\/www.youtube.com\/channel\/UC9OlHEgxoaY6QY6nWPoiqQg?sub_confirmation=1\" target=\"_blank\" rel=\"noreferrer noopener\">GP<\/a>&nbsp;|&nbsp;<a href=\"https:\/\/www.youtube.com\/channel\/UC9csiS6q_C3C0FYhyr1rnFA?sub_confirmation=1\" target=\"_blank\" rel=\"noreferrer noopener\">GP2<\/a><\/strong><\/p>\n\n\n\n<p class=\"wp-block-paragraph\">\u201cVamos encarar as duas corridas da forma que fizemos at\u00e9 aqui, do mesmo jeito de sempre\u201d, garantiu. \u201cPasso a passo, trabalhando desde sexta-feira para sermos competitivos na sprint e no GP\u201d, encerrou.<\/p>\n\n\n\n<p class=\"wp-block-paragraph\">A&nbsp;<strong><a href=\"https:\/\/grandepremio.com\/motovelocidade\/\" target=\"_blank\" rel=\"noreferrer noopener\">MotoGP<\/a>&nbsp;<\/strong>volta a acelerar entre os dias 26 a 28 de setembro, no&nbsp;<strong>GP do Jap\u00e3o<\/strong>, direto de&nbsp;<strong><a href=\"https:\/\/www.grandepremio.com\/br\/circuito\/motegi\/\" target=\"_blank\" rel=\"noreferrer noopener\">Motegi<\/a><\/strong>, 17\u00aa etapa da temporada 2025. O&nbsp;<strong>GRANDE PR\u00caMIO&nbsp;<\/strong>faz a cobertura completa do evento, assim como das outras classes do&nbsp;<strong>Mundial de&nbsp;<a href=\"https:\/\/www.grandepremio.com\/motovelocidade\/\">Motovelocidade<\/a><\/strong><a href=\"https:\/\/www.grandepremio.com\/motovelocidade\/\">&nbsp;<\/a>durante todo o ano.<\/p>\n\n\n\n<p class=\"wp-block-paragraph\">\u23f0&nbsp;<strong><a href=\"https:\/\/www.grandepremio.com\/br\/motogp\/noticias\/quais-horarios-gp-japao-motogp-2025\/\">Quais os hor\u00e1rios do GP do Jap\u00e3o da MotoGP 2025<\/a><\/strong><br>\ud83d\udcfa&nbsp;<strong><a href=\"https:\/\/www.grandepremio.com\/br\/motogp\/noticias\/onde-assistir-ao-vivo-gp-japao-motogp-2025\/\">Onde assistir&nbsp;<\/a><a href=\"https:\/\/formula1aovivo.com\/\" target=\"_blank\" rel=\"noreferrer noopener\">ao vivo<\/a><a href=\"https:\/\/www.grandepremio.com\/br\/motogp\/noticias\/onde-assistir-ao-vivo-gp-japao-motogp-2025\/\">&nbsp;ao GP do Jap\u00e3o de MotoGP 2025<\/a><\/strong><\/p>\n\n\n\n<figure class=\"wp-block-embed is-type-video is-provider-youtube wp-block-embed-youtube wp-embed-aspect-16-9 wp-has-aspect-ratio\"><div class=\"wp-block-embed__wrapper\">\n<iframe loading=\"lazy\" title=\"A HORA DO V4: YAMAHA P\u00d5E NOVA MOTO PARA JOGO EM MISANO | Paddock Sprint Moto\" width=\"500\" height=\"281\" src=\"https:\/\/www.youtube.com\/embed\/b_g7SpL1N0M?feature=oembed\" frameborder=\"0\" allow=\"accelerometer; autoplay; clipboard-write; encrypted-media; gyroscope; picture-in-picture; web-share\" referrerpolicy=\"strict-origin-when-cross-origin\" allowfullscreen><\/iframe>\n<\/div><\/figure>\n","protected":false},"excerpt":{"rendered":"<p>Diante da primeira chance de definir o t\u00edtulo de 2025, Marc M\u00e1rquez quer manter a mesma linha de trabalho, atuando passo a passo para ser competitivo nas duas corridas<\/p>\n","protected":false},"author":0,"featured_media":1001012166,"comment_status":"closed","ping_status":"closed","sticky":false,"template":"","format":"standard","meta":{"42wp_featured_image_caption":"","42wp_featured_image_credits":"","42wp_featured_video":"","42wp_featured_image_hidden":false,"42wp_authors_list":[],"footnotes":""},"categories":[8],"tags":[5214,131,6513,2327,28285,3504,130,24855,24704,132,137,1300,2869,79,78,39739,42042,41956,42032,42033,25819,29345,32257,28766,307,42034,25667,26690,136,2984,41398,172],"42wp_author":[47113],"class_list":["post-17073","post","type-post","status-publish","format-standard","has-post-thumbnail","hentry","category-motogp","tag-classificacao-motogp","tag-ducati","tag-espn","tag-francesco-bagnaia","tag-grandepremio","tag-gresini","tag-honda","tag-japao","tag-jorge-martin","tag-ktm","tag-lcr","tag-marc-marquez","tag-motegi","tag-moto-gp","tag-motogp","tag-motogp-2025","tag-motogp-2025-calendario","tag-motogp-25","tag-motogp-calendario-2025","tag-motogp-classificacao-2025","tag-motogp-hoje","tag-motogp-horario","tag-motogp-sprint","tag-motogp-standings","tag-motor","tag-onde-assistir-motogp-2025","tag-pecco-bagnaia","tag-pilotos-motogp","tag-pramac","tag-sprint","tag-temporada-motogp","tag-yamaha","42wp_author-juliana-tesser"],"_links":{"self":[{"href":"https:\/\/grandepremio.com\/br\/wp-json\/wp\/v2\/posts\/17073","targetHints":{"allow":["GET"]}}],"collection":[{"href":"https:\/\/grandepremio.com\/br\/wp-json\/wp\/v2\/posts"}],"about":[{"href":"https:\/\/grandepremio.com\/br\/wp-json\/wp\/v2\/types\/post"}],"replies":[{"embeddable":true,"href":"https:\/\/grandepremio.com\/br\/wp-json\/wp\/v2\/comments?post=17073"}],"version-history":[{"count":0,"href":"https:\/\/grandepremio.com\/br\/wp-json\/wp\/v2\/posts\/17073\/revisions"}],"wp:featuredmedia":[{"embeddable":true,"href":"https:\/\/grandepremio.com\/br\/wp-json\/wp\/v2\/media\/1001012166"}],"wp:attachment":[{"href":"https:\/\/grandepremio.com\/br\/wp-json\/wp\/v2\/media?parent=17073"}],"wp:term":[{"taxonomy":"category","embeddable":true,"href":"https:\/\/grandepremio.com\/br\/wp-json\/wp\/v2\/categories?post=17073"},{"taxonomy":"post_tag","embeddable":true,"href":"https:\/\/grandepremio.com\/br\/wp-json\/wp\/v2\/tags?post=17073"},{"taxonomy":"42wp_author","embeddable":true,"href":"https:\/\/grandepremio.com\/br\/wp-json\/wp\/v2\/42wp_author?post=17073"}],"curies":[{"name":"wp","href":"https:\/\/api.w.org\/{rel}","templated":true}]}}