{"id":17109,"date":"2025-09-23T16:51:36","date_gmt":"2025-09-23T19:51:36","guid":{"rendered":"https:\/\/grandepremio.com\/br\/noticias\/gp-sao-paulo-anuncia-shows-thiaguinho-matheus-kauan-fanzone-2025\/"},"modified":"2025-09-23T16:54:33","modified_gmt":"2025-09-23T19:54:33","slug":"gp-sao-paulo-anuncia-shows-thiaguinho-matheus-kauan-fanzone-2025","status":"publish","type":"post","link":"https:\/\/grandepremio.com\/br\/f1\/gp-sao-paulo-anuncia-shows-thiaguinho-matheus-kauan-fanzone-2025\/","title":{"rendered":"GP de S\u00e3o Paulo anuncia shows de Thiaguinho e Matheus &amp; Kauan para Fanzone 2025"},"content":{"rendered":"\n<p class=\"wp-block-paragraph\">O <strong>GP de S\u00e3o Paulo<\/strong> divulgou nesta ter\u00e7a-feira (23) informa\u00e7\u00f5es sobre a <strong>Fanzone<\/strong>, espa\u00e7o dedicado ao lazer do p\u00fablico, que ser\u00e1 instalada pela segunda vez em Interlagos no fim de semana da etapa brasileira. Entre as atra\u00e7\u00f5es, est\u00e1 a dupla sertaneja <strong>Matheus &amp; Kauan<\/strong>, que far\u00e3o um show no s\u00e1bado (8 de novembro), al\u00e9m de<strong> Thiaguinho<\/strong>, que sobe ao palco no dia seguinte.<\/p>\n\n\n\n<p class=\"wp-block-paragraph\">Al\u00e9m dos artistas j\u00e1 citados, a programa\u00e7\u00e3o musical do evento ser\u00e1 embalada por apresenta\u00e7\u00f5es de DJs de diferentes estilos, ao longo dos tr\u00eas dias do GP de S\u00e3o Paulo. O primeiro nome confirmado \u00e9 o do holand\u00eas <strong>DJ Admin<\/strong>. A atra\u00e7\u00e3o principal de sexta-feira (7 de novembro) ainda n\u00e3o foi divulgada.<\/p>\n\n\n\n<p class=\"wp-block-paragraph\">Assim como em 2024, a estrutura ser\u00e1 montada no <strong>kart\u00f3dromo Ayrton Senna<\/strong>, adjacente ao circuito, e <a href=\"https:\/\/www.eventim.com.br\/campaign\/f1saopaulo\">a venda de ingressos j\u00e1 est\u00e1 aberta na Eventim<\/a>. O pre\u00e7o \u00e9 de R$ 580 por um ingresso v\u00e1lido para os tr\u00eas dias, com meia-entrada a R$ 290.<\/p>\n\n\n\n<p class=\"wp-block-paragraph\">Al\u00e9m dos shows, o p\u00fablico que for \u00e0 Fanzone ter\u00e1 direito a acompanhar conversas com pilotos e chefes de equipe, al\u00e9m dos tradicionais simuladores de F1 e outras atra\u00e7\u00f5es, como o \u2018<strong>Pit Stop Challenge<\/strong>\u2019. Nas manh\u00e3s de sexta e s\u00e1bado, o espa\u00e7o recebe o \u2018<strong>Driver\u2019s Engagement<\/strong>\u2019, com pilotos concedendo entrevistas ao vivo no local.<\/p>\n\n\n\n<figure class=\"wp-block-image size-large\"><img decoding=\"async\" src=\"https:\/\/www.grandepremio.com\/br\/wp-content\/uploads\/2024\/11\/sao-paulo-brasil-interlagos-2024-f1-corrida-largada-01-1200x675.jpg\" alt=\"\" class=\"wp-image-892131\"\/><figcaption class=\"wp-element-caption\">GP de S\u00e3o Paulo ter\u00e1 segunda edi\u00e7\u00e3o da Fanzone em 2025 (Foto: Reprodu\u00e7\u00e3o\/F1)<\/figcaption><\/figure>\n\n\n\n<p class=\"wp-block-paragraph\">A novidade para a edi\u00e7\u00e3o de 2025 da Fanzone \u00e9 o &#8216;<strong>Papo de Grid<\/strong>&#8216;, espa\u00e7o que re\u00fane jornalistas, influenciadores, chefes de equipe e personalidades do automobilismo em conversas sobre os bastidores e curiosidades da F1.<\/p>\n\n\n\n<p class=\"wp-block-paragraph\">Tel\u00f5es ser\u00e3o instalados na \u00e1rea para que o p\u00fablico assista a todas as sess\u00f5es do fim de semana, que ser\u00e1 composto por um treino livre, duas classifica\u00e7\u00f5es e duas corridas \u2014 sprint e principal. Al\u00e9m disso, a \u00e1rea dedicada aos f\u00e3s ter\u00e1 pontos pr\u00f3prios de venda de alimentos, bebidas e produtos licenciados da F\u00f3rmula 1.<\/p>\n\n\n\n<p class=\"wp-block-paragraph\">\u25b6\ufe0f\u00a0<strong>Inscreva-se nos dois canais do GRANDE PR\u00caMIO no YouTube:\u00a0<a href=\"https:\/\/www.youtube.com\/channel\/UC9OlHEgxoaY6QY6nWPoiqQg?sub_confirmation=1\" target=\"_blank\" rel=\"noreferrer noopener\">GP<\/a>\u00a0|\u00a0<a href=\"https:\/\/www.youtube.com\/channel\/UC9csiS6q_C3C0FYhyr1rnFA?sub_confirmation=1\" target=\"_blank\" rel=\"noreferrer noopener\">GP2<\/a><\/strong><br>\u25b6\ufe0f\u00a0<strong>LEIA MAIS:\u00a0<a href=\"https:\/\/www.grandepremio.com\/br\/f1\/noticias\/da-para-sonhar-max-verstappen-precisa-bater-mclaren-ser-campeao-f1-2025\/\">D\u00e1 para sonhar? O que Verstappen precisa para ser campe\u00e3o em 2025<\/a><\/strong><\/p>\n\n\n\n<p class=\"wp-block-paragraph\">A\u00a0<a href=\"https:\/\/www.grandepremio.com\/br\/f1\/\" target=\"_blank\" rel=\"noreferrer noopener\"><\/a><strong><a href=\"https:\/\/www.grandepremio.com\/br\/f1\/\" target=\"_blank\" rel=\"noreferrer noopener\">F\u00f3rmula 1<\/a><\/strong>\u00a0ter\u00e1 um fim de semana de descanso at\u00e9 a pr\u00f3xima etapa da temporada. Carros e pilotos voltam \u00e0s pistas entre os dias\u00a0<strong>3 e 5 de outubro<\/strong>, para o\u00a0<strong>GP de Singapura<\/strong>, com cobertura completa do\u00a0<strong>GRANDE PR\u00caMIO<\/strong>.<\/p>\n\n\n\n<figure class=\"wp-block-embed is-type-video is-provider-youtube wp-block-embed-youtube wp-embed-aspect-16-9 wp-has-aspect-ratio\"><div class=\"wp-block-embed__wrapper\">\n<iframe loading=\"lazy\" title=\"COMO VERSTAPPEN PODE SER CAMPE\u00c3O E PIASTRI SENTIU A PRESS\u00c3O | Paddock GP [grande premio]\" width=\"500\" height=\"281\" src=\"https:\/\/www.youtube.com\/embed\/cC-WbuKA-Ow?feature=oembed\" frameborder=\"0\" allow=\"accelerometer; autoplay; clipboard-write; encrypted-media; gyroscope; picture-in-picture; web-share\" referrerpolicy=\"strict-origin-when-cross-origin\" allowfullscreen><\/iframe>\n<\/div><\/figure>\n","protected":false},"excerpt":{"rendered":"<p>Segunda edi\u00e7\u00e3o da Fanzone no GP de S\u00e3o Paulo ter\u00e1 shows de Thiaguinho, Matheus &#038; Kauan, al\u00e9m de ativa\u00e7\u00f5es junto ao p\u00fablico que incluem simuladores, entrevistas e outras atividades<\/p>\n","protected":false},"author":0,"featured_media":1000890764,"comment_status":"closed","ping_status":"closed","sticky":false,"template":"","format":"standard","meta":{"42wp_featured_image_caption":"","42wp_featured_image_credits":"","42wp_featured_video":"","42wp_featured_image_hidden":false,"42wp_authors_list":[],"footnotes":""},"categories":[2],"tags":[5660,969,147,3630,642,160,180,3628,26680,1491,30103,28285,124,44101,32942],"42wp_author":[47163],"class_list":["post-17109","post","type-post","status-publish","format-standard","has-post-thumbnail","hentry","category-f1","tag-classificacao","tag-corrida","tag-f1","tag-f1-2025","tag-f1-ao-vivo","tag-f1-tv","tag-formula-1","tag-formula-1-2025","tag-gp-de-sao-paulo","tag-grande-premio","tag-grande-premio-f1","tag-grandepremio","tag-interlagos","tag-interlagos-2025","tag-interlagos-f1","42wp_author-caio-cavalcante"],"_links":{"self":[{"href":"https:\/\/grandepremio.com\/br\/wp-json\/wp\/v2\/posts\/17109","targetHints":{"allow":["GET"]}}],"collection":[{"href":"https:\/\/grandepremio.com\/br\/wp-json\/wp\/v2\/posts"}],"about":[{"href":"https:\/\/grandepremio.com\/br\/wp-json\/wp\/v2\/types\/post"}],"replies":[{"embeddable":true,"href":"https:\/\/grandepremio.com\/br\/wp-json\/wp\/v2\/comments?post=17109"}],"version-history":[{"count":0,"href":"https:\/\/grandepremio.com\/br\/wp-json\/wp\/v2\/posts\/17109\/revisions"}],"wp:featuredmedia":[{"embeddable":true,"href":"https:\/\/grandepremio.com\/br\/wp-json\/wp\/v2\/media\/1000890764"}],"wp:attachment":[{"href":"https:\/\/grandepremio.com\/br\/wp-json\/wp\/v2\/media?parent=17109"}],"wp:term":[{"taxonomy":"category","embeddable":true,"href":"https:\/\/grandepremio.com\/br\/wp-json\/wp\/v2\/categories?post=17109"},{"taxonomy":"post_tag","embeddable":true,"href":"https:\/\/grandepremio.com\/br\/wp-json\/wp\/v2\/tags?post=17109"},{"taxonomy":"42wp_author","embeddable":true,"href":"https:\/\/grandepremio.com\/br\/wp-json\/wp\/v2\/42wp_author?post=17109"}],"curies":[{"name":"wp","href":"https:\/\/api.w.org\/{rel}","templated":true}]}}